{"id":18575,"date":"2024-11-27T16:44:54","date_gmt":"2024-11-27T16:44:54","guid":{"rendered":"https:\/\/www.berti.net\/magazine\/los-beneficios-de-la-madera-el-bienestar-fisico-y-psicologico-que-aporta-el-parquet\/"},"modified":"2025-05-19T09:25:57","modified_gmt":"2025-05-19T09:25:57","slug":"los-beneficios-de-la-madera-el-bienestar-fisico-y-psicologico-que-aporta-el-parquet","status":"publish","type":"post","link":"https:\/\/berti.net\/es\/magazine\/los-beneficios-de-la-madera-el-bienestar-fisico-y-psicologico-que-aporta-el-parquet\/","title":{"rendered":"Los beneficios de la madera: el bienestar f\u00edsico y psicol\u00f3gico que aporta el parquet"},"content":{"rendered":"\n<div class=\"wp-block-group post-detail-pattern is-container has-base-2-color has-contrast-background-color has-text-color has-background has-link-color wp-elements-f106f93e9313a50d2a460fb6c34d0513 has-global-padding is-layout-constrained wp-block-group-is-layout-constrained\" style=\"margin-top:0;margin-bottom:0;padding-top:var(--wp--preset--spacing--70);padding-bottom:var(--wp--preset--spacing--70)\">\n<div class=\"wp-block-columns alignwide is-layout-flex wp-container-core-columns-is-layout-d125203f wp-block-columns-is-layout-flex\" style=\"margin-bottom:var(--wp--preset--spacing--50)\">\n<div class=\"wp-block-column is-vertically-aligned-stretch is-layout-flow wp-block-column-is-layout-flow\" style=\"padding-right:0;flex-basis:50%\">\n<div class=\"wp-block-group is-vertical is-content-justification-stretch is-layout-flex wp-container-core-group-is-layout-e9e70883 wp-block-group-is-layout-flex\" style=\"min-height:100%\">\n<div class=\"wp-block-group post-categories is-nowrap is-layout-flex wp-container-core-group-is-layout-3155b93e wp-block-group-is-layout-flex\" style=\"margin-top:var(--wp--preset--spacing--20);font-size:11px\">\n<p>Revista \/<\/p>\n\n\n<div class=\"taxonomy-category wp-block-post-terms\"><a href=\"https:\/\/berti.net\/es\/magazine\/category\/productos\/\" rel=\"tag\">Productos<\/a><\/div><\/div>\n\n\n<div style=\"font-style:normal;font-weight:600;text-transform:uppercase;\" class=\"has-link-color wp-elements-32859cd979b45056895d81c5660c23a0 wp-block-post-date has-text-color has-base-color has-s-font-size\"><time datetime=\"2024-11-27T16:44:54+00:00\">27 November 2024<\/time><\/div>\n\n\n<h1 class=\"wp-block-heading post-title animated fadeIn\">Los beneficios de la madera: el bienestar f\u00edsico y psicol\u00f3gico que aporta el parquet<\/h1>\n\n\n\n<h2 class=\"wp-block-heading post-subtitle animated fadeIn\" style=\"margin-bottom:var(--wp--preset--spacing--20)\">Optar por la madera para el parquet de tu casa u oficina no es s\u00f3lo una elecci\u00f3n est\u00e9tica y elegante. En realidad, la madera aporta una larga lista de beneficios a la psique y el cuerpo de quienes conviven a diario con ella.   <\/h2>\n\n\n\n<h2 class=\"wp-block-heading\">Madera y salud psicol\u00f3gica<\/h2>\n\n\n\n<p class=\"animated fadeIn has-s-font-size\" style=\"margin-bottom:var(--wp--preset--spacing--10);line-height:1.5\">Del parquet claro al oscuro, el roble natural se adapta a todos los estilos de decoraci\u00f3n. As\u00ed, en <strong>Casa Angiolina<\/strong>, el color del parqu\u00e9 de roble preacabado Neutro, con su c\u00e1lido tono miel, define las estancias, creando contraste y armon\u00eda del conjunto, realzando las elegantes decoraciones para un resultado final sobrio y contempor\u00e1neo. Anteriormente un espacio de oficinas y ahora un refinado piso en la quinta planta de un edificio hist\u00f3rico situado en el coraz\u00f3n de la ciudad napolitana, este proyecto de renovaci\u00f3n, comisariado por el equipo de <strong>FADD<\/strong> Arquitectos, fue dise\u00f1ado para una joven pareja con un hijo.  <\/p>\n\n\n\n<p class=\"animated fadeIn has-s-font-size\" style=\"margin-bottom:var(--wp--preset--spacing--10);line-height:1.5\">Entre los beneficios para la mente del propietario de un suelo de madera est\u00e1n, sin duda:<\/p>\n\n\n\n<ul class=\"wp-block-list\">\n<li style=\"line-height:1.5\" class=\"has-s-font-size\"><strong>Reducci\u00f3n del estr\u00e9s y de la frecuencia cardiaca<\/strong>: Instituciones como la Universidad de Columbia Brit\u00e1nica y el Instituto FPInnovations han demostrado mediante estudios que el contacto visual y f\u00edsico con superficies de madera reduce los niveles de estr\u00e9s percibido, disminuye la frecuencia cardiaca y ayuda a estabilizar la tensi\u00f3n arterial. Son efectos que no distan mucho de los que se encuentran con el <strong>contacto con la naturaleza<\/strong>, porque la madera trae consigo el<strong>&#8221;efecto biof\u00edlico<\/strong>&#8221;, es decir, la <strong>conexi\u00f3n instintiva entre los seres humanos y los elementos naturales<\/strong>, un concepto seguramente derivado de nuestra evoluci\u00f3n. <\/li>\n\n\n\n<li style=\"line-height:1.5\" class=\"has-s-font-size\"><strong>Mejora del estado de \u00e1nimo y la concentraci\u00f3n<\/strong>: los ambientes interiores en los que se utiliza un suelo de parquet de madera, especialmente cuando se combina con muebles y\/u otros acabados naturales, aumentan los beneficios y el <strong>bienestar emocional<\/strong>. Esto se debe a que la <strong>fotos\u00edntesis<\/strong> que realizan los \u00e1rboles mientras est\u00e1n en la naturaleza permite que las fibras de madera, acumuladas precisamente durante el proceso, <strong>retengan energ\u00eda solar y materiales org\u00e1nicos<\/strong> que afectan positivamente a nuestro organismo. Esto se transforma en una sensaci\u00f3n de acogimiento y estabilidad, lo que hace que la madera sea especialmente adecuada para espacios habitables, escuelas y oficinas.  <\/li>\n\n\n\n<li style=\"line-height:1.5\" class=\"has-s-font-size\"><strong>Aire m\u00e1s limpio<\/strong>: la madera tambi\u00e9n es conocida por ser un material higrosc\u00f3pico, es decir, capaz de absorber la humedad del ambiente y contribuir as\u00ed a la <strong>regulaci\u00f3n del microclima <\/strong>interior. Adem\u00e1s, puede <strong>filtrar las sustancias t\u00f3xicas<\/strong> del aire, mejorando la calidad general de los espacios vitales. <\/li>\n<\/ul>\n\n\n\n<hr class=\"wp-block-separator has-alpha-channel-opacity\"\/>\n\n\n\n<h3 class=\"wp-block-heading\">Paralelismo con la psicolog\u00eda del entorno crom\u00e1tico<\/h3>\n\n\n\n<p class=\"animated fadeIn has-s-font-size\" style=\"margin-bottom:var(--wp--preset--spacing--10);line-height:1.5\">Las propiedades de la madera pueden relacionarse con la elecci\u00f3n de colores para paredes o habitaciones enteras <strong>en lugares p\u00fablicos <\/strong>como hospitales y escuelas. Al igual que ciertos colores espec\u00edficos, como <strong>el verde<\/strong>, el <strong>azul<\/strong> y el <strong>amarillo<\/strong>, se <strong>utilizan para crear un ambiente tranquilo<\/strong> y mejorar la concentraci\u00f3n, la madera genera una sensaci\u00f3n de naturalidad y serenidad. En contextos educativos, como ha demostrado la investigaci\u00f3n en psicolog\u00eda ambiental, el<strong>uso de materiales naturales<\/strong> y tonos c\u00e1lidos <strong>estimula la creatividad y reduce el estr\u00e9s<\/strong> de los alumnos <strong>.<\/strong>   <\/p>\n\n\n\n<p class=\"animated fadeIn has-s-font-size\" style=\"margin-bottom:var(--wp--preset--spacing--10);line-height:1.5\">Por tanto, estos estudios ponen de manifiesto <strong>hasta qu\u00e9 punto el entorno con el que convivimos a diario afecta a nuestro bienestar psicof\u00edsico<\/strong>. En todo el mundo se utiliza desde hace d\u00e9cadas la misma estrategia en los espacios p\u00fablicos, precisamente porque ya se conocen los beneficios que los colores aportan a la psique. Por el mismo proceso, la madera, con sus tonos c\u00e1lidos y su textura que asociamos naturalmente con la naturaleza, tambi\u00e9n nos aportar\u00eda los beneficios mentales y psicol\u00f3gicos comentados en el p\u00e1rrafo anterior.  <br\/><strong>Si quieres profundizar en este tema<\/strong>, puedes hacerlo <a href=\"https:\/\/neurolaunch.com\/psychological-effects-of-color-on-human-behavior\/\" target=\"_blank\" rel=\"noopener\"><span style=\"text-decoration: underline;\">aqu\u00ed<\/span><\/a>un art\u00edculo cient\u00edfico sobre el comportamiento humano en contacto con los colores y el medio ambiente.<\/p>\n\n\n\n<hr class=\"wp-block-separator has-alpha-channel-opacity\"\/>\n\n\n\n<h3 class=\"wp-block-heading\">Beneficios f\u00edsicos del contacto con la madera  <\/h3>\n\n\n\n<ul class=\"wp-block-list\">\n<li style=\"line-height:1.5\" class=\"has-s-font-size\"><strong>Reducci\u00f3n de la electricidad est\u00e1tica:<\/strong> a diferencia de los materiales sint\u00e9ticos como el PVC, la madera no se carga electrost\u00e1ticamente, de hecho es un aislante el\u00e9ctrico, por lo que contribuye a un mayor confort, especialmente para los al\u00e9rgicos.<\/li>\n\n\n\n<li style=\"line-height:1.5\" class=\"has-s-font-size\"><strong>Efectos t\u00e1ctiles beneficiosos:<\/strong> los estudios demuestran que caminar descalzo sobre un suelo de madera proporciona una sensaci\u00f3n agradable, \u00fanica y relajante, adem\u00e1s de calidez. De hecho, se sabe que los suelos de parqu\u00e9 mantienen una temperatura generalmente m\u00e1s suave que los de cer\u00e1mica o PVC.   <\/li>\n\n\n\n<li style=\"line-height:1.5\" class=\"has-s-font-size\"><strong>Est\u00e9tica atemporal:<\/strong> poseer un suelo de madera mejora la percepci\u00f3n de la calidad de los espacios al ser superficies naturales que aportan calidez visual y f\u00edsica.<\/li>\n<\/ul>\n\n\n\n<p class=\"animated fadeIn has-s-font-size\" style=\"margin-bottom:var(--wp--preset--spacing--10);line-height:1.6\"><strong>Tambi\u00e9n te puede interesar <\/strong><a href=\"https:\/\/www.berti.net\/es\/magazine\/parquet-berti-el-bienestar-a-tus-pies\/\"><span style=\"text-decoration: underline;\">Parquet Berti: bienestar a tus pies<\/span><\/a><\/p>\n<\/div>\n<\/div>\n\n\n\n<div class=\"wp-block-column is-layout-flow wp-container-core-column-is-layout-22223934 wp-block-column-is-layout-flow\" style=\"flex-basis:50%\">\n<figure class=\"wp-block-image size-full is-style-default animated fadeIn\"><img loading=\"lazy\" decoding=\"async\" width=\"653\" height=\"871\" src=\"https:\/\/www.berti.net\/wp-content\/uploads\/rivestimento-in-legno-pentagon_ambientata.jpg\" alt=\"\" class=\"wp-image-16822\" srcset=\"https:\/\/berti.net\/wp-content\/uploads\/rivestimento-in-legno-pentagon_ambientata.jpg 653w, https:\/\/berti.net\/wp-content\/uploads\/rivestimento-in-legno-pentagon_ambientata-609x812.jpg 609w\" sizes=\"auto, (max-width: 653px) 100vw, 653px\" \/><\/figure>\n\n\n\n<figure class=\"wp-block-image size-full is-style-default animated fadeIn\"><img loading=\"lazy\" decoding=\"async\" width=\"800\" height=\"1206\" src=\"https:\/\/www.berti.net\/wp-content\/uploads\/2012\/11\/Backstage-BertiStudio-Rov-Naturalizzato_11.jpg\" alt=\"\" class=\"wp-image-10059\" srcset=\"https:\/\/berti.net\/wp-content\/uploads\/2012\/11\/Backstage-BertiStudio-Rov-Naturalizzato_11.jpg 800w, https:\/\/berti.net\/wp-content\/uploads\/2012\/11\/Backstage-BertiStudio-Rov-Naturalizzato_11-539x812.jpg 539w, https:\/\/berti.net\/wp-content\/uploads\/2012\/11\/Backstage-BertiStudio-Rov-Naturalizzato_11-768x1158.jpg 768w\" sizes=\"auto, (max-width: 800px) 100vw, 800px\" \/><\/figure>\n\n\n\n<figure class=\"wp-block-image size-full is-style-default animated fadeIn\"><img loading=\"lazy\" decoding=\"async\" width=\"794\" height=\"1123\" src=\"https:\/\/www.berti.net\/wp-content\/uploads\/2014\/02\/Berti-Pavimenti-Legno-Parquet-tavole-multistrato.jpg\" alt=\"\" class=\"wp-image-8878\" srcset=\"https:\/\/berti.net\/wp-content\/uploads\/2014\/02\/Berti-Pavimenti-Legno-Parquet-tavole-multistrato.jpg 794w, https:\/\/berti.net\/wp-content\/uploads\/2014\/02\/Berti-Pavimenti-Legno-Parquet-tavole-multistrato-212x300.jpg 212w, https:\/\/berti.net\/wp-content\/uploads\/2014\/02\/Berti-Pavimenti-Legno-Parquet-tavole-multistrato-724x1024.jpg 724w, https:\/\/berti.net\/wp-content\/uploads\/2014\/02\/Berti-Pavimenti-Legno-Parquet-tavole-multistrato-768x1086.jpg 768w\" sizes=\"auto, (max-width: 794px) 100vw, 794px\" \/><\/figure>\n<\/div>\n<\/div>\n\n\n\n<div class=\"wp-block-group post-categories has-global-padding is-content-justification-left is-layout-constrained wp-container-core-group-is-layout-836d34cb wp-block-group-is-layout-constrained\" style=\"margin-top:var(--wp--preset--spacing--70);font-size:11px\">\n<div class=\"wp-block-group is-content-justification-center is-nowrap is-layout-flex wp-container-core-group-is-layout-60758a6d wp-block-group-is-layout-flex\">\n<p>Revista \/<\/p>\n\n\n<div class=\"taxonomy-category wp-block-post-terms\"><a href=\"https:\/\/berti.net\/es\/magazine\/category\/productos\/\" rel=\"tag\">Productos<\/a><\/div><\/div>\n<\/div>\n<\/div>\n","protected":false},"excerpt":{"rendered":"<p>Revista \/ Los beneficios de la madera: el bienestar f\u00edsico y psicol\u00f3gico que aporta el parquet Optar por la madera para el parquet de tu casa u oficina no es s\u00f3lo una elecci\u00f3n est\u00e9tica y elegante. En realidad, la madera aporta una larga lista de beneficios a la psique y el cuerpo de quienes conviven a diario con ella. Madera [&hellip;]<\/p>\n","protected":false},"author":11,"featured_media":18580,"comment_status":"closed","ping_status":"closed","sticky":false,"template":"","format":"standard","meta":{"footnotes":""},"categories":[108],"tags":[],"class_list":["post-18575","post","type-post","status-publish","format-standard","has-post-thumbnail","hentry","category-productos"],"_links":{"self":[{"href":"https:\/\/berti.net\/es\/wp-json\/wp\/v2\/posts\/18575","targetHints":{"allow":["GET"]}}],"collection":[{"href":"https:\/\/berti.net\/es\/wp-json\/wp\/v2\/posts"}],"about":[{"href":"https:\/\/berti.net\/es\/wp-json\/wp\/v2\/types\/post"}],"author":[{"embeddable":true,"href":"https:\/\/berti.net\/es\/wp-json\/wp\/v2\/users\/11"}],"replies":[{"embeddable":true,"href":"https:\/\/berti.net\/es\/wp-json\/wp\/v2\/comments?post=18575"}],"version-history":[{"count":3,"href":"https:\/\/berti.net\/es\/wp-json\/wp\/v2\/posts\/18575\/revisions"}],"predecessor-version":[{"id":20924,"href":"https:\/\/berti.net\/es\/wp-json\/wp\/v2\/posts\/18575\/revisions\/20924"}],"wp:featuredmedia":[{"embeddable":true,"href":"https:\/\/berti.net\/es\/wp-json\/wp\/v2\/media\/18580"}],"wp:attachment":[{"href":"https:\/\/berti.net\/es\/wp-json\/wp\/v2\/media?parent=18575"}],"wp:term":[{"taxonomy":"category","embeddable":true,"href":"https:\/\/berti.net\/es\/wp-json\/wp\/v2\/categories?post=18575"},{"taxonomy":"post_tag","embeddable":true,"href":"https:\/\/berti.net\/es\/wp-json\/wp\/v2\/tags?post=18575"}],"curies":[{"name":"wp","href":"https:\/\/api.w.org\/{rel}","templated":true}]}}