{"id":18573,"date":"2023-02-07T14:03:19","date_gmt":"2023-02-07T14:03:19","guid":{"rendered":"https:\/\/www.berti.net\/magazine\/suelos-de-madera-berti-todas-las-novedades-en-la-reunion-de-ventas\/"},"modified":"2025-05-19T09:26:27","modified_gmt":"2025-05-19T09:26:27","slug":"suelos-de-madera-berti-todas-las-novedades-en-la-reunion-de-ventas","status":"publish","type":"post","link":"https:\/\/berti.net\/es\/magazine\/suelos-de-madera-berti-todas-las-novedades-en-la-reunion-de-ventas\/","title":{"rendered":"Suelos de madera Berti: todas las novedades en la Reuni\u00f3n de Ventas"},"content":{"rendered":"\n<div class=\"wp-block-group post-detail-pattern is-container has-base-2-color has-contrast-background-color has-text-color has-background has-link-color wp-elements-19db89f8f4d382ee58beee675bfe48d3 has-global-padding is-layout-constrained wp-block-group-is-layout-constrained\" style=\"margin-top:0;margin-bottom:0;padding-top:var(--wp--preset--spacing--70);padding-bottom:var(--wp--preset--spacing--70)\">\n<div class=\"wp-block-columns alignwide is-layout-flex wp-container-core-columns-is-layout-d125203f wp-block-columns-is-layout-flex\" style=\"margin-bottom:var(--wp--preset--spacing--50)\">\n<div class=\"wp-block-column is-vertically-aligned-stretch is-layout-flow wp-block-column-is-layout-flow\" style=\"padding-right:0;flex-basis:50%\">\n<div class=\"wp-block-group is-vertical is-content-justification-stretch is-layout-flex wp-container-core-group-is-layout-e9e70883 wp-block-group-is-layout-flex\" style=\"min-height:100%\">\n<div class=\"wp-block-group post-categories is-nowrap is-layout-flex wp-container-core-group-is-layout-3155b93e wp-block-group-is-layout-flex\" style=\"margin-top:var(--wp--preset--spacing--20);font-size:11px\">\n<p>Revista \/<\/p>\n\n\n<div class=\"taxonomy-category wp-block-post-terms\"><a href=\"https:\/\/berti.net\/es\/magazine\/category\/productos\/\" rel=\"tag\">Productos<\/a><span class=\"wp-block-post-terms__separator\">, <\/span><a href=\"https:\/\/berti.net\/es\/magazine\/category\/eventos\/\" rel=\"tag\">Eventos<\/a><\/div><\/div>\n\n\n<div style=\"font-style:normal;font-weight:600;text-transform:uppercase;\" class=\"has-link-color wp-elements-32859cd979b45056895d81c5660c23a0 wp-block-post-date has-text-color has-base-color has-s-font-size\"><time datetime=\"2023-02-07T14:03:19+00:00\">7 February 2023<\/time><\/div>\n\n\n<h1 class=\"wp-block-heading post-title\">Todas las novedades en la Reuni\u00f3n de Ventas<\/h1>\n\n\n\n<h2 class=\"wp-block-heading post-subtitle\" style=\"margin-bottom:var(--wp--preset--spacing--20)\">Aqu\u00ed estamos, reunidos con nuestra Fuerza de Ventas italiana, que de norte a sur, incluidas las islas, ha llegado a <strong>Berti<\/strong> <strong>Pavimenti Legno.<\/strong><br\/>La <strong>Reuni\u00f3n de Ventas<\/strong>, siempre ha sido para nosotros, un momento fundamental y precioso para discutir los <strong>resultados conseguidos<\/strong> y los <strong>pasos dados<\/strong>, esbozar <strong>nuevas estrategias<\/strong>, analizar problemas espec\u00edficos o generales, compartir experiencias y hacer una <strong>puesta al d\u00eda profesional<\/strong>.<\/h2>\n\n\n\n<p>La estrella indiscutible del d\u00eda fue I-Wood. La nueva colecci\u00f3n de revestimientos <strong>interiores para suelos<\/strong> y paredes en <strong>madera de roble<\/strong>, caracterizada por su estructura ultrafina y su acabado superficial protector extrafuerte, combinada con un concepto est\u00e9tico de impronta fuertemente contempor\u00e1nea. <\/p>\n\n\n\n<figure class=\"wp-block-image size-large is-style-default\"><img loading=\"lazy\" decoding=\"async\" width=\"1024\" height=\"678\" src=\"https:\/\/www.berti.net\/wp-content\/uploads\/2024\/10\/anteprima-pavimenti-berti-riunione-agenti-blog-1024x678.jpg\" alt=\"\" class=\"wp-image-6773\" srcset=\"https:\/\/berti.net\/wp-content\/uploads\/2024\/10\/anteprima-pavimenti-berti-riunione-agenti-blog-1024x678.jpg 1024w, https:\/\/berti.net\/wp-content\/uploads\/2024\/10\/anteprima-pavimenti-berti-riunione-agenti-blog-300x199.jpg 300w, https:\/\/berti.net\/wp-content\/uploads\/2024\/10\/anteprima-pavimenti-berti-riunione-agenti-blog-768x509.jpg 768w, https:\/\/berti.net\/wp-content\/uploads\/2024\/10\/anteprima-pavimenti-berti-riunione-agenti-blog-1536x1017.jpg 1536w, https:\/\/berti.net\/wp-content\/uploads\/2024\/10\/anteprima-pavimenti-berti-riunione-agenti-blog.jpg 1963w\" sizes=\"auto, (max-width: 1024px) 100vw, 1024px\" \/><\/figure>\n\n\n\n<h3 class=\"wp-block-heading has-m-font-size\"><strong>Suelos y revestimientos de madera I-Wood<\/strong><\/h3>\n\n\n\n<p>La evoluci\u00f3n del concepto de <strong>suelo de madera<\/strong> se llama &#8221;I-Wood&#8221;: un sistema de suelos de aut\u00e9ntico <strong>roble<\/strong> natural. Innovadora y modular, esta colecci\u00f3n habla un c\u00f3digo est\u00e9tico muy contempor\u00e1neo como expresi\u00f3n del estilo italiano. El car\u00e1cter innovador de I-Wood tiene muchas almas: ideal como <strong>revestimiento de madera<\/strong> vertical y horizontal, es la soluci\u00f3n asequible y sostenible para quienes eligen <strong>la madera para amueblar<\/strong>.<br\/>Por fin, una soluci\u00f3n de <strong>suelo de madera<\/strong> flexible y vers\u00e1til. Con s\u00f3lo <strong>10 mm de grosor,<\/strong> se garantizan unas prestaciones de alto nivel, especialmente en t\u00e9rminos de durabilidad. De hecho, I-Wood es un producto certificado de &#8221;alto tr\u00e1nsito&#8221; (clase de reacci\u00f3n al fuego 1, BFL s-1). \u00bfC\u00f3mo es posible?       <\/p>\n\n\n\n<ol class=\"wp-block-list\">\n<li>La primera capa de <strong>madera noble<\/strong> (s\u00f3lo 0,6 mil\u00edmetros de grosor)<\/li>\n\n\n\n<li>combinado con el soporte intermedio de contrachapado de <strong>abedul<\/strong> laminado en cruz de 7 capas (8,8 mil\u00edmetros)  <\/li>\n\n\n\n<li>combinado con una capa de contrapeso de <strong>esencia de madera<\/strong> (de s\u00f3lo 0,6 mil\u00edmetros de grosor)  <\/li>\n\n\n\n<li>est\u00e1 protegido por 7 capas del innovador <strong>acabado &#8221;XstremeStrong<\/strong>&#8221;, dise\u00f1ado y desarrollado por Berti.<\/li>\n<\/ol>\n\n\n\n<figure class=\"wp-block-image size-large is-style-default\"><img loading=\"lazy\" decoding=\"async\" width=\"1024\" height=\"575\" src=\"https:\/\/www.berti.net\/wp-content\/uploads\/2024\/10\/berti-iwood-spessore-totale-1024x575.jpg\" alt=\"\" class=\"wp-image-6744\" srcset=\"https:\/\/berti.net\/wp-content\/uploads\/2024\/10\/berti-iwood-spessore-totale-1024x575.jpg 1024w, https:\/\/berti.net\/wp-content\/uploads\/2024\/10\/berti-iwood-spessore-totale-300x168.jpg 300w, https:\/\/berti.net\/wp-content\/uploads\/2024\/10\/berti-iwood-spessore-totale-768x431.jpg 768w, https:\/\/berti.net\/wp-content\/uploads\/2024\/10\/berti-iwood-spessore-totale.jpg 1259w\" sizes=\"auto, (max-width: 1024px) 100vw, 1024px\" \/><\/figure>\n\n\n\n<figure class=\"wp-block-image size-large is-style-default\"><img loading=\"lazy\" decoding=\"async\" width=\"1024\" height=\"522\" src=\"https:\/\/www.berti.net\/wp-content\/uploads\/2024\/10\/berti-iwood-xtremestrong-1-1024x522.jpg\" alt=\"\" class=\"wp-image-6747\" srcset=\"https:\/\/berti.net\/wp-content\/uploads\/2024\/10\/berti-iwood-xtremestrong-1-1024x522.jpg 1024w, https:\/\/berti.net\/wp-content\/uploads\/2024\/10\/berti-iwood-xtremestrong-1-300x153.jpg 300w, https:\/\/berti.net\/wp-content\/uploads\/2024\/10\/berti-iwood-xtremestrong-1-768x391.jpg 768w, https:\/\/berti.net\/wp-content\/uploads\/2024\/10\/berti-iwood-xtremestrong-1-1536x783.jpg 1536w, https:\/\/berti.net\/wp-content\/uploads\/2024\/10\/berti-iwood-xtremestrong-1-2048x1043.jpg 2048w\" sizes=\"auto, (max-width: 1024px) 100vw, 1024px\" \/><\/figure>\n\n\n\n<p>Para confirmar la estabilidad y fiabilidad de la gama de chapas de madera I-Wood, <strong>los acabados se probaron seg\u00fan las normas UNI EN.<\/strong> El resultado de la &#8221;prueba taber&#8221; confirma que la <strong>madera I-Wood es 100 veces m\u00e1s resistente.<\/strong> De hecho, esta prueba internacional para medir la resistencia a la abrasi\u00f3n de los barnices, expresada en forma del n\u00famero de revoluciones necesarias para consumir completamente el barniz y afectar a la protecci\u00f3n de la madera, confirma que el barniz especial &#8221;XtremeStrong&#8221; de Berti tiene una resistencia a la abrasi\u00f3n de 200 revoluciones, es decir, 100 revoluciones m\u00e1s que <strong>la media del mercado y establecida por la norma UNI 11622-1:2016.<\/strong>  <\/p>\n\n\n\n<h3 class=\"wp-block-heading has-m-font-size\"><strong>La colecci\u00f3n. Dise\u00f1o vivo y vers\u00e1til <\/strong><\/h3>\n\n\n\n<p><strong>En colaboraci\u00f3n con Diesel Living, ofrecemos I-Wood en versi\u00f3n impresa digitalmente.<\/strong>  Una tecnolog\u00eda de impresi\u00f3n de \u00faltima generaci\u00f3n que utiliza colores no t\u00f3xicos, no inflamables e inodoros. Gracias a su base acuosa, el color penetra en la veta de la madera y es incre\u00edblemente <strong>resistente a los rayos UV<\/strong>: el resultado es una perfecta integraci\u00f3n visual y material. <\/p>\n\n\n\n<figure class=\"wp-block-image size-large is-style-default\"><img loading=\"lazy\" decoding=\"async\" width=\"768\" height=\"1024\" src=\"https:\/\/www.berti.net\/wp-content\/uploads\/2024\/10\/diesel-berti-kaleidostone-iwood-rivestimenti-legno-768x1024.jpg\" alt=\"\" class=\"wp-image-6777\" srcset=\"https:\/\/berti.net\/wp-content\/uploads\/2024\/10\/diesel-berti-kaleidostone-iwood-rivestimenti-legno-768x1024.jpg 768w, https:\/\/berti.net\/wp-content\/uploads\/2024\/10\/diesel-berti-kaleidostone-iwood-rivestimenti-legno-225x300.jpg 225w, https:\/\/berti.net\/wp-content\/uploads\/2024\/10\/diesel-berti-kaleidostone-iwood-rivestimenti-legno.jpg 975w\" sizes=\"auto, (max-width: 768px) 100vw, 768px\" \/><\/figure>\n\n\n\n<p class=\"has-xxs-font-size\"><strong>\u2191EN FOTO: <a href=\"https:\/\/www.berti.net\/es\/i-wood\/kaleidostone\/\" target=\"_blank\" rel=\"noreferrer noopener\">I-Wood &#8211; DIESEL LIVING WITH BERTI | KALEIDOSTONE<\/a><\/strong><\/p>\n\n\n\n<figure class=\"wp-block-image size-large is-style-default\"><img loading=\"lazy\" decoding=\"async\" width=\"768\" height=\"1024\" src=\"https:\/\/www.berti.net\/wp-content\/uploads\/2024\/10\/diesel-berti-darkshade-iwood-rivestimenti-legno-768x1024.jpg\" alt=\"\" class=\"wp-image-6781\" srcset=\"https:\/\/berti.net\/wp-content\/uploads\/2024\/10\/diesel-berti-darkshade-iwood-rivestimenti-legno-768x1024.jpg 768w, https:\/\/berti.net\/wp-content\/uploads\/2024\/10\/diesel-berti-darkshade-iwood-rivestimenti-legno-225x300.jpg 225w, https:\/\/berti.net\/wp-content\/uploads\/2024\/10\/diesel-berti-darkshade-iwood-rivestimenti-legno.jpg 975w\" sizes=\"auto, (max-width: 768px) 100vw, 768px\" \/><\/figure>\n\n\n\n<p class=\"has-xxs-font-size\"><strong>\u2191 EN FOTO: I-Wood &#8211; DIESEL LIVING CON BERTI | SOMBRA OSCURA<\/strong><\/p>\n\n\n\n<figure class=\"wp-block-image size-large is-style-default\"><img loading=\"lazy\" decoding=\"async\" width=\"768\" height=\"1024\" src=\"https:\/\/www.berti.net\/wp-content\/uploads\/2024\/10\/diesel-berti-blackstar-iwood-rivestimenti-legno-768x1024.jpg\" alt=\"\" class=\"wp-image-6785\" srcset=\"https:\/\/berti.net\/wp-content\/uploads\/2024\/10\/diesel-berti-blackstar-iwood-rivestimenti-legno-768x1024.jpg 768w, https:\/\/berti.net\/wp-content\/uploads\/2024\/10\/diesel-berti-blackstar-iwood-rivestimenti-legno-225x300.jpg 225w, https:\/\/berti.net\/wp-content\/uploads\/2024\/10\/diesel-berti-blackstar-iwood-rivestimenti-legno.jpg 975w\" sizes=\"auto, (max-width: 768px) 100vw, 768px\" \/><\/figure>\n\n\n\n<p class=\"has-xxs-font-size\"><strong>\u2191 EN FOTO: I-Wood &#8211; DIESEL LIVING WITH BERTI | BLACK STAR<\/strong><\/p>\n\n\n\n<p>Revestimientos y suelos de madera de dise\u00f1o con una fuerte personalidad que se caracterizan por sus m\u00faltiples posibilidades de configuraci\u00f3n. Es posible gestionar la posici\u00f3n y la frecuencia de los motivos distribuidos por la superficie, de densos a espor\u00e1dicos, as\u00ed como las variantes de color, para caracterizar a\u00fan m\u00e1s el aspecto est\u00e9tico y gr\u00e1fico final. <\/p>\n\n\n\n<figure class=\"wp-block-image size-large is-style-default\"><img loading=\"lazy\" decoding=\"async\" width=\"768\" height=\"1024\" src=\"https:\/\/www.berti.net\/wp-content\/uploads\/2024\/10\/berti-iwood-rivestimenti-legno-Ipuzzle-light-768x1024.jpg\" alt=\"\" class=\"wp-image-6788\" srcset=\"https:\/\/berti.net\/wp-content\/uploads\/2024\/10\/berti-iwood-rivestimenti-legno-Ipuzzle-light-768x1024.jpg 768w, https:\/\/berti.net\/wp-content\/uploads\/2024\/10\/berti-iwood-rivestimenti-legno-Ipuzzle-light-225x300.jpg 225w, https:\/\/berti.net\/wp-content\/uploads\/2024\/10\/berti-iwood-rivestimenti-legno-Ipuzzle-light.jpg 975w\" sizes=\"auto, (max-width: 768px) 100vw, 768px\" \/><\/figure>\n\n\n\n<p class=\"has-xxs-font-size\"><strong>\u2191IN FOTO: I-Wood &#8211; I-PUZZLE CREAM<\/strong><\/p>\n\n\n\n<figure class=\"wp-block-image size-large is-style-default\"><img loading=\"lazy\" decoding=\"async\" width=\"768\" height=\"1024\" src=\"https:\/\/www.berti.net\/wp-content\/uploads\/2024\/10\/berti-iwood-rivestimenti-legno-ICA-M1-768x1024.jpg\" alt=\"\" class=\"wp-image-6791\" srcset=\"https:\/\/berti.net\/wp-content\/uploads\/2024\/10\/berti-iwood-rivestimenti-legno-ICA-M1-768x1024.jpg 768w, https:\/\/berti.net\/wp-content\/uploads\/2024\/10\/berti-iwood-rivestimenti-legno-ICA-M1-225x300.jpg 225w, https:\/\/berti.net\/wp-content\/uploads\/2024\/10\/berti-iwood-rivestimenti-legno-ICA-M1.jpg 975w\" sizes=\"auto, (max-width: 768px) 100vw, 768px\" \/><\/figure>\n\n\n\n<p class=\"has-xxs-font-size\"><strong>\u2191IN FOTO: I-Wood dise\u00f1o de Luca Artioli &#8211; ICA M\u00f3dulo 1<\/strong><\/p>\n\n\n\n<figure class=\"wp-block-image size-large is-style-default\"><img loading=\"lazy\" decoding=\"async\" width=\"768\" height=\"1024\" src=\"https:\/\/www.berti.net\/wp-content\/uploads\/2024\/10\/berti-iwood-rivestimenti-legno-ICA-M2-768x1024.jpg\" alt=\"\" class=\"wp-image-6794\" srcset=\"https:\/\/berti.net\/wp-content\/uploads\/2024\/10\/berti-iwood-rivestimenti-legno-ICA-M2-768x1024.jpg 768w, https:\/\/berti.net\/wp-content\/uploads\/2024\/10\/berti-iwood-rivestimenti-legno-ICA-M2-225x300.jpg 225w, https:\/\/berti.net\/wp-content\/uploads\/2024\/10\/berti-iwood-rivestimenti-legno-ICA-M2.jpg 975w\" sizes=\"auto, (max-width: 768px) 100vw, 768px\" \/><\/figure>\n\n\n\n<p class=\"has-xxs-font-size\"><strong>\u2191IN FOTO: I-Wood dise\u00f1o de Luca Artioli &#8211; ICA M\u00f3dulo 2<\/strong><\/p>\n\n\n\n<h3 class=\"wp-block-heading has-m-font-size\"><strong>\u00bfQuieres saber m\u00e1s?<\/strong><\/h3>\n\n\n\n<p>Descubre la colecci\u00f3n en <a href=\"https:\/\/www.berti.net\/es\/i-wood\/\" target=\"_blank\" rel=\"noreferrer noopener\"><strong>https:\/\/www.berti.net\/rivestimenti-in-legno-i-wood\/<\/strong><\/a><br\/>Consulta el nuevo cat\u00e1logo: <a href=\"https:\/\/www.berti.net\/wp-content\/uploads\/2023\/01\/berti_I-Wood_catalogo-web_02-112022-1.pdf\" target=\"_blank\" rel=\"noreferrer noopener\"><strong>https:\/\/www.berti.net\/wp-content\/uploads\/2023\/01\/berti_I-Wood_catalogo-web_02-112022-1.pdf<\/strong><\/a><\/p>\n<\/div>\n<\/div>\n\n\n\n<div class=\"wp-block-column is-layout-flow wp-container-core-column-is-layout-22223934 wp-block-column-is-layout-flow\" style=\"flex-basis:50%\">\n<figure class=\"wp-block-image size-large is-style-default\"><img loading=\"lazy\" decoding=\"async\" width=\"1024\" height=\"678\" src=\"https:\/\/www.berti.net\/wp-content\/uploads\/2024\/10\/matteo-berti-riunione-agenti-blog-1-1024x678.jpg\" alt=\"\" class=\"wp-image-6751\" srcset=\"https:\/\/berti.net\/wp-content\/uploads\/2024\/10\/matteo-berti-riunione-agenti-blog-1-1024x678.jpg 1024w, https:\/\/berti.net\/wp-content\/uploads\/2024\/10\/matteo-berti-riunione-agenti-blog-1-300x199.jpg 300w, https:\/\/berti.net\/wp-content\/uploads\/2024\/10\/matteo-berti-riunione-agenti-blog-1-768x509.jpg 768w, https:\/\/berti.net\/wp-content\/uploads\/2024\/10\/matteo-berti-riunione-agenti-blog-1-1536x1017.jpg 1536w, https:\/\/berti.net\/wp-content\/uploads\/2024\/10\/matteo-berti-riunione-agenti-blog-1.jpg 1963w\" sizes=\"auto, (max-width: 1024px) 100vw, 1024px\" \/><\/figure>\n\n\n\n<figure class=\"wp-block-image size-large is-style-default\"><img loading=\"lazy\" decoding=\"async\" width=\"1024\" height=\"678\" src=\"https:\/\/www.berti.net\/wp-content\/uploads\/2024\/10\/giancarlo-berti-riunione-agenti-blog-2-1024x678.jpg\" alt=\"\" class=\"wp-image-6756\" srcset=\"https:\/\/berti.net\/wp-content\/uploads\/2024\/10\/giancarlo-berti-riunione-agenti-blog-2-1024x678.jpg 1024w, https:\/\/berti.net\/wp-content\/uploads\/2024\/10\/giancarlo-berti-riunione-agenti-blog-2-300x199.jpg 300w, https:\/\/berti.net\/wp-content\/uploads\/2024\/10\/giancarlo-berti-riunione-agenti-blog-2-768x509.jpg 768w, https:\/\/berti.net\/wp-content\/uploads\/2024\/10\/giancarlo-berti-riunione-agenti-blog-2-1536x1017.jpg 1536w, https:\/\/berti.net\/wp-content\/uploads\/2024\/10\/giancarlo-berti-riunione-agenti-blog-2.jpg 1963w\" sizes=\"auto, (max-width: 1024px) 100vw, 1024px\" \/><\/figure>\n\n\n\n<figure class=\"wp-block-image size-large is-style-default\"><img loading=\"lazy\" decoding=\"async\" width=\"1024\" height=\"678\" src=\"https:\/\/www.berti.net\/wp-content\/uploads\/2024\/10\/fatturato-crescita-berti-riunione-agenti-blog-1024x678.jpg\" alt=\"\" class=\"wp-image-6759\" srcset=\"https:\/\/berti.net\/wp-content\/uploads\/2024\/10\/fatturato-crescita-berti-riunione-agenti-blog-1024x678.jpg 1024w, https:\/\/berti.net\/wp-content\/uploads\/2024\/10\/fatturato-crescita-berti-riunione-agenti-blog-300x199.jpg 300w, https:\/\/berti.net\/wp-content\/uploads\/2024\/10\/fatturato-crescita-berti-riunione-agenti-blog-768x509.jpg 768w, https:\/\/berti.net\/wp-content\/uploads\/2024\/10\/fatturato-crescita-berti-riunione-agenti-blog-1536x1017.jpg 1536w, https:\/\/berti.net\/wp-content\/uploads\/2024\/10\/fatturato-crescita-berti-riunione-agenti-blog.jpg 1963w\" sizes=\"auto, (max-width: 1024px) 100vw, 1024px\" \/><\/figure>\n\n\n\n<figure class=\"wp-block-image size-large is-style-default\"><img loading=\"lazy\" decoding=\"async\" width=\"1024\" height=\"449\" src=\"https:\/\/www.berti.net\/wp-content\/uploads\/2024\/10\/formazione-riunione-agenti-berti-parquet-scaled-1-1024x449.jpg\" alt=\"\" class=\"wp-image-6763\" srcset=\"https:\/\/berti.net\/wp-content\/uploads\/2024\/10\/formazione-riunione-agenti-berti-parquet-scaled-1-1024x449.jpg 1024w, https:\/\/berti.net\/wp-content\/uploads\/2024\/10\/formazione-riunione-agenti-berti-parquet-scaled-1-300x132.jpg 300w, https:\/\/berti.net\/wp-content\/uploads\/2024\/10\/formazione-riunione-agenti-berti-parquet-scaled-1-768x337.jpg 768w, https:\/\/berti.net\/wp-content\/uploads\/2024\/10\/formazione-riunione-agenti-berti-parquet-scaled-1-1536x674.jpg 1536w, https:\/\/berti.net\/wp-content\/uploads\/2024\/10\/formazione-riunione-agenti-berti-parquet-scaled-1-2048x898.jpg 2048w\" sizes=\"auto, (max-width: 1024px) 100vw, 1024px\" \/><\/figure>\n\n\n\n<figure class=\"wp-block-image size-large is-style-default\"><img loading=\"lazy\" decoding=\"async\" width=\"1024\" height=\"678\" src=\"https:\/\/www.berti.net\/wp-content\/uploads\/2024\/10\/berti-riunione-agenti-blog-1024x678.jpg\" alt=\"\" class=\"wp-image-6766\" srcset=\"https:\/\/berti.net\/wp-content\/uploads\/2024\/10\/berti-riunione-agenti-blog-1024x678.jpg 1024w, https:\/\/berti.net\/wp-content\/uploads\/2024\/10\/berti-riunione-agenti-blog-300x199.jpg 300w, https:\/\/berti.net\/wp-content\/uploads\/2024\/10\/berti-riunione-agenti-blog-768x509.jpg 768w, https:\/\/berti.net\/wp-content\/uploads\/2024\/10\/berti-riunione-agenti-blog-1536x1017.jpg 1536w, https:\/\/berti.net\/wp-content\/uploads\/2024\/10\/berti-riunione-agenti-blog.jpg 1963w\" sizes=\"auto, (max-width: 1024px) 100vw, 1024px\" \/><\/figure>\n\n\n\n<figure class=\"wp-block-image size-large is-style-default\"><img loading=\"lazy\" decoding=\"async\" width=\"1024\" height=\"678\" src=\"https:\/\/www.berti.net\/wp-content\/uploads\/2024\/10\/berti-riunione-agenti-blog-01-1024x678.jpg\" alt=\"\" class=\"wp-image-6769\" srcset=\"https:\/\/berti.net\/wp-content\/uploads\/2024\/10\/berti-riunione-agenti-blog-01-1024x678.jpg 1024w, https:\/\/berti.net\/wp-content\/uploads\/2024\/10\/berti-riunione-agenti-blog-01-300x199.jpg 300w, https:\/\/berti.net\/wp-content\/uploads\/2024\/10\/berti-riunione-agenti-blog-01-768x509.jpg 768w, https:\/\/berti.net\/wp-content\/uploads\/2024\/10\/berti-riunione-agenti-blog-01-1536x1017.jpg 1536w, https:\/\/berti.net\/wp-content\/uploads\/2024\/10\/berti-riunione-agenti-blog-01.jpg 1963w\" sizes=\"auto, (max-width: 1024px) 100vw, 1024px\" \/><\/figure>\n<\/div>\n<\/div>\n\n\n\n<div class=\"wp-block-group post-categories has-global-padding is-content-justification-left is-layout-constrained wp-container-core-group-is-layout-836d34cb wp-block-group-is-layout-constrained\" style=\"margin-top:var(--wp--preset--spacing--70);font-size:11px\">\n<div class=\"wp-block-group is-content-justification-center is-nowrap is-layout-flex wp-container-core-group-is-layout-60758a6d wp-block-group-is-layout-flex\">\n<p>Revista \/<\/p>\n\n\n<div class=\"taxonomy-category wp-block-post-terms\"><a href=\"https:\/\/berti.net\/es\/magazine\/category\/productos\/\" rel=\"tag\">Productos<\/a><span class=\"wp-block-post-terms__separator\">, <\/span><a href=\"https:\/\/berti.net\/es\/magazine\/category\/eventos\/\" rel=\"tag\">Eventos<\/a><\/div><\/div>\n<\/div>\n<\/div>\n","protected":false},"excerpt":{"rendered":"<p>La Reuni\u00f3n de Ventas, siempre ha sido para nosotros, un momento fundamental y valioso para discutir logros y pasos dados, perfilar nuevas estrategias, analizar problemas espec\u00edficos o generales, compartir experiencias y hacer desarrollo profesional.<\/p>\n","protected":false},"author":9,"featured_media":18577,"comment_status":"closed","ping_status":"closed","sticky":false,"template":"","format":"standard","meta":{"footnotes":""},"categories":[108,143],"tags":[],"class_list":["post-18573","post","type-post","status-publish","format-standard","has-post-thumbnail","hentry","category-productos","category-eventos"],"_links":{"self":[{"href":"https:\/\/berti.net\/es\/wp-json\/wp\/v2\/posts\/18573","targetHints":{"allow":["GET"]}}],"collection":[{"href":"https:\/\/berti.net\/es\/wp-json\/wp\/v2\/posts"}],"about":[{"href":"https:\/\/berti.net\/es\/wp-json\/wp\/v2\/types\/post"}],"author":[{"embeddable":true,"href":"https:\/\/berti.net\/es\/wp-json\/wp\/v2\/users\/9"}],"replies":[{"embeddable":true,"href":"https:\/\/berti.net\/es\/wp-json\/wp\/v2\/comments?post=18573"}],"version-history":[{"count":4,"href":"https:\/\/berti.net\/es\/wp-json\/wp\/v2\/posts\/18573\/revisions"}],"predecessor-version":[{"id":20944,"href":"https:\/\/berti.net\/es\/wp-json\/wp\/v2\/posts\/18573\/revisions\/20944"}],"wp:featuredmedia":[{"embeddable":true,"href":"https:\/\/berti.net\/es\/wp-json\/wp\/v2\/media\/18577"}],"wp:attachment":[{"href":"https:\/\/berti.net\/es\/wp-json\/wp\/v2\/media?parent=18573"}],"wp:term":[{"taxonomy":"category","embeddable":true,"href":"https:\/\/berti.net\/es\/wp-json\/wp\/v2\/categories?post=18573"},{"taxonomy":"post_tag","embeddable":true,"href":"https:\/\/berti.net\/es\/wp-json\/wp\/v2\/tags?post=18573"}],"curies":[{"name":"wp","href":"https:\/\/api.w.org\/{rel}","templated":true}]}}