{"id":18562,"date":"2022-10-10T08:14:49","date_gmt":"2022-10-10T08:14:49","guid":{"rendered":"https:\/\/www.berti.net\/magazine\/suelos-de-parque-y-madera-para-suenos-a-medida\/"},"modified":"2025-05-19T09:26:32","modified_gmt":"2025-05-19T09:26:32","slug":"suelos-de-parque-y-madera-para-suenos-a-medida","status":"publish","type":"post","link":"https:\/\/berti.net\/es\/magazine\/suelos-de-parque-y-madera-para-suenos-a-medida\/","title":{"rendered":"Suelos de parqu\u00e9 y madera para sue\u00f1os a medida"},"content":{"rendered":"\n<div class=\"wp-block-group post-detail-pattern is-container has-base-2-color has-contrast-background-color has-text-color has-background has-link-color wp-elements-2e669b660b0a19e77ebf1923602ecafa has-global-padding is-layout-constrained wp-block-group-is-layout-constrained\" style=\"margin-top:0;margin-bottom:0;padding-top:var(--wp--preset--spacing--70);padding-bottom:var(--wp--preset--spacing--70)\">\n<div class=\"wp-block-columns alignwide is-layout-flex wp-container-core-columns-is-layout-d125203f wp-block-columns-is-layout-flex\" style=\"margin-bottom:var(--wp--preset--spacing--50)\">\n<div class=\"wp-block-column is-vertically-aligned-stretch is-layout-flow wp-block-column-is-layout-flow\" style=\"padding-right:0;flex-basis:50%\">\n<div class=\"wp-block-group is-vertical is-content-justification-stretch is-layout-flex wp-container-core-group-is-layout-e9e70883 wp-block-group-is-layout-flex\" style=\"min-height:100%\">\n<div class=\"wp-block-group post-categories is-nowrap is-layout-flex wp-container-core-group-is-layout-3155b93e wp-block-group-is-layout-flex\" style=\"margin-top:var(--wp--preset--spacing--20);font-size:11px\">\n<p>Revista \/<\/p>\n\n\n<div class=\"taxonomy-category wp-block-post-terms\"><a href=\"https:\/\/berti.net\/es\/magazine\/category\/productos\/\" rel=\"tag\">Productos<\/a><span class=\"wp-block-post-terms__separator\">, <\/span><a href=\"https:\/\/berti.net\/es\/magazine\/category\/proyectos\/\" rel=\"tag\">Proyectos<\/a><\/div><\/div>\n\n\n<div style=\"font-style:normal;font-weight:600;text-transform:uppercase;\" class=\"has-link-color wp-elements-32859cd979b45056895d81c5660c23a0 wp-block-post-date has-text-color has-base-color has-s-font-size\"><time datetime=\"2022-10-10T08:14:49+00:00\">10 October 2022<\/time><\/div>\n\n\n<h1 class=\"wp-block-heading post-title\">Suelos de parqu\u00e9 y madera para sue\u00f1os a medida<\/h1>\n\n\n\n<h2 class=\"wp-block-heading post-subtitle\" style=\"margin-bottom:var(--wp--preset--spacing--20)\"><strong>Suelos de<\/strong> <strong>parqu\u00e9 incrustado<\/strong> <strong>de dise\u00f1o<\/strong> y <strong>hechos a medida<\/strong>. Para quienes desean combinar <strong>belleza<\/strong> y <strong>sostenibilidad<\/strong> en un mismo lugar. <\/h2>\n\n\n\n<h2 class=\"wp-block-heading post-subtitle\" style=\"margin-bottom:var(--wp--preset--spacing--20)\">Siempre apasionadamente centrada en la innovaci\u00f3n, <strong>Berti Pavimenti Legno<\/strong> se dedica constantemente al <strong>dise\u00f1o<\/strong> y la <strong>investigaci\u00f3n de<\/strong> nuevos productos para introducirlos en el mercado. Este enfoque proporciona nuevas inspiraciones en el mundo de los <strong>suelos<\/strong> <strong>de madera con incrustaciones<\/strong> y <strong>a medida<\/strong>, para entornos <strong>\u00fanicos<\/strong>, <strong>hechos a medida<\/strong>, perfectos para quienes <strong>sue\u00f1an con<\/strong> ellos y los <strong>viven<\/strong>. <\/h2>\n\n\n\n<h3 class=\"wp-block-heading has-m-font-size\"><strong>Parquet y resina: el arte de la belleza<\/strong><\/h3>\n\n\n\n<p>Berti Pavimenti presenta un proyecto \u00fanico nacido de una visi\u00f3n ambiciosa y compleja, en colaboraci\u00f3n con Mino Longo, conocido por su maestr\u00eda en el trabajo art\u00edstico de la resina. Una serie de <strong>suelos<\/strong> y revestimientos de <strong>parqu\u00e9<\/strong> en los que <strong>las incrustaciones de madera<\/strong> se alternan con la resina, creando un juego de perspectivas e ilusiones \u00f3pticas cada vez \u00fanico. <br\/>La peculiaridad absoluta de los suelos y revestimientos de <strong>parqu\u00e9<\/strong> aqu\u00ed propuestos es su irreproducibilidad: de hecho, cada uno es una pieza \u00fanica. Fabricada y acabada paso a paso, con la artesan\u00eda que hace que cada detalle sea precioso.  <\/p>\n\n\n\n<h3 class=\"wp-block-heading has-m-font-size\"><strong>Mobiliario con parquet art\u00edstico y de inspiraci\u00f3n biol\u00f3gica<\/strong><div><span style=\"white-space: normal; background-image: none; background-position: 0% 0%; background-size: auto; background-repeat: repeat; background-attachment: scroll; background-origin: padding-box; background-clip: border-box; border: 0px; margin: 0px 0px 20px; padding: 0px; vertical-align: baseline; color: rgb(0, 0, 0); clear: both; font-size: 19px; line-height: 1.5em; font-family: Karla, sans-serif;\"><\/span><\/div><\/h3>\n\n\n\n<p>Con respeto por la naturaleza y el medio ambiente, Berti ha decidido realizar este proyecto, centr\u00e1ndose tambi\u00e9n en la sostenibilidad y la mejora del confort y la salud de quienes habitan los espacios mediante la aplicaci\u00f3n de las \u00faltimas tecnolog\u00edas ecol\u00f3gicas, como el uso de materiales renovables o reciclados, denominados &#8221;de base biol\u00f3gica&#8221;, y la combinaci\u00f3n de madera, el m\u00e1s ecol\u00f3gico de los materiales de construcci\u00f3n, con resina de base vegetal: ligera, biodegradable y resistente al agua y a las altas temperaturas. Los materiales &#8221;de base biol\u00f3gica&#8221; se llaman as\u00ed porque son de origen biol\u00f3gico y no incluyen componentes de origen f\u00f3sil, es decir, derivados del carb\u00f3n y el petr\u00f3leo. Esto garantiza un producto sano y seguro: el valor certificado de COV est\u00e1 por debajo de los l\u00edmites permitidos. Adem\u00e1s, la resina tiene la ventaja de que se puede lijar y pintar y da efectos de color inimitables.   <\/p>\n\n\n\n<figure class=\"wp-block-image size-large is-style-default\"><img loading=\"lazy\" decoding=\"async\" width=\"1024\" height=\"714\" src=\"https:\/\/www.berti.net\/wp-content\/uploads\/2024\/10\/berti-parquet-tavole-rovere-prefinito-resina_2022-1024x714.jpg\" alt=\"\" class=\"wp-image-7012\" srcset=\"https:\/\/berti.net\/wp-content\/uploads\/2024\/10\/berti-parquet-tavole-rovere-prefinito-resina_2022-1024x714.jpg 1024w, https:\/\/berti.net\/wp-content\/uploads\/2024\/10\/berti-parquet-tavole-rovere-prefinito-resina_2022-300x209.jpg 300w, https:\/\/berti.net\/wp-content\/uploads\/2024\/10\/berti-parquet-tavole-rovere-prefinito-resina_2022-768x535.jpg 768w, https:\/\/berti.net\/wp-content\/uploads\/2024\/10\/berti-parquet-tavole-rovere-prefinito-resina_2022-1536x1071.jpg 1536w, https:\/\/berti.net\/wp-content\/uploads\/2024\/10\/berti-parquet-tavole-rovere-prefinito-resina_2022.jpg 1693w\" sizes=\"auto, (max-width: 1024px) 100vw, 1024px\" \/><\/figure>\n\n\n\n<figure class=\"wp-block-image size-large is-style-default\"><img loading=\"lazy\" decoding=\"async\" width=\"1024\" height=\"714\" src=\"https:\/\/www.berti.net\/wp-content\/uploads\/2024\/10\/berti-parquet-rovere-prefinito-pavimenti-in-legno-resina_2022-1024x714.jpg\" alt=\"\" class=\"wp-image-7015\" srcset=\"https:\/\/berti.net\/wp-content\/uploads\/2024\/10\/berti-parquet-rovere-prefinito-pavimenti-in-legno-resina_2022-1024x714.jpg 1024w, https:\/\/berti.net\/wp-content\/uploads\/2024\/10\/berti-parquet-rovere-prefinito-pavimenti-in-legno-resina_2022-300x209.jpg 300w, https:\/\/berti.net\/wp-content\/uploads\/2024\/10\/berti-parquet-rovere-prefinito-pavimenti-in-legno-resina_2022-768x535.jpg 768w, https:\/\/berti.net\/wp-content\/uploads\/2024\/10\/berti-parquet-rovere-prefinito-pavimenti-in-legno-resina_2022-1536x1071.jpg 1536w, https:\/\/berti.net\/wp-content\/uploads\/2024\/10\/berti-parquet-rovere-prefinito-pavimenti-in-legno-resina_2022.jpg 1693w\" sizes=\"auto, (max-width: 1024px) 100vw, 1024px\" \/><\/figure>\n\n\n\n<p class=\"has-xxs-font-size\">En la foto:<strong>parquet de roble preacabado<\/strong> con inserciones de resina | Producto personalizado bajo pedido<\/p>\n\n\n\n<p>La elecci\u00f3n de integrar <strong>parquet<\/strong> <strong>y resina<\/strong> no es nada nuevo para Berti.<br\/>Las primeras contaminaciones tuvieron lugar en 2004 con motivo de la exposici\u00f3n &#8221;Tocar madera&#8221; de Verona, donde, en colaboraci\u00f3n con Gaetano Pesce, se crearon 6 paneles de parquet y resina. Es precisamente la singularidad, entendida como la producci\u00f3n de piezas \u00fanicas y no de artefactos id\u00e9nticos, el fil rouge que siempre ha unido las creaciones de <strong>taracea<\/strong> y <strong>parqu\u00e9<\/strong> de Berti en el mercado. <br\/>\u2937 <a href=\"https:\/\/www.berti.net\/es\/referencias\/gaetano-pesce\/\" target=\"_blank\" rel=\"noreferrer noopener\">Ver el proyecto con Gaetano Pesce<\/a> <\/p>\n\n\n\n<p>En cambio, en la colecci\u00f3n de <strong>losetas de madera<\/strong> &#8221;Square Space&#8221;, el uso de la resina se ha convertido en el sello distintivo, transformando los detalles en elegantes decoraciones.<br\/>\u2937 <a href=\"https:\/\/www.berti.net\/es\/parquet\/quadrotte-square-space\/\" target=\"_blank\" rel=\"noreferrer noopener\">Descubre la colecci\u00f3n<\/a><\/p>\n\n\n\n<h3 class=\"wp-block-heading has-m-font-size\"><strong>La calidad viene de la experiencia<span style=\"white-space: normal; background-image: none; background-position: 0% 0%; background-size: auto; background-repeat: repeat; background-attachment: scroll; background-origin: padding-box; background-clip: border-box; border: 0px; margin: 0px 0px 20px; padding: 0px; vertical-align: baseline; color: rgb(0, 0, 0); clear: both; font-size: 19px; line-height: 1.5em; font-family: Karla, sans-serif;\"><\/span><\/strong><div><span style=\"white-space: normal; background-image: none; background-position: 0% 0%; background-size: auto; background-repeat: repeat; background-attachment: scroll; background-origin: padding-box; background-clip: border-box; border: 0px; margin: 0px 0px 20px; padding: 0px; vertical-align: baseline; color: rgb(0, 0, 0); clear: both; font-size: 19px; line-height: 1.5em; font-family: Karla, sans-serif;\"><\/span><\/div><\/h3>\n\n\n\n<figure class=\"wp-block-image size-large is-style-default\"><img loading=\"lazy\" decoding=\"async\" width=\"1024\" height=\"786\" src=\"https:\/\/www.berti.net\/wp-content\/uploads\/2024\/10\/berti-parquet-e-pavimenti-in-legno-resina_2022-1024x786.jpg\" alt=\"\" class=\"wp-image-7022\" srcset=\"https:\/\/berti.net\/wp-content\/uploads\/2024\/10\/berti-parquet-e-pavimenti-in-legno-resina_2022-1024x786.jpg 1024w, https:\/\/berti.net\/wp-content\/uploads\/2024\/10\/berti-parquet-e-pavimenti-in-legno-resina_2022-300x230.jpg 300w, https:\/\/berti.net\/wp-content\/uploads\/2024\/10\/berti-parquet-e-pavimenti-in-legno-resina_2022-768x590.jpg 768w, https:\/\/berti.net\/wp-content\/uploads\/2024\/10\/berti-parquet-e-pavimenti-in-legno-resina_2022-1536x1179.jpg 1536w, https:\/\/berti.net\/wp-content\/uploads\/2024\/10\/berti-parquet-e-pavimenti-in-legno-resina_2022.jpg 1693w\" sizes=\"auto, (max-width: 1024px) 100vw, 1024px\" \/><\/figure>\n\n\n\n<p><strong>Suelos<\/strong> de <strong>parqu\u00e9<\/strong> \u00fanicos y realizaciones que se convierten en arte: la calidad est\u00e1 hecha de experiencia y elecciones importantes que se centran en la belleza de la <strong>madera del parqu\u00e9.<\/strong> Este proyecto pretende encender la chispa inspiradora de arquitectos y dise\u00f1adores o, para cualquiera que desee un <strong>suelo de<\/strong> parqu\u00e9 <strong>hecho a medida<\/strong>. <\/p>\n\n\n\n<p>Muchos a\u00f1os de experiencia en la personalizaci\u00f3n de suelos y revestimientos de madera permiten al departamento t\u00e9cnico interpretar cualquier necesidad. <br\/><strong>\u2937 <a href=\"https:\/\/www.berti.net\/es\/solicitar-una-consulta\/\" target=\"_blank\" rel=\"noreferrer noopener\">\u00a1Solicita una consulta ahora!<\/a><\/strong><\/p>\n<\/div>\n<\/div>\n\n\n\n<div class=\"wp-block-column is-layout-flow wp-container-core-column-is-layout-22223934 wp-block-column-is-layout-flow\" style=\"flex-basis:50%\">\n<figure class=\"wp-block-image size-large is-style-default\"><img loading=\"lazy\" decoding=\"async\" width=\"1024\" height=\"786\" src=\"https:\/\/www.berti.net\/wp-content\/uploads\/2024\/10\/berti-parquet-e-pavimenti-in-legno-resina_2022-02-1024x786.jpg\" alt=\"\" class=\"wp-image-7000\" srcset=\"https:\/\/berti.net\/wp-content\/uploads\/2024\/10\/berti-parquet-e-pavimenti-in-legno-resina_2022-02-1024x786.jpg 1024w, https:\/\/berti.net\/wp-content\/uploads\/2024\/10\/berti-parquet-e-pavimenti-in-legno-resina_2022-02-300x230.jpg 300w, https:\/\/berti.net\/wp-content\/uploads\/2024\/10\/berti-parquet-e-pavimenti-in-legno-resina_2022-02-768x590.jpg 768w, https:\/\/berti.net\/wp-content\/uploads\/2024\/10\/berti-parquet-e-pavimenti-in-legno-resina_2022-02-1536x1179.jpg 1536w, https:\/\/berti.net\/wp-content\/uploads\/2024\/10\/berti-parquet-e-pavimenti-in-legno-resina_2022-02.jpg 1693w\" sizes=\"auto, (max-width: 1024px) 100vw, 1024px\" \/><\/figure>\n\n\n\n<figure class=\"wp-block-image size-large is-style-default\"><img loading=\"lazy\" decoding=\"async\" width=\"918\" height=\"1024\" src=\"https:\/\/www.berti.net\/wp-content\/uploads\/2024\/10\/berti-parquet-e-pavimenti-in-legno-resina_2022-03-918x1024.jpg\" alt=\"\" class=\"wp-image-7006\" srcset=\"https:\/\/berti.net\/wp-content\/uploads\/2024\/10\/berti-parquet-e-pavimenti-in-legno-resina_2022-03-918x1024.jpg 918w, https:\/\/berti.net\/wp-content\/uploads\/2024\/10\/berti-parquet-e-pavimenti-in-legno-resina_2022-03-269x300.jpg 269w, https:\/\/berti.net\/wp-content\/uploads\/2024\/10\/berti-parquet-e-pavimenti-in-legno-resina_2022-03-768x857.jpg 768w, https:\/\/berti.net\/wp-content\/uploads\/2024\/10\/berti-parquet-e-pavimenti-in-legno-resina_2022-03.jpg 1165w\" sizes=\"auto, (max-width: 918px) 100vw, 918px\" \/><\/figure>\n\n\n\n<figure class=\"wp-block-image size-large is-style-default\"><img loading=\"lazy\" decoding=\"async\" width=\"1024\" height=\"786\" src=\"https:\/\/www.berti.net\/wp-content\/uploads\/2024\/10\/berti-parquet-e-pavimenti-in-legno-resina-verde-1024x786.jpg\" alt=\"\" class=\"wp-image-7009\" srcset=\"https:\/\/berti.net\/wp-content\/uploads\/2024\/10\/berti-parquet-e-pavimenti-in-legno-resina-verde-1024x786.jpg 1024w, https:\/\/berti.net\/wp-content\/uploads\/2024\/10\/berti-parquet-e-pavimenti-in-legno-resina-verde-300x230.jpg 300w, https:\/\/berti.net\/wp-content\/uploads\/2024\/10\/berti-parquet-e-pavimenti-in-legno-resina-verde-768x590.jpg 768w, https:\/\/berti.net\/wp-content\/uploads\/2024\/10\/berti-parquet-e-pavimenti-in-legno-resina-verde-1536x1179.jpg 1536w, https:\/\/berti.net\/wp-content\/uploads\/2024\/10\/berti-parquet-e-pavimenti-in-legno-resina-verde.jpg 1693w\" sizes=\"auto, (max-width: 1024px) 100vw, 1024px\" \/><\/figure>\n<\/div>\n<\/div>\n\n\n\n<div class=\"wp-block-group post-categories has-global-padding is-content-justification-left is-layout-constrained wp-container-core-group-is-layout-836d34cb wp-block-group-is-layout-constrained\" style=\"margin-top:var(--wp--preset--spacing--70);font-size:11px\">\n<div class=\"wp-block-group is-content-justification-center is-nowrap is-layout-flex wp-container-core-group-is-layout-60758a6d wp-block-group-is-layout-flex\">\n<p>Revista \/<\/p>\n\n\n<div class=\"taxonomy-category wp-block-post-terms\"><a href=\"https:\/\/berti.net\/es\/magazine\/category\/productos\/\" rel=\"tag\">Productos<\/a><span class=\"wp-block-post-terms__separator\">, <\/span><a href=\"https:\/\/berti.net\/es\/magazine\/category\/proyectos\/\" rel=\"tag\">Proyectos<\/a><\/div><\/div>\n<\/div>\n<\/div>\n","protected":false},"excerpt":{"rendered":"<p>Suelos de parqu\u00e9 incrustado de dise\u00f1o y hechos a medida. Para quienes desean combinar belleza y sostenibilidad en un mismo lugar. <\/p>\n","protected":false},"author":9,"featured_media":18564,"comment_status":"closed","ping_status":"closed","sticky":false,"template":"","format":"standard","meta":{"footnotes":""},"categories":[108,142],"tags":[],"class_list":["post-18562","post","type-post","status-publish","format-standard","has-post-thumbnail","hentry","category-productos","category-proyectos"],"_links":{"self":[{"href":"https:\/\/berti.net\/es\/wp-json\/wp\/v2\/posts\/18562","targetHints":{"allow":["GET"]}}],"collection":[{"href":"https:\/\/berti.net\/es\/wp-json\/wp\/v2\/posts"}],"about":[{"href":"https:\/\/berti.net\/es\/wp-json\/wp\/v2\/types\/post"}],"author":[{"embeddable":true,"href":"https:\/\/berti.net\/es\/wp-json\/wp\/v2\/users\/9"}],"replies":[{"embeddable":true,"href":"https:\/\/berti.net\/es\/wp-json\/wp\/v2\/comments?post=18562"}],"version-history":[{"count":4,"href":"https:\/\/berti.net\/es\/wp-json\/wp\/v2\/posts\/18562\/revisions"}],"predecessor-version":[{"id":20950,"href":"https:\/\/berti.net\/es\/wp-json\/wp\/v2\/posts\/18562\/revisions\/20950"}],"wp:featuredmedia":[{"embeddable":true,"href":"https:\/\/berti.net\/es\/wp-json\/wp\/v2\/media\/18564"}],"wp:attachment":[{"href":"https:\/\/berti.net\/es\/wp-json\/wp\/v2\/media?parent=18562"}],"wp:term":[{"taxonomy":"category","embeddable":true,"href":"https:\/\/berti.net\/es\/wp-json\/wp\/v2\/categories?post=18562"},{"taxonomy":"post_tag","embeddable":true,"href":"https:\/\/berti.net\/es\/wp-json\/wp\/v2\/tags?post=18562"}],"curies":[{"name":"wp","href":"https:\/\/api.w.org\/{rel}","templated":true}]}}