{"id":18550,"date":"2023-12-12T13:08:01","date_gmt":"2023-12-12T13:08:01","guid":{"rendered":"https:\/\/www.berti.net\/magazine\/arkeda-2023-berti-presenta-las-novedades\/"},"modified":"2025-05-28T09:29:54","modified_gmt":"2025-05-28T09:29:54","slug":"arkeda-2023-berti-presenta-las-novedades","status":"publish","type":"post","link":"https:\/\/berti.net\/es\/magazine\/arkeda-2023-berti-presenta-las-novedades\/","title":{"rendered":"Arkeda 2023: Berti presenta las novedades"},"content":{"rendered":"\n<div class=\"wp-block-group post-detail-pattern is-container has-base-2-color has-contrast-background-color has-text-color has-background has-link-color wp-elements-a1d3b4439bc2076a83ab035e7a715a1e has-global-padding is-layout-constrained wp-block-group-is-layout-constrained\" style=\"margin-top:0;margin-bottom:0;padding-top:var(--wp--preset--spacing--70);padding-bottom:var(--wp--preset--spacing--70)\">\n<div class=\"wp-block-columns alignwide is-layout-flex wp-container-core-columns-is-layout-d125203f wp-block-columns-is-layout-flex\" style=\"margin-bottom:var(--wp--preset--spacing--50)\">\n<div class=\"wp-block-column is-vertically-aligned-stretch is-layout-flow wp-block-column-is-layout-flow\" style=\"padding-right:0;flex-basis:50%\">\n<div class=\"wp-block-group is-vertical is-content-justification-stretch is-layout-flex wp-container-core-group-is-layout-e9e70883 wp-block-group-is-layout-flex\" style=\"min-height:100%\">\n<div class=\"wp-block-group post-categories is-nowrap is-layout-flex wp-container-core-group-is-layout-3155b93e wp-block-group-is-layout-flex\" style=\"margin-top:var(--wp--preset--spacing--20);font-size:11px\">\n<p>Revista \/<\/p>\n\n\n<div class=\"taxonomy-category wp-block-post-terms\"><a href=\"https:\/\/berti.net\/es\/magazine\/category\/productos\/\" rel=\"tag\">Productos<\/a><span class=\"wp-block-post-terms__separator\">, <\/span><a href=\"https:\/\/berti.net\/es\/magazine\/category\/eventos\/\" rel=\"tag\">Eventos<\/a><\/div><\/div>\n\n\n<div style=\"font-style:normal;font-weight:600;text-transform:uppercase;\" class=\"has-link-color wp-elements-32859cd979b45056895d81c5660c23a0 wp-block-post-date has-text-color has-base-color has-s-font-size\"><time datetime=\"2023-12-12T13:08:01+00:00\">12 December 2023<\/time><\/div>\n\n\n<h1 class=\"wp-block-heading post-title\">Arkeda 2023<\/h1>\n\n\n\n<h2 class=\"wp-block-heading post-subtitle\" style=\"margin-bottom:var(--wp--preset--spacing--20)\">Con el vibrante tel\u00f3n de fondo de <strong>Arkeda 2023<\/strong>, la gran feria napolitana de arquitectura, construcci\u00f3n, dise\u00f1o y convenci\u00f3n del mueble en el centro del Mediterr\u00e1neo, Berti capt\u00f3 la atenci\u00f3n de arquitectos, dise\u00f1adores y profesionales del sector presentando <strong>I-Wood<\/strong>la nueva colecci\u00f3n de revestimientos de madera para suelos y paredes.<\/h2>\n\n\n\n<h3 class=\"wp-block-heading has-m-font-size\"><strong>Madera aut\u00e9ntica para revestimientos de suelos y paredes de \u00faltima generaci\u00f3n<\/strong><\/h3>\n\n\n\n<p>Funcionalidad, dise\u00f1o y ecosostenibilidad fueron las palabras clave para el desarrollo de <strong>I-Wood<\/strong>. Una versi\u00f3n revolucionaria del <strong>suelo<\/strong>, pensada para quienes eligen <strong>la madera<\/strong> para amueblar. La versatilidad de este producto lo hace perfecto como <strong>revestimiento de suelos<\/strong>, gracias a la ligereza que le proporciona su grosor total de 10,2 mm. La primera capa de <strong>madera<\/strong> noble, combinada con el soporte de <strong>abedul<\/strong> y el contrapeso de madera de primera calidad, est\u00e1 protegida por el innovador acabado <strong>XstremeStrong<\/strong>: la tecnolog\u00eda de revestimiento m\u00e1s avanzada para una combinaci\u00f3n perfecta de conocimientos t\u00e9cnicos de producci\u00f3n y calidad <strong>Made in Italy<\/strong>.  <\/p>\n\n\n\n<h3 class=\"wp-block-heading has-m-font-size\"><strong>M\u00e1xima resistencia de la madera y ecosostenibilidad<\/strong><\/h3>\n\n\n\n<p>Es precisamente la tecnolog\u00eda <strong>XtremeStrong<\/strong> el punto fuerte de esta colecci\u00f3n. Un sistema de <strong>barnizado de \u00faltima generaci\u00f3n<\/strong>, dise\u00f1ado y desarrollado por Berti, que garantiza una resistencia excepcional a las marcas de desgaste, como las de los tacones y los animales dom\u00e9sticos, y <strong>una alt\u00edsima resistencia<\/strong> al agua. Un barniz capaz de realzar el <strong>suelo de madera<\/strong>, haci\u00e9ndolo tan resistente que maximiza<strong>la eficacia de la producci\u00f3n<\/strong> y utiliza capas superficiales m\u00e1s finas, con importantes resultados: <strong>bajo impacto medioambiental<\/strong> y comodidad.  <\/p>\n\n\n\n<p>Se han superado todas las pruebas, certificando un producto de alto tr\u00e1nsito y gran resistencia a la abrasi\u00f3n, seg\u00fan la norma UNI EN 14354:2017. Un aut\u00e9ntico revestimiento de madera para suelos y paredes, por tanto, ideal para cualquier tipo de entorno, desde el residencial hasta el p\u00fablico. <\/p>\n\n\n\n<figure class=\"wp-block-image size-large is-style-default\"><img loading=\"lazy\" decoding=\"async\" width=\"1024\" height=\"729\" src=\"https:\/\/www.berti.net\/wp-content\/uploads\/2024\/10\/berti-iwood-certificati-resistenza-scaled-1-1024x729.jpg\" alt=\"\" class=\"wp-image-6665\" srcset=\"https:\/\/berti.net\/wp-content\/uploads\/2024\/10\/berti-iwood-certificati-resistenza-scaled-1-1024x729.jpg 1024w, https:\/\/berti.net\/wp-content\/uploads\/2024\/10\/berti-iwood-certificati-resistenza-scaled-1-300x214.jpg 300w, https:\/\/berti.net\/wp-content\/uploads\/2024\/10\/berti-iwood-certificati-resistenza-scaled-1-768x547.jpg 768w, https:\/\/berti.net\/wp-content\/uploads\/2024\/10\/berti-iwood-certificati-resistenza-scaled-1-1536x1094.jpg 1536w, https:\/\/berti.net\/wp-content\/uploads\/2024\/10\/berti-iwood-certificati-resistenza-scaled-1-2048x1458.jpg 2048w\" sizes=\"auto, (max-width: 1024px) 100vw, 1024px\" \/><\/figure>\n\n\n\n<h3 class=\"wp-block-heading has-m-font-size\"><strong>Espigas de parquet: novedades I-Wood<\/strong><\/h3>\n\n\n\n<p>En primicia en Arkeda, Berti presenta la <strong>espiga<\/strong> I-Wood. Un cl\u00e1sico atemporal, el <strong>suelo de madera en espiga<\/strong>, que en los \u00faltimos a\u00f1os ha experimentado un notable retorno a la popularidad en el mercado de los suelos, hasta el punto de convertirse en una aut\u00e9ntica tendencia. Entre las muchas razones para elegir un suelo de <strong>Parquet en espiga<\/strong> est\u00e1 su elegancia. De hecho, es uno de los dise\u00f1os m\u00e1s refinados que puedes elegir para tu suelo y se adapta a cualquier tipo de <strong>especie de madera<\/strong> y color. La <strong>espiga I-Wood<\/strong> est\u00e1 disponible en 10 variantes de color y en 3 tonalidades: <strong>espiga pesce<\/strong> o <strong>espiga<\/strong> italiana, <strong>espiga h\u00fangara<\/strong> y <strong>espiga francesa<\/strong>.   <\/p>\n\n\n\n<figure class=\"wp-block-image size-large is-style-default\"><img loading=\"lazy\" decoding=\"async\" width=\"875\" height=\"1024\" src=\"https:\/\/www.berti.net\/wp-content\/uploads\/2024\/10\/bertiparquet-spina-iwood-blog-arkeda-2023-02-875x1024.jpg\" alt=\"\" class=\"wp-image-6668\" srcset=\"https:\/\/berti.net\/wp-content\/uploads\/2024\/10\/bertiparquet-spina-iwood-blog-arkeda-2023-02-875x1024.jpg 875w, https:\/\/berti.net\/wp-content\/uploads\/2024\/10\/bertiparquet-spina-iwood-blog-arkeda-2023-02-256x300.jpg 256w, https:\/\/berti.net\/wp-content\/uploads\/2024\/10\/bertiparquet-spina-iwood-blog-arkeda-2023-02-768x898.jpg 768w, https:\/\/berti.net\/wp-content\/uploads\/2024\/10\/bertiparquet-spina-iwood-blog-arkeda-2023-02.jpg 955w\" sizes=\"auto, (max-width: 875px) 100vw, 875px\" \/><\/figure>\n\n\n\n<h3 class=\"wp-block-heading has-m-font-size\"><strong>Experiencia de compra: nuevos sistemas de exposici\u00f3n<\/strong><\/h3>\n\n\n\n<p>Al final de los 3 d\u00edas de feria, la participaci\u00f3n en la d\u00e9cima edici\u00f3n de Arkeda fue una excelente oportunidad para conectar con nuevos arquitectos y profesionales del sector, que pudieron apreciar la innovaci\u00f3n y la calidad de los materiales presentados, y contribuyeron a los comentarios positivos sobre la novedad I-Wood.<br\/>Arkeda tambi\u00e9n fue una excelente oportunidad para presentar la nueva Experiencia de Compra y los nuevos conceptos de exposici\u00f3n para el parquet y la madera de Berti, con el objetivo de crear entornos dentro de las salas de exposici\u00f3n que se diferencien de los expositores est\u00e1ndar, y que pongan de relieve la calidad del parquet y la madera de Berti.<\/p>\n\n\n\n<p>Berti ofrece soluciones de parquet y suelos de madera para cada necesidad y entorno, desc\u00fabrelas en nuestro sitio web: <a href=\"https:\/\/www.berti.net\/es\/parquet\/\"><strong>www.berti.net\/parquet<\/strong><\/a> o ponte en contacto con nosotros para encontrar tu distribuidor m\u00e1s cercano: <a href=\"https:\/\/www.berti.net\/es\/puntos-de-venta\/\"><strong>berti.net\/find-the-retailer<\/strong><\/a><\/p>\n\n\n\n<p class=\"has-s-font-size\">EN ESTE PROYECTO:<br\/>\u2937 <strong><a href=\"https:\/\/www.berti.net\/parquet\/parquet-in-rovere-e-legni-pregiati-essential\/parquet-rovere-chiaro-naturalizzato\/\">Parquet de roble claro naturalizado<\/a><\/strong><br\/>\u2937 <strong><a href=\"https:\/\/www.berti.net\/es\/parquet\/parquet-essential\/\">Colecci\u00f3n de suelos de madera Essential<\/a><\/strong><\/p>\n<\/div>\n<\/div>\n\n\n\n<div class=\"wp-block-column is-layout-flow wp-container-core-column-is-layout-22223934 wp-block-column-is-layout-flow\" style=\"flex-basis:50%\">\n<figure class=\"wp-block-image size-large is-style-default\"><img loading=\"lazy\" decoding=\"async\" width=\"1024\" height=\"768\" src=\"https:\/\/www.berti.net\/wp-content\/uploads\/2024\/10\/bertiparquet-blog-arkeda-2023-01-1024x768.jpg\" alt=\"\" class=\"wp-image-6659\" srcset=\"https:\/\/berti.net\/wp-content\/uploads\/2024\/10\/bertiparquet-blog-arkeda-2023-01-1024x768.jpg 1024w, https:\/\/berti.net\/wp-content\/uploads\/2024\/10\/bertiparquet-blog-arkeda-2023-01-300x225.jpg 300w, https:\/\/berti.net\/wp-content\/uploads\/2024\/10\/bertiparquet-blog-arkeda-2023-01-768x576.jpg 768w, https:\/\/berti.net\/wp-content\/uploads\/2024\/10\/bertiparquet-blog-arkeda-2023-01.jpg 1293w\" sizes=\"auto, (max-width: 1024px) 100vw, 1024px\" \/><\/figure>\n\n\n\n<figure class=\"wp-block-image size-large is-style-default\"><img loading=\"lazy\" decoding=\"async\" width=\"1024\" height=\"752\" src=\"https:\/\/www.berti.net\/wp-content\/uploads\/2024\/10\/bertiparquet-spina-iwood-blog-arkeda-2023-04-1024x752.jpg\" alt=\"\" class=\"wp-image-6662\" srcset=\"https:\/\/berti.net\/wp-content\/uploads\/2024\/10\/bertiparquet-spina-iwood-blog-arkeda-2023-04-1024x752.jpg 1024w, https:\/\/berti.net\/wp-content\/uploads\/2024\/10\/bertiparquet-spina-iwood-blog-arkeda-2023-04-300x220.jpg 300w, https:\/\/berti.net\/wp-content\/uploads\/2024\/10\/bertiparquet-spina-iwood-blog-arkeda-2023-04-768x564.jpg 768w, https:\/\/berti.net\/wp-content\/uploads\/2024\/10\/bertiparquet-spina-iwood-blog-arkeda-2023-04.jpg 1199w\" sizes=\"auto, (max-width: 1024px) 100vw, 1024px\" \/><\/figure>\n\n\n\n<figure class=\"wp-block-image size-large is-style-default\"><img loading=\"lazy\" decoding=\"async\" width=\"1024\" height=\"724\" src=\"https:\/\/www.berti.net\/wp-content\/uploads\/2024\/10\/bertiparquet-quinta-heritage-blog-arkeda-2023-01-1024x724.jpg\" alt=\"\" class=\"wp-image-6808\" srcset=\"https:\/\/berti.net\/wp-content\/uploads\/2024\/10\/bertiparquet-quinta-heritage-blog-arkeda-2023-01-1024x724.jpg 1024w, https:\/\/berti.net\/wp-content\/uploads\/2024\/10\/bertiparquet-quinta-heritage-blog-arkeda-2023-01-300x212.jpg 300w, https:\/\/berti.net\/wp-content\/uploads\/2024\/10\/bertiparquet-quinta-heritage-blog-arkeda-2023-01-768x543.jpg 768w, https:\/\/berti.net\/wp-content\/uploads\/2024\/10\/bertiparquet-quinta-heritage-blog-arkeda-2023-01.jpg 1246w\" sizes=\"auto, (max-width: 1024px) 100vw, 1024px\" \/><\/figure>\n\n\n\n<figure class=\"wp-block-image size-large is-style-default\"><img loading=\"lazy\" decoding=\"async\" width=\"1024\" height=\"724\" src=\"https:\/\/www.berti.net\/wp-content\/uploads\/2024\/10\/bertiparquet-blog-diesel-2023-03-1024x724.jpg\" alt=\"\" class=\"wp-image-6674\" srcset=\"https:\/\/berti.net\/wp-content\/uploads\/2024\/10\/bertiparquet-blog-diesel-2023-03-1024x724.jpg 1024w, https:\/\/berti.net\/wp-content\/uploads\/2024\/10\/bertiparquet-blog-diesel-2023-03-300x212.jpg 300w, https:\/\/berti.net\/wp-content\/uploads\/2024\/10\/bertiparquet-blog-diesel-2023-03-768x543.jpg 768w, https:\/\/berti.net\/wp-content\/uploads\/2024\/10\/bertiparquet-blog-diesel-2023-03.jpg 1246w\" sizes=\"auto, (max-width: 1024px) 100vw, 1024px\" \/><\/figure>\n<\/div>\n<\/div>\n\n\n\n<div class=\"wp-block-group post-categories has-global-padding is-content-justification-left is-layout-constrained wp-container-core-group-is-layout-836d34cb wp-block-group-is-layout-constrained\" style=\"margin-top:var(--wp--preset--spacing--70);font-size:11px\">\n<div class=\"wp-block-group is-content-justification-center is-nowrap is-layout-flex wp-container-core-group-is-layout-60758a6d wp-block-group-is-layout-flex\">\n<p>Revista \/<\/p>\n\n\n<div class=\"taxonomy-category wp-block-post-terms\"><a href=\"https:\/\/berti.net\/es\/magazine\/category\/productos\/\" rel=\"tag\">Productos<\/a><span class=\"wp-block-post-terms__separator\">, <\/span><a href=\"https:\/\/berti.net\/es\/magazine\/category\/eventos\/\" rel=\"tag\">Eventos<\/a><\/div><\/div>\n<\/div>\n<\/div>\n","protected":false},"excerpt":{"rendered":"<p>Con el vibrante tel\u00f3n de fondo de Arkeda 2023, la gran exposici\u00f3n napolitana de arquitectura, construcci\u00f3n, dise\u00f1o y conferencias sobre mobiliario en el centro del Mediterr\u00e1neo, Berti capt\u00f3 la atenci\u00f3n de arquitectos, dise\u00f1adores y profesionales del sector presentando I-Wood, la nueva colecci\u00f3n de revestimientos de madera para suelos y paredes.<\/p>\n","protected":false},"author":9,"featured_media":18553,"comment_status":"closed","ping_status":"closed","sticky":false,"template":"","format":"standard","meta":{"footnotes":""},"categories":[108,143],"tags":[],"class_list":["post-18550","post","type-post","status-publish","format-standard","has-post-thumbnail","hentry","category-productos","category-eventos"],"_links":{"self":[{"href":"https:\/\/berti.net\/es\/wp-json\/wp\/v2\/posts\/18550","targetHints":{"allow":["GET"]}}],"collection":[{"href":"https:\/\/berti.net\/es\/wp-json\/wp\/v2\/posts"}],"about":[{"href":"https:\/\/berti.net\/es\/wp-json\/wp\/v2\/types\/post"}],"author":[{"embeddable":true,"href":"https:\/\/berti.net\/es\/wp-json\/wp\/v2\/users\/9"}],"replies":[{"embeddable":true,"href":"https:\/\/berti.net\/es\/wp-json\/wp\/v2\/comments?post=18550"}],"version-history":[{"count":4,"href":"https:\/\/berti.net\/es\/wp-json\/wp\/v2\/posts\/18550\/revisions"}],"predecessor-version":[{"id":20932,"href":"https:\/\/berti.net\/es\/wp-json\/wp\/v2\/posts\/18550\/revisions\/20932"}],"wp:featuredmedia":[{"embeddable":true,"href":"https:\/\/berti.net\/es\/wp-json\/wp\/v2\/media\/18553"}],"wp:attachment":[{"href":"https:\/\/berti.net\/es\/wp-json\/wp\/v2\/media?parent=18550"}],"wp:term":[{"taxonomy":"category","embeddable":true,"href":"https:\/\/berti.net\/es\/wp-json\/wp\/v2\/categories?post=18550"},{"taxonomy":"post_tag","embeddable":true,"href":"https:\/\/berti.net\/es\/wp-json\/wp\/v2\/tags?post=18550"}],"curies":[{"name":"wp","href":"https:\/\/api.w.org\/{rel}","templated":true}]}}