{"id":18535,"date":"2023-08-02T16:13:06","date_gmt":"2023-08-02T16:13:06","guid":{"rendered":"https:\/\/www.berti.net\/magazine\/la-elegancia-del-parquet-hungaro-en-espiga\/"},"modified":"2025-05-19T09:26:16","modified_gmt":"2025-05-19T09:26:16","slug":"la-elegancia-del-parquet-hungaro-en-espiga","status":"publish","type":"post","link":"https:\/\/berti.net\/es\/magazine\/la-elegancia-del-parquet-hungaro-en-espiga\/","title":{"rendered":"La elegancia del parquet h\u00fangaro en espiga"},"content":{"rendered":"\n<div class=\"wp-block-group post-detail-pattern is-container has-base-2-color has-contrast-background-color has-text-color has-background has-link-color wp-elements-75a92b6ff97e3c1ff0e34f5e06ae6786 has-global-padding is-layout-constrained wp-block-group-is-layout-constrained\" style=\"margin-top:0;margin-bottom:0;padding-top:var(--wp--preset--spacing--70);padding-bottom:var(--wp--preset--spacing--70)\">\n<div class=\"wp-block-columns alignwide is-layout-flex wp-container-core-columns-is-layout-d125203f wp-block-columns-is-layout-flex\" style=\"margin-bottom:var(--wp--preset--spacing--50)\">\n<div class=\"wp-block-column is-vertically-aligned-stretch is-layout-flow wp-block-column-is-layout-flow\" style=\"padding-right:0;flex-basis:50%\">\n<div class=\"wp-block-group is-vertical is-content-justification-stretch is-layout-flex wp-container-core-group-is-layout-e9e70883 wp-block-group-is-layout-flex\" style=\"min-height:100%\">\n<div class=\"wp-block-group post-categories is-nowrap is-layout-flex wp-container-core-group-is-layout-3155b93e wp-block-group-is-layout-flex\" style=\"margin-top:var(--wp--preset--spacing--20);font-size:11px\">\n<p>Revista \/<\/p>\n\n\n<div class=\"taxonomy-category wp-block-post-terms\"><a href=\"https:\/\/berti.net\/es\/magazine\/category\/proyectos\/\" rel=\"tag\">Proyectos<\/a><\/div><\/div>\n\n\n<div style=\"font-style:normal;font-weight:600;text-transform:uppercase;\" class=\"has-link-color wp-elements-32859cd979b45056895d81c5660c23a0 wp-block-post-date has-text-color has-base-color has-s-font-size\"><time datetime=\"2023-08-02T16:13:06+00:00\">2 August 2023<\/time><\/div>\n\n\n<h1 class=\"wp-block-heading post-title\">La elegancia del parquet h\u00fangaro en espiga<\/h1>\n\n\n\n<h2 class=\"wp-block-heading post-subtitle\" style=\"margin-bottom:var(--wp--preset--spacing--20)\">La elegancia del parquet de <strong>espiga<\/strong> h\u00fangaro en un prestigioso piso situado en el coraz\u00f3n de la ciudad de N\u00e1poles, con una vista espectacular del <strong>Maschio Angioino<\/strong>, uno de los s\u00edmbolos de la ciudad napolitana.<\/h2>\n\n\n\n<h3 class=\"wp-block-heading has-m-font-size\"><strong>Cuando el parqu\u00e9 define espacios<\/strong><\/h3>\n\n\n\n<p>Del parquet claro al oscuro, el roble natural se adapta a todos los estilos de decoraci\u00f3n. As\u00ed, en <strong>Casa Angiolina<\/strong>, el color del parqu\u00e9 de roble preacabado Neutro, con su c\u00e1lido tono miel, define las estancias, creando contraste y armon\u00eda del conjunto, realzando las elegantes decoraciones para un resultado final sobrio y contempor\u00e1neo. Anteriormente un espacio de oficinas y ahora un refinado piso en la quinta planta de un edificio hist\u00f3rico situado en el coraz\u00f3n de la ciudad napolitana, este proyecto de renovaci\u00f3n, comisariado por el equipo de <strong>FADD<\/strong> Arquitectos, fue dise\u00f1ado para una joven pareja con un hijo.  <\/p>\n\n\n\n<h3 class=\"wp-block-heading has-m-font-size\"><strong>La elegancia del parquet en espiga<\/strong><\/h3>\n\n\n\n<p>En el proyecto de renovaci\u00f3n de la Casa Angiolina, empezamos con una cuidadosa selecci\u00f3n de <strong>suelos de madera<\/strong> para crear un estilo chic perfecto. Aqu\u00ed, la elecci\u00f3n del <strong>parquet en espiga<\/strong> fue la soluci\u00f3n ideal para crear un ambiente elegante y refinado, evocando espacios \u00edntimos y familiares.<br\/>Nacido en la \u00e9poca del Imperio Austroh\u00fangaro, el <strong>parquet en esp<\/strong> iga <strong>h\u00fangaro (parquet chevron)<\/strong> decor\u00f3 las casas de nobles franceses y austriacos en \u00e9pocas pasadas y, a\u00fan hoy, combina tradici\u00f3n y tendencia. Un <strong>parquet<\/strong> elegante y valioso, adecuado para cualquier tipo de decoraci\u00f3n, especialmente en habitaciones grandes y se\u00f1oriales.  <\/p>\n\n\n\n<h3 class=\"wp-block-heading has-m-font-size\"><strong>Parquet h\u00fangaro en espiga: tendencia interior<\/strong><\/h3>\n\n\n\n<p>Cuando se trata de <strong>suelos de madera<\/strong>, adem\u00e1s de la especie de madera (ya sea <strong>teca<\/strong>, <strong>nogal<\/strong>, <strong>doussi\u00e8<\/strong> o <strong>roble preacabado<\/strong>), tambi\u00e9n hay que elegir el patr\u00f3n de <a href=\"https:\/\/blog.berti.net\/berti-consiglia-la-posa-del-parquet\/\">colocaci\u00f3n<\/a>.<br\/>Entre las distintas geometr\u00edas de colocaci\u00f3n, las m\u00e1s conocidas son la colocaci\u00f3n <strong>en espiga<\/strong><strong>(oparquet italiano<\/strong> en<strong>espiga<\/strong>) y la <strong>espiga h<\/strong>\u00fangara. A diferencia del <strong>parquet de espiga italiano <\/strong>, en el que las <strong>tablas de madera<\/strong> son todas perfectamente rectangulares, el <strong>parquet de espiga<\/strong> h\u00fangaro se caracteriza por un corte oblicuo regular y requiere una mano de obra extremadamente precisa y de gran calidad para conseguir un efecto esc\u00e9nico incomparable. Similar al <strong>parquet<\/strong> de espiga franc\u00e9s, la colocaci\u00f3n del <strong>parquet de espiga<\/strong> h\u00fangaro se crea mediante <strong>tablones de<\/strong> madera cortados en un \u00e1ngulo de 60\u00b0 donde, en el punto de uni\u00f3n, se crea un efecto visual de \u00e1ngulo recto direccional.  <\/p>\n\n\n\n<p>De las muchas razones para elegir un <strong>parquet<\/strong> h\u00fangaro <strong>en espiga<\/strong>, la m\u00e1s importante es su elegancia: es una de las opciones de colocaci\u00f3n m\u00e1s refinadas que puedes elegir para tu parquet. Apta para cualquier tipo de <strong>especie de madera<\/strong> y color, es una de las soluciones de dise\u00f1o m\u00e1s refinadas del momento.   <\/p>\n\n\n\n<h3 class=\"wp-block-heading has-m-font-size\"><strong>Parquet Berti Roble Essential<\/strong><\/h3>\n\n\n\n<p>Para este proyecto, Studio Fadd eligi\u00f3 <strong>el parquet Berti Rovere Essential Neutro, <\/strong>un <strong>suelo de madera preacabado, cepillado<\/strong> y mate.<br\/>El barniz utilizado, para todos los productos Berti, es un acabado superficial protector de base acuosa, con bajo impacto medioambiental y libre de sustancias no t\u00f3xicas, especialmente dise\u00f1ado y formulado con materias primas cuidadosamente seleccionadas y sometidas a diversas pruebas de resistencia.<br\/>El resultado es un <strong>parquet<\/strong> suave al tacto, un producto est\u00e9ticamente impresionante y seguro, garantizado a lo largo del tiempo.<\/p>\n\n\n\n<p class=\"has-s-font-size\">EN ESTE PROYECTO:  <\/p>\n\n\n\n<p class=\"has-s-font-size\">\u2937 Parquet de roble preacabado Neutro  <\/p>\n\n\n\n<p class=\"has-s-font-size\">\u2937 Colecci\u00f3n de suelos de madera Essential<\/p>\n<\/div>\n<\/div>\n\n\n\n<div class=\"wp-block-column is-layout-flow wp-container-core-column-is-layout-22223934 wp-block-column-is-layout-flow\" style=\"flex-basis:50%\">\n<figure class=\"wp-block-image size-large is-style-default\"><img loading=\"lazy\" decoding=\"async\" width=\"1024\" height=\"812\" src=\"https:\/\/www.berti.net\/wp-content\/uploads\/2024\/09\/berti-parquet-rovere-spina-carlo-oriente-02-2-1024x812.jpg\" alt=\"\" class=\"wp-image-6629\" srcset=\"https:\/\/berti.net\/wp-content\/uploads\/2024\/09\/berti-parquet-rovere-spina-carlo-oriente-02-2-1024x812.jpg 1024w, https:\/\/berti.net\/wp-content\/uploads\/2024\/09\/berti-parquet-rovere-spina-carlo-oriente-02-2-300x238.jpg 300w, https:\/\/berti.net\/wp-content\/uploads\/2024\/09\/berti-parquet-rovere-spina-carlo-oriente-02-2-768x609.jpg 768w, https:\/\/berti.net\/wp-content\/uploads\/2024\/09\/berti-parquet-rovere-spina-carlo-oriente-02-2-1536x1218.jpg 1536w, https:\/\/berti.net\/wp-content\/uploads\/2024\/09\/berti-parquet-rovere-spina-carlo-oriente-02-2.jpg 1639w\" sizes=\"auto, (max-width: 1024px) 100vw, 1024px\" \/><\/figure>\n\n\n\n<p class=\"has-xxs-font-size\">PROYECTO <a href=\"http:\/\/www.faddarchitects.com\/portfolio\/adp-102\/\" target=\"_blank\" rel=\"noreferrer noopener\">FADD ARQUITECTOS<\/a> | FOTOS <a href=\"https:\/\/carloriente.it\/\" target=\"_blank\" rel=\"noreferrer noopener\">CARLO ORIENTE<\/a><\/p>\n\n\n\n<figure class=\"wp-block-image size-large is-style-default\"><img loading=\"lazy\" decoding=\"async\" width=\"1018\" height=\"1024\" src=\"https:\/\/www.berti.net\/wp-content\/uploads\/2024\/09\/berti-parquet-rovere-spina-carlo-oriente-04-1018x1024.jpg\" alt=\"\" class=\"wp-image-6632\" srcset=\"https:\/\/berti.net\/wp-content\/uploads\/2024\/09\/berti-parquet-rovere-spina-carlo-oriente-04-1018x1024.jpg 1018w, https:\/\/berti.net\/wp-content\/uploads\/2024\/09\/berti-parquet-rovere-spina-carlo-oriente-04-298x300.jpg 298w, https:\/\/berti.net\/wp-content\/uploads\/2024\/09\/berti-parquet-rovere-spina-carlo-oriente-04-150x150.jpg 150w, https:\/\/berti.net\/wp-content\/uploads\/2024\/09\/berti-parquet-rovere-spina-carlo-oriente-04-768x772.jpg 768w, https:\/\/berti.net\/wp-content\/uploads\/2024\/09\/berti-parquet-rovere-spina-carlo-oriente-04.jpg 1293w\" sizes=\"auto, (max-width: 1018px) 100vw, 1018px\" \/><\/figure>\n\n\n\n<p class=\"has-xxs-font-size\">PROYECTO <a href=\"http:\/\/www.faddarchitects.com\/portfolio\/adp-102\/\" target=\"_blank\" rel=\"noreferrer noopener\">FADD ARQUITECTOS<\/a> | FOTOS <a href=\"https:\/\/carloriente.it\/\" target=\"_blank\" rel=\"noreferrer noopener\">CARLO ORIENTE<\/a><\/p>\n\n\n\n<figure class=\"wp-block-image size-large is-style-default\"><img loading=\"lazy\" decoding=\"async\" width=\"1024\" height=\"683\" src=\"https:\/\/www.berti.net\/wp-content\/uploads\/2024\/09\/berti-parquet-rovere-spina-carlo-oriente-03-1024x683.jpg\" alt=\"\" class=\"wp-image-6683\" srcset=\"https:\/\/berti.net\/wp-content\/uploads\/2024\/09\/berti-parquet-rovere-spina-carlo-oriente-03-1024x683.jpg 1024w, https:\/\/berti.net\/wp-content\/uploads\/2024\/09\/berti-parquet-rovere-spina-carlo-oriente-03-300x200.jpg 300w, https:\/\/berti.net\/wp-content\/uploads\/2024\/09\/berti-parquet-rovere-spina-carlo-oriente-03-768x512.jpg 768w, https:\/\/berti.net\/wp-content\/uploads\/2024\/09\/berti-parquet-rovere-spina-carlo-oriente-03-1536x1024.jpg 1536w, https:\/\/berti.net\/wp-content\/uploads\/2024\/09\/berti-parquet-rovere-spina-carlo-oriente-03.jpg 1639w\" sizes=\"auto, (max-width: 1024px) 100vw, 1024px\" \/><\/figure>\n\n\n\n<p class=\"has-xxs-font-size\">PROYECTO <a href=\"http:\/\/www.faddarchitects.com\/portfolio\/adp-102\/\" target=\"_blank\" rel=\"noreferrer noopener\">FADD ARQUITECTOS<\/a> | FOTOS <a href=\"https:\/\/carloriente.it\/\" target=\"_blank\" rel=\"noreferrer noopener\">CARLO ORIENTE<\/a><\/p>\n\n\n\n<figure class=\"wp-block-image size-large is-style-default\"><img loading=\"lazy\" decoding=\"async\" width=\"1024\" height=\"812\" src=\"https:\/\/www.berti.net\/wp-content\/uploads\/2024\/09\/berti-parquet-rovere-spina-carlo-oriente-01-1024x812.jpg\" alt=\"\" class=\"wp-image-6686\" srcset=\"https:\/\/berti.net\/wp-content\/uploads\/2024\/09\/berti-parquet-rovere-spina-carlo-oriente-01-1024x812.jpg 1024w, https:\/\/berti.net\/wp-content\/uploads\/2024\/09\/berti-parquet-rovere-spina-carlo-oriente-01-300x238.jpg 300w, https:\/\/berti.net\/wp-content\/uploads\/2024\/09\/berti-parquet-rovere-spina-carlo-oriente-01-768x609.jpg 768w, https:\/\/berti.net\/wp-content\/uploads\/2024\/09\/berti-parquet-rovere-spina-carlo-oriente-01-1536x1218.jpg 1536w, https:\/\/berti.net\/wp-content\/uploads\/2024\/09\/berti-parquet-rovere-spina-carlo-oriente-01.jpg 1639w\" sizes=\"auto, (max-width: 1024px) 100vw, 1024px\" \/><\/figure>\n\n\n\n<p class=\"has-xxs-font-size\">PROYECTO <a href=\"http:\/\/www.faddarchitects.com\/portfolio\/adp-102\/\" target=\"_blank\" rel=\"noreferrer noopener\">FADD ARQUITECTOS<\/a> | FOTOS <a href=\"https:\/\/carloriente.it\/\" target=\"_blank\" rel=\"noreferrer noopener\">CARLO ORIENTE<\/a><\/p>\n<\/div>\n<\/div>\n\n\n\n<div class=\"wp-block-group post-categories has-global-padding is-content-justification-left is-layout-constrained wp-container-core-group-is-layout-836d34cb wp-block-group-is-layout-constrained\" style=\"margin-top:var(--wp--preset--spacing--70);font-size:11px\">\n<div class=\"wp-block-group is-content-justification-center is-nowrap is-layout-flex wp-container-core-group-is-layout-60758a6d wp-block-group-is-layout-flex\">\n<p>Revista \/<\/p>\n\n\n<div class=\"taxonomy-category wp-block-post-terms\"><a href=\"https:\/\/berti.net\/es\/magazine\/category\/proyectos\/\" rel=\"tag\">Proyectos<\/a><\/div><\/div>\n<\/div>\n<\/div>\n","protected":false},"excerpt":{"rendered":"<p>La elegancia del parquet de espiga h\u00fangaro en un prestigioso piso situado en el coraz\u00f3n de N\u00e1poles.<\/p>\n","protected":false},"author":2,"featured_media":18540,"comment_status":"closed","ping_status":"closed","sticky":false,"template":"","format":"standard","meta":{"footnotes":""},"categories":[142],"tags":[],"class_list":["post-18535","post","type-post","status-publish","format-standard","has-post-thumbnail","hentry","category-proyectos"],"_links":{"self":[{"href":"https:\/\/berti.net\/es\/wp-json\/wp\/v2\/posts\/18535","targetHints":{"allow":["GET"]}}],"collection":[{"href":"https:\/\/berti.net\/es\/wp-json\/wp\/v2\/posts"}],"about":[{"href":"https:\/\/berti.net\/es\/wp-json\/wp\/v2\/types\/post"}],"author":[{"embeddable":true,"href":"https:\/\/berti.net\/es\/wp-json\/wp\/v2\/users\/2"}],"replies":[{"embeddable":true,"href":"https:\/\/berti.net\/es\/wp-json\/wp\/v2\/comments?post=18535"}],"version-history":[{"count":4,"href":"https:\/\/berti.net\/es\/wp-json\/wp\/v2\/posts\/18535\/revisions"}],"predecessor-version":[{"id":20937,"href":"https:\/\/berti.net\/es\/wp-json\/wp\/v2\/posts\/18535\/revisions\/20937"}],"wp:featuredmedia":[{"embeddable":true,"href":"https:\/\/berti.net\/es\/wp-json\/wp\/v2\/media\/18540"}],"wp:attachment":[{"href":"https:\/\/berti.net\/es\/wp-json\/wp\/v2\/media?parent=18535"}],"wp:term":[{"taxonomy":"category","embeddable":true,"href":"https:\/\/berti.net\/es\/wp-json\/wp\/v2\/categories?post=18535"},{"taxonomy":"post_tag","embeddable":true,"href":"https:\/\/berti.net\/es\/wp-json\/wp\/v2\/tags?post=18535"}],"curies":[{"name":"wp","href":"https:\/\/api.w.org\/{rel}","templated":true}]}}