{"id":18534,"date":"2020-01-28T12:58:15","date_gmt":"2020-01-28T12:58:15","guid":{"rendered":"https:\/\/www.berti.net\/magazine\/bienvenido-el-nuevo-ano-2020\/"},"modified":"2025-05-19T09:27:14","modified_gmt":"2025-05-19T09:27:14","slug":"bienvenido-el-nuevo-ano-2020","status":"publish","type":"post","link":"https:\/\/berti.net\/es\/magazine\/bienvenido-el-nuevo-ano-2020\/","title":{"rendered":"\u00a1Bienvenido el nuevo a\u00f1o 2020!"},"content":{"rendered":"\n<div class=\"wp-block-group post-detail-pattern is-container has-base-2-color has-contrast-background-color has-text-color has-background has-link-color wp-elements-ac3664bdf67b97210a7212e009aa6a52 has-global-padding is-layout-constrained wp-block-group-is-layout-constrained\" style=\"margin-top:0;margin-bottom:0;padding-top:var(--wp--preset--spacing--70);padding-bottom:var(--wp--preset--spacing--70)\">\n<div class=\"wp-block-columns alignwide is-layout-flex wp-container-core-columns-is-layout-d125203f wp-block-columns-is-layout-flex\" style=\"margin-bottom:var(--wp--preset--spacing--50)\">\n<div class=\"wp-block-column is-vertically-aligned-stretch is-layout-flow wp-block-column-is-layout-flow\" style=\"padding-right:0;flex-basis:50%\">\n<div class=\"wp-block-group is-vertical is-content-justification-stretch is-layout-flex wp-container-core-group-is-layout-e9e70883 wp-block-group-is-layout-flex\" style=\"min-height:100%\">\n<div class=\"wp-block-group post-categories is-nowrap is-layout-flex wp-container-core-group-is-layout-3155b93e wp-block-group-is-layout-flex\" style=\"margin-top:var(--wp--preset--spacing--20);font-size:11px\">\n<p>Revista \/<\/p>\n\n\n<div class=\"taxonomy-category wp-block-post-terms\"><a href=\"https:\/\/berti.net\/es\/magazine\/category\/productos\/\" rel=\"tag\">Productos<\/a><span class=\"wp-block-post-terms__separator\">, <\/span><a href=\"https:\/\/berti.net\/es\/magazine\/category\/eventos\/\" rel=\"tag\">Eventos<\/a><\/div><\/div>\n\n\n<div style=\"font-style:normal;font-weight:600;text-transform:uppercase;\" class=\"has-link-color wp-elements-32859cd979b45056895d81c5660c23a0 wp-block-post-date has-text-color has-base-color has-s-font-size\"><time datetime=\"2020-01-28T12:58:15+00:00\">28 January 2020<\/time><\/div>\n\n\n<h1 class=\"wp-block-heading post-title\">\u00a1Bienvenido el nuevo a\u00f1o <strong>2020<\/strong>!<\/h1>\n\n\n\n<h1 class=\"wp-block-heading post-subtitle\" style=\"margin-bottom:var(--wp--preset--spacing--20)\"><strong>Domotex 2020<em>, el <\/em><\/strong>evento de referencia para descubrir las \u00faltimas tendencias del mercado internacional de los suelos, es un momento clave para reunirse con compradores, socios, arquitectos y dise\u00f1adores de todo el mundo, activando relaciones comerciales y colaboraciones.<strong> Treinta y cinco mil personas, el 70% de ellas extranjeras, visitaron los 1400 expositores de m\u00e1s de 60 pa\u00edses<\/strong>.<\/h1>\n\n\n\n<p>Seg\u00fan Andrea Grochow, responsable del evento, &#8221;las cifras de participaci\u00f3n reflejan una tendencia continuada hacia una mayor concentraci\u00f3n del mercado, con un nuevo aumento de la proporci\u00f3n de profesionales de alto nivel, un factor importante para el crecimiento del mercado en 2020&#8243;.<\/p>\n\n\n\n<p>Con un aspecto <em>absolutamente blanco <\/em>y por segundo a\u00f1o consecutivo,<br\/><strong>Berti <\/strong> <strong>atrajo a los visitantes con<\/strong> un<strong>avance de productos muy creativos e innovadores que surgen de la combinaci\u00f3n de la tradici\u00f3n art\u00edstica y la investigaci\u00f3n expresiva del dise\u00f1o.<\/strong><\/p>\n\n\n\n<figure class=\"wp-block-image size-full\"><img loading=\"lazy\" decoding=\"async\" width=\"1200\" height=\"800\" src=\"https:\/\/www.berti.net\/wp-content\/uploads\/2024\/10\/berti_domotex_blog_1200x800_2020_stand_02.jpg\" alt=\"\" class=\"wp-image-7326\" srcset=\"https:\/\/berti.net\/wp-content\/uploads\/2024\/10\/berti_domotex_blog_1200x800_2020_stand_02.jpg 1200w, https:\/\/berti.net\/wp-content\/uploads\/2024\/10\/berti_domotex_blog_1200x800_2020_stand_02-300x200.jpg 300w, https:\/\/berti.net\/wp-content\/uploads\/2024\/10\/berti_domotex_blog_1200x800_2020_stand_02-1024x683.jpg 1024w, https:\/\/berti.net\/wp-content\/uploads\/2024\/10\/berti_domotex_blog_1200x800_2020_stand_02-768x512.jpg 768w\" sizes=\"auto, (max-width: 1200px) 100vw, 1200px\" \/><\/figure>\n\n\n\n<p>Para la colecci\u00f3n <a href=\"https:\/\/www.berti.net\/product\/prodotti-inspiration\/\" target=\"_blank\" rel=\"noreferrer noopener\"><strong>Berti Studio<\/strong><\/a>dos nuevos colores<strong>(TerraGold<\/strong> y <strong>Greyish<\/strong>) en planchas <strong>de gran formato<\/strong> y una serie exclusiva de planchas embellecidas con<strong> metales l\u00edquidos y resinas coloreadas,<\/strong>ideal para <strong>entornos importantes<\/strong> como hoteles, residencias, zonas comerciales<strong>.<\/strong><\/p>\n\n\n\n<figure class=\"wp-block-image size-full\"><img loading=\"lazy\" decoding=\"async\" width=\"1200\" height=\"800\" src=\"https:\/\/www.berti.net\/wp-content\/uploads\/2024\/10\/berti_domotex_blog_1200x800_2020_bstudio.jpg\" alt=\"\" class=\"wp-image-7334\" srcset=\"https:\/\/berti.net\/wp-content\/uploads\/2024\/10\/berti_domotex_blog_1200x800_2020_bstudio.jpg 1200w, https:\/\/berti.net\/wp-content\/uploads\/2024\/10\/berti_domotex_blog_1200x800_2020_bstudio-300x200.jpg 300w, https:\/\/berti.net\/wp-content\/uploads\/2024\/10\/berti_domotex_blog_1200x800_2020_bstudio-1024x683.jpg 1024w, https:\/\/berti.net\/wp-content\/uploads\/2024\/10\/berti_domotex_blog_1200x800_2020_bstudio-768x512.jpg 768w\" sizes=\"auto, (max-width: 1200px) 100vw, 1200px\" \/><\/figure>\n\n\n\n<figure class=\"wp-block-image size-full\"><img loading=\"lazy\" decoding=\"async\" width=\"1200\" height=\"800\" src=\"https:\/\/www.berti.net\/wp-content\/uploads\/2024\/10\/berti_domotex_blog_1200x800_2020.jpg\" alt=\"\" class=\"wp-image-7376\" srcset=\"https:\/\/berti.net\/wp-content\/uploads\/2024\/10\/berti_domotex_blog_1200x800_2020.jpg 1200w, https:\/\/berti.net\/wp-content\/uploads\/2024\/10\/berti_domotex_blog_1200x800_2020-300x200.jpg 300w, https:\/\/berti.net\/wp-content\/uploads\/2024\/10\/berti_domotex_blog_1200x800_2020-1024x683.jpg 1024w, https:\/\/berti.net\/wp-content\/uploads\/2024\/10\/berti_domotex_blog_1200x800_2020-768x512.jpg 768w\" sizes=\"auto, (max-width: 1200px) 100vw, 1200px\" \/><\/figure>\n\n\n\n<p>Inspirada en elementos naturales, motivos geom\u00e9tricos y llamativas decoraciones tradicionales es la exclusiva colecci\u00f3n de <a href=\"https:\/\/www.berti.net\/product\/collezione-quadrotte-square-space\/\" target=\"_blank\" rel=\"noreferrer noopener\"><strong>losetas preacabadas <\/strong><\/a>que celebra el viaje como momento de creatividad: de Venezia a Costa Rica, todos los dise\u00f1os hacen referencia conceptualmente a la naturaleza y a la belleza de los lugares.<\/p>\n\n\n\n<p>\u00a1Presencia ineludible en la feria de la colecci\u00f3n <strong><a href=\"https:\/\/www.berti.net\/collection\/diesel-living-with-berti\/\" target=\"_blank\" rel=\"noreferrer noopener\">Diesel Living<\/a> <\/strong>, con una original y expresiva propuesta de Sombras y el objetivo de ofrecer una amplia gama de productos a trav\u00e9s de los cuales <strong>el confort<\/strong> y la <strong>belleza<\/strong> se convierten en aut\u00e9nticos leitmotivs del <strong>buen vivir<\/strong>!<\/p>\n\n\n\n<figure class=\"wp-block-image size-full\"><img loading=\"lazy\" decoding=\"async\" width=\"1200\" height=\"1200\" src=\"https:\/\/www.berti.net\/wp-content\/uploads\/2024\/10\/berti_domotex-2020_giorno-1_001.jpg\" alt=\"\" class=\"wp-image-7410\" srcset=\"https:\/\/berti.net\/wp-content\/uploads\/2024\/10\/berti_domotex-2020_giorno-1_001.jpg 1200w, https:\/\/berti.net\/wp-content\/uploads\/2024\/10\/berti_domotex-2020_giorno-1_001-300x300.jpg 300w, https:\/\/berti.net\/wp-content\/uploads\/2024\/10\/berti_domotex-2020_giorno-1_001-1024x1024.jpg 1024w, https:\/\/berti.net\/wp-content\/uploads\/2024\/10\/berti_domotex-2020_giorno-1_001-150x150.jpg 150w, https:\/\/berti.net\/wp-content\/uploads\/2024\/10\/berti_domotex-2020_giorno-1_001-768x768.jpg 768w\" sizes=\"auto, (max-width: 1200px) 100vw, 1200px\" \/><\/figure>\n\n\n\n<p class=\"has-xxs-font-size\"><a href=\"https:\/\/www.berti.net\/product\/diesel-living-with-berti-prodotti-special\/\" target=\"_blank\" rel=\"noreferrer noopener\">Diesel Vivir con Berti | Grey Shadow<\/a><\/p>\n\n\n\n<p><a href=\"https:\/\/www.berti.net\/downloads\/\" target=\"_blank\" rel=\"noreferrer noopener\"><strong>\u21b3Descargar cat\u00e1logos<\/strong><\/a><\/p>\n\n\n\n<p><strong><a href=\"https:\/\/www.syncronia.com\/it\/download-texture-3d-diesel-living-with-berti\" target=\"_blank\" rel=\"noreferrer noopener\">\u21b3Descargar archivo bim 3 Diesel Vivir con Berti<\/a><\/strong><\/p>\n\n\n\n<p><a href=\"https:\/\/www.syncronia.com\/it\/produttori\/modelli-3d-bim-cad-pavimenti-altri-materiali-berti\" target=\"_blank\" rel=\"noreferrer noopener\"><strong>\u21b3Descarga el archivo bim 3 Colecci\u00f3n losetas Square Space<\/strong><\/a><\/p>\n<\/div>\n<\/div>\n\n\n\n<div class=\"wp-block-column is-layout-flow wp-container-core-column-is-layout-22223934 wp-block-column-is-layout-flow\" style=\"flex-basis:50%\">\n<figure class=\"wp-block-image size-full is-style-default\"><img loading=\"lazy\" decoding=\"async\" width=\"871\" height=\"1140\" src=\"https:\/\/www.berti.net\/wp-content\/uploads\/2024\/10\/berti_domotex_blog_1200x800_2020_stand.jpg\" alt=\"\" class=\"wp-image-7323\" srcset=\"https:\/\/berti.net\/wp-content\/uploads\/2024\/10\/berti_domotex_blog_1200x800_2020_stand.jpg 871w, https:\/\/berti.net\/wp-content\/uploads\/2024\/10\/berti_domotex_blog_1200x800_2020_stand-229x300.jpg 229w, https:\/\/berti.net\/wp-content\/uploads\/2024\/10\/berti_domotex_blog_1200x800_2020_stand-782x1024.jpg 782w, https:\/\/berti.net\/wp-content\/uploads\/2024\/10\/berti_domotex_blog_1200x800_2020_stand-768x1005.jpg 768w\" sizes=\"auto, (max-width: 871px) 100vw, 871px\" \/><\/figure>\n\n\n\n<figure class=\"wp-block-image size-full\"><img loading=\"lazy\" decoding=\"async\" width=\"1200\" height=\"800\" src=\"https:\/\/www.berti.net\/wp-content\/uploads\/2024\/10\/berti_domotex_blog_1200x800_2020_stand_01.jpg\" alt=\"\" class=\"wp-image-7330\" srcset=\"https:\/\/berti.net\/wp-content\/uploads\/2024\/10\/berti_domotex_blog_1200x800_2020_stand_01.jpg 1200w, https:\/\/berti.net\/wp-content\/uploads\/2024\/10\/berti_domotex_blog_1200x800_2020_stand_01-300x200.jpg 300w, https:\/\/berti.net\/wp-content\/uploads\/2024\/10\/berti_domotex_blog_1200x800_2020_stand_01-1024x683.jpg 1024w, https:\/\/berti.net\/wp-content\/uploads\/2024\/10\/berti_domotex_blog_1200x800_2020_stand_01-768x512.jpg 768w\" sizes=\"auto, (max-width: 1200px) 100vw, 1200px\" \/><\/figure>\n<\/div>\n<\/div>\n\n\n\n<div class=\"wp-block-group post-categories has-global-padding is-content-justification-left is-layout-constrained wp-container-core-group-is-layout-836d34cb wp-block-group-is-layout-constrained\" style=\"margin-top:var(--wp--preset--spacing--70);font-size:11px\">\n<div class=\"wp-block-group is-content-justification-center is-nowrap is-layout-flex wp-container-core-group-is-layout-60758a6d wp-block-group-is-layout-flex\">\n<p>Revista \/<\/p>\n\n\n<div class=\"taxonomy-category wp-block-post-terms\"><a href=\"https:\/\/berti.net\/es\/magazine\/category\/productos\/\" rel=\"tag\">Productos<\/a><span class=\"wp-block-post-terms__separator\">, <\/span><a href=\"https:\/\/berti.net\/es\/magazine\/category\/eventos\/\" rel=\"tag\">Eventos<\/a><\/div><\/div>\n<\/div>\n<\/div>\n\n<p><\/p>\n","protected":false},"excerpt":{"rendered":"<p>Domotex 2020, el evento de referencia para descubrir las \u00faltimas tendencias del mercado internacional de los suelos, es un momento clave para reunirse con compradores, socios, arquitectos y dise\u00f1adores de todo el mundo, activando relaciones comerciales y colaboraciones.<\/p>\n","protected":false},"author":9,"featured_media":18536,"comment_status":"closed","ping_status":"closed","sticky":false,"template":"","format":"standard","meta":{"footnotes":""},"categories":[108,143],"tags":[],"class_list":["post-18534","post","type-post","status-publish","format-standard","has-post-thumbnail","hentry","category-productos","category-eventos"],"_links":{"self":[{"href":"https:\/\/berti.net\/es\/wp-json\/wp\/v2\/posts\/18534","targetHints":{"allow":["GET"]}}],"collection":[{"href":"https:\/\/berti.net\/es\/wp-json\/wp\/v2\/posts"}],"about":[{"href":"https:\/\/berti.net\/es\/wp-json\/wp\/v2\/types\/post"}],"author":[{"embeddable":true,"href":"https:\/\/berti.net\/es\/wp-json\/wp\/v2\/users\/9"}],"replies":[{"embeddable":true,"href":"https:\/\/berti.net\/es\/wp-json\/wp\/v2\/comments?post=18534"}],"version-history":[{"count":4,"href":"https:\/\/berti.net\/es\/wp-json\/wp\/v2\/posts\/18534\/revisions"}],"predecessor-version":[{"id":20980,"href":"https:\/\/berti.net\/es\/wp-json\/wp\/v2\/posts\/18534\/revisions\/20980"}],"wp:featuredmedia":[{"embeddable":true,"href":"https:\/\/berti.net\/es\/wp-json\/wp\/v2\/media\/18536"}],"wp:attachment":[{"href":"https:\/\/berti.net\/es\/wp-json\/wp\/v2\/media?parent=18534"}],"wp:term":[{"taxonomy":"category","embeddable":true,"href":"https:\/\/berti.net\/es\/wp-json\/wp\/v2\/categories?post=18534"},{"taxonomy":"post_tag","embeddable":true,"href":"https:\/\/berti.net\/es\/wp-json\/wp\/v2\/tags?post=18534"}],"curies":[{"name":"wp","href":"https:\/\/api.w.org\/{rel}","templated":true}]}}