{"id":18522,"date":"2019-04-04T15:38:41","date_gmt":"2019-04-04T15:38:41","guid":{"rendered":"https:\/\/www.berti.net\/magazine\/work-in-progress-salone-del-mobile-2019\/"},"modified":"2025-05-19T09:27:52","modified_gmt":"2025-05-19T09:27:52","slug":"work-in-progress-salone-del-mobile-2019","status":"publish","type":"post","link":"https:\/\/berti.net\/es\/magazine\/work-in-progress-salone-del-mobile-2019\/","title":{"rendered":"Work in progress &#8211; Salone del Mobile 2019"},"content":{"rendered":"\n<div class=\"wp-block-group post-detail-pattern is-container has-base-2-color has-contrast-background-color has-text-color has-background has-link-color wp-elements-e3b4abbdd416c43cf8574da6fbde6f53 has-global-padding is-layout-constrained wp-block-group-is-layout-constrained\" style=\"margin-top:0;margin-bottom:0;padding-top:var(--wp--preset--spacing--70);padding-bottom:var(--wp--preset--spacing--70)\">\n<div class=\"wp-block-columns alignwide is-layout-flex wp-container-core-columns-is-layout-d125203f wp-block-columns-is-layout-flex\" style=\"margin-bottom:var(--wp--preset--spacing--50)\">\n<div class=\"wp-block-column is-vertically-aligned-stretch is-layout-flow wp-block-column-is-layout-flow\" style=\"padding-right:0;flex-basis:50%\">\n<div class=\"wp-block-group is-vertical is-content-justification-stretch is-layout-flex wp-container-core-group-is-layout-e9e70883 wp-block-group-is-layout-flex\" style=\"min-height:100%\">\n<div class=\"wp-block-group post-categories is-nowrap is-layout-flex wp-container-core-group-is-layout-3155b93e wp-block-group-is-layout-flex\" style=\"margin-top:var(--wp--preset--spacing--20);font-size:11px\">\n<p>Revista \/<\/p>\n\n\n<div class=\"taxonomy-category wp-block-post-terms\"><a href=\"https:\/\/berti.net\/es\/magazine\/category\/eventos\/\" rel=\"tag\">Eventos<\/a><\/div><\/div>\n\n\n<div style=\"font-style:normal;font-weight:600;text-transform:uppercase;\" class=\"has-link-color wp-elements-32859cd979b45056895d81c5660c23a0 wp-block-post-date has-text-color has-base-color has-s-font-size\"><time datetime=\"2019-04-04T15:38:41+00:00\">4 April 2019<\/time><\/div>\n\n\n<h1 class=\"wp-block-heading post-title\"><strong>Work in progress<\/strong> &#8211; Salone del Mobile 2019<\/h1>\n\n\n\n<h3 class=\"wp-block-heading post-subtitle\" style=\"margin-bottom:var(--wp--preset--spacing--20)\">Diez a\u00f1os despu\u00e9s del inicio del proyecto <strong>Diesel<\/strong> Living, esta edici\u00f3n del <strong>Salone del<\/strong> Mobile est\u00e1 dedicada al concepto del <strong>futuro<\/strong>, donde todo se puede construir y est\u00e1 en continuo <strong>work in progress<\/strong>. De la colecci\u00f3n de suelos de madera <strong>Diesel Living with Berti<\/strong>, habr\u00e1 variaciones en <strong>Negro<\/strong> y <strong>Gris<\/strong> de <strong>Shadow<\/strong>. <\/h3>\n\n\n\n<figure class=\"wp-block-image size-full\"><img loading=\"lazy\" decoding=\"async\" width=\"886\" height=\"1181\" src=\"https:\/\/www.berti.net\/wp-content\/uploads\/2024\/10\/DIESEL-LIVING-@-SALONE-DEL-MOBILE-2019_WIP.gif\" alt=\"\" class=\"wp-image-7558\"\/><\/figure>\n\n\n\n<p><strong>DIESEL LIVING WORK IN PROGRESS<\/strong><br\/>SALONE DEL MOBILE<br\/><em>Pabell\u00f3n 16, A35\/B28, Feria de Mil\u00e1n, RHO<\/em><\/p>\n<\/div>\n<\/div>\n\n\n\n<div class=\"wp-block-column is-layout-flow wp-container-core-column-is-layout-22223934 wp-block-column-is-layout-flow\" style=\"flex-basis:50%\"><\/div>\n<\/div>\n\n\n\n<div class=\"wp-block-group post-categories has-global-padding is-content-justification-left is-layout-constrained wp-container-core-group-is-layout-836d34cb wp-block-group-is-layout-constrained\" style=\"margin-top:var(--wp--preset--spacing--70);font-size:11px\">\n<div class=\"wp-block-group is-content-justification-center is-nowrap is-layout-flex wp-container-core-group-is-layout-60758a6d wp-block-group-is-layout-flex\">\n<p>Revista \/<\/p>\n\n\n<div class=\"taxonomy-category wp-block-post-terms\"><a href=\"https:\/\/berti.net\/es\/magazine\/category\/eventos\/\" rel=\"tag\">Eventos<\/a><\/div><\/div>\n<\/div>\n<\/div>\n\n<p><\/p>\n","protected":false},"excerpt":{"rendered":"<p>Diez a\u00f1os despu\u00e9s del inicio del proyecto Diesel Living, esta edici\u00f3n del Sal\u00f3n del Mueble est\u00e1 dedicada al concepto de futuro, donde todo se puede construir y est\u00e1 en continuo work in progress<\/p>\n","protected":false},"author":9,"featured_media":18523,"comment_status":"closed","ping_status":"closed","sticky":false,"template":"","format":"standard","meta":{"footnotes":""},"categories":[143],"tags":[],"class_list":["post-18522","post","type-post","status-publish","format-standard","has-post-thumbnail","hentry","category-eventos"],"_links":{"self":[{"href":"https:\/\/berti.net\/es\/wp-json\/wp\/v2\/posts\/18522","targetHints":{"allow":["GET"]}}],"collection":[{"href":"https:\/\/berti.net\/es\/wp-json\/wp\/v2\/posts"}],"about":[{"href":"https:\/\/berti.net\/es\/wp-json\/wp\/v2\/types\/post"}],"author":[{"embeddable":true,"href":"https:\/\/berti.net\/es\/wp-json\/wp\/v2\/users\/9"}],"replies":[{"embeddable":true,"href":"https:\/\/berti.net\/es\/wp-json\/wp\/v2\/comments?post=18522"}],"version-history":[{"count":2,"href":"https:\/\/berti.net\/es\/wp-json\/wp\/v2\/posts\/18522\/revisions"}],"predecessor-version":[{"id":21009,"href":"https:\/\/berti.net\/es\/wp-json\/wp\/v2\/posts\/18522\/revisions\/21009"}],"wp:featuredmedia":[{"embeddable":true,"href":"https:\/\/berti.net\/es\/wp-json\/wp\/v2\/media\/18523"}],"wp:attachment":[{"href":"https:\/\/berti.net\/es\/wp-json\/wp\/v2\/media?parent=18522"}],"wp:term":[{"taxonomy":"category","embeddable":true,"href":"https:\/\/berti.net\/es\/wp-json\/wp\/v2\/categories?post=18522"},{"taxonomy":"post_tag","embeddable":true,"href":"https:\/\/berti.net\/es\/wp-json\/wp\/v2\/tags?post=18522"}],"curies":[{"name":"wp","href":"https:\/\/api.w.org\/{rel}","templated":true}]}}