{"id":18493,"date":"2019-09-23T14:24:53","date_gmt":"2019-09-23T14:24:53","guid":{"rendered":"https:\/\/www.berti.net\/magazine\/semana-del-diseno-de-londres-2019\/"},"modified":"2025-05-19T09:27:30","modified_gmt":"2025-05-19T09:27:30","slug":"semana-del-diseno-de-londres-2019","status":"publish","type":"post","link":"https:\/\/berti.net\/es\/magazine\/semana-del-diseno-de-londres-2019\/","title":{"rendered":"SEMANA DEL DISE\u00d1O DE LONDRES 2019"},"content":{"rendered":"\n<div class=\"wp-block-group post-detail-pattern is-container has-base-2-color has-contrast-background-color has-text-color has-background has-link-color wp-elements-caec23ffd93c36192508a9e4dc4ee5b2 has-global-padding is-layout-constrained wp-block-group-is-layout-constrained\" style=\"margin-top:0;margin-bottom:0;padding-top:var(--wp--preset--spacing--70);padding-bottom:var(--wp--preset--spacing--70)\">\n<div class=\"wp-block-columns alignwide is-layout-flex wp-container-core-columns-is-layout-d125203f wp-block-columns-is-layout-flex\" style=\"margin-bottom:var(--wp--preset--spacing--50)\">\n<div class=\"wp-block-column is-vertically-aligned-stretch is-layout-flow wp-block-column-is-layout-flow\" style=\"padding-right:0;flex-basis:50%\">\n<div class=\"wp-block-group is-vertical is-content-justification-stretch is-layout-flex wp-container-core-group-is-layout-e9e70883 wp-block-group-is-layout-flex\" style=\"min-height:100%\">\n<div class=\"wp-block-group post-categories is-nowrap is-layout-flex wp-container-core-group-is-layout-3155b93e wp-block-group-is-layout-flex\" style=\"margin-top:var(--wp--preset--spacing--20);font-size:11px\">\n<p>Revista \/<\/p>\n\n\n<div class=\"taxonomy-category wp-block-post-terms\"><a href=\"https:\/\/berti.net\/es\/magazine\/category\/productos\/\" rel=\"tag\">Productos<\/a><span class=\"wp-block-post-terms__separator\">, <\/span><a href=\"https:\/\/berti.net\/es\/magazine\/category\/eventos\/\" rel=\"tag\">Eventos<\/a><\/div><\/div>\n\n\n<div style=\"font-style:normal;font-weight:600;text-transform:uppercase;\" class=\"has-link-color wp-elements-32859cd979b45056895d81c5660c23a0 wp-block-post-date has-text-color has-base-color has-s-font-size\"><time datetime=\"2019-09-23T14:24:53+00:00\">23 September 2019<\/time><\/div>\n\n\n<h1 class=\"wp-block-heading post-title\"><strong>SEMANA DEL DISE\u00d1O<\/strong> DE <strong>LONDRES<\/strong> 2019<\/h1>\n\n\n\n<h3 class=\"wp-block-heading post-subtitle\" style=\"margin-bottom:var(--wp--preset--spacing--20)\">Acabamos de terminar cuatro d\u00edas en la feria internacional de dise\u00f1o en el coraz\u00f3n creativo de <strong>Londres<\/strong>, durante los cuales hemos presentado los <strong>suelos de madera Berti<\/strong> y <strong>Diesel Living with Berti<\/strong>.<\/h3>\n\n\n\n<p><strong>La Semana del Dise\u00f1o<\/strong> de Londres se ha convertido en los \u00faltimos a\u00f1os en uno de los destinos m\u00e1s creativos de inter\u00e9s internacional, atrayendo a m\u00e1s de <strong>29.000 visitantes<\/strong>, la mayor\u00eda de ellos profesionales.<br\/>La<strong>Antigua F\u00e1brica de Cerveza Truman<\/strong>, en el East End de Londres, es famosa por haber sido una de las mayores f\u00e1bricas de cerveza del siglo XIX y, por tanto, es el lugar ideal para albergar la <strong>Feria del Dise\u00f1o de Londres,<\/strong> gracias a su ambiente postindustrial.<\/p>\n\n\n\n<p><strong>THE<\/strong> <a href=\"https:\/\/www.londondesignfair.co.uk\/bathroom-gallery\" target=\"_blank\" rel=\"noreferrer noopener\"><strong>BATHROOM<\/strong><\/a> <strong>GALLERY<\/strong><br\/>Los suelos de parquet de Berti fueron seleccionados para el proyecto<strong>&#8216;DNA Made in Italy<\/strong>&#8216; del Arq. Marco Poletti, que a su vez fue colocado en el evento &#8216;<strong>The Bathrooom Gallery<\/strong> &#8216; &#8211; en colaboraci\u00f3n con <a href=\"https:\/\/www.elledecoration.co.uk\/design\/events\/a28695357\/london-design-fair-bathroom-gallery\/\" target=\"_blank\" rel=\"noreferrer noopener\"><strong>Elle Decoration Uk<\/strong><\/a> y la talentosa dise\u00f1adora <strong>Ioana Lopascu<\/strong>.<\/p>\n\n\n\n<figure class=\"wp-block-image size-full\"><img loading=\"lazy\" decoding=\"async\" width=\"1200\" height=\"800\" src=\"https:\/\/www.berti.net\/wp-content\/uploads\/2024\/10\/blog-berti_parquet_LDF_1200x800_01.jpg\" alt=\"\" class=\"wp-image-7464\" srcset=\"https:\/\/berti.net\/wp-content\/uploads\/2024\/10\/blog-berti_parquet_LDF_1200x800_01.jpg 1200w, https:\/\/berti.net\/wp-content\/uploads\/2024\/10\/blog-berti_parquet_LDF_1200x800_01-300x200.jpg 300w, https:\/\/berti.net\/wp-content\/uploads\/2024\/10\/blog-berti_parquet_LDF_1200x800_01-1024x683.jpg 1024w, https:\/\/berti.net\/wp-content\/uploads\/2024\/10\/blog-berti_parquet_LDF_1200x800_01-768x512.jpg 768w\" sizes=\"auto, (max-width: 1200px) 100vw, 1200px\" \/><\/figure>\n\n\n\n<p><strong>PABELL\u00d3N 11, STAND 6-7<\/strong><br\/>A trav\u00e9s de este evento, se ha querido proponer el estilo de la<strong>excelencia italiana<\/strong> con un espacio dedicado a dos visiones nacidas de la idea y la necesidad de investigar la relaci\u00f3n entre el ser humano y el h\u00e1bitat: <strong>Urban&amp;Nature<\/strong>, dos mundos en las ant\u00edpodas y complementarios al mismo tiempo.<\/p>\n\n\n\n<figure class=\"wp-block-image size-full\"><img loading=\"lazy\" decoding=\"async\" width=\"798\" height=\"800\" src=\"https:\/\/www.berti.net\/wp-content\/uploads\/2024\/10\/blog-berti_parquet_LDF_1200x800_04.jpg\" alt=\"\" class=\"wp-image-7467\" srcset=\"https:\/\/berti.net\/wp-content\/uploads\/2024\/10\/blog-berti_parquet_LDF_1200x800_04.jpg 798w, https:\/\/berti.net\/wp-content\/uploads\/2024\/10\/blog-berti_parquet_LDF_1200x800_04-300x300.jpg 300w, https:\/\/berti.net\/wp-content\/uploads\/2024\/10\/blog-berti_parquet_LDF_1200x800_04-150x150.jpg 150w, https:\/\/berti.net\/wp-content\/uploads\/2024\/10\/blog-berti_parquet_LDF_1200x800_04-768x770.jpg 768w\" sizes=\"auto, (max-width: 798px) 100vw, 798px\" \/><\/figure>\n\n\n\n<p>&#8221;<strong>Urban<\/strong>&#8221; es el mundo de los colores vibrantes y los fuertes contrastes; tonos fr\u00edos que, iluminados por puntos de luz de colores, transmiten un cuento de hadas moderno t\u00edpicamente metropolitano.<br\/>He aqu\u00ed dos de los productos m\u00e1s llamativos de la colecci\u00f3n <strong>Diesel Living with Berti<\/strong>, con una fuerte carga expresiva y una intensidad crom\u00e1tica de incisivo impacto material: <strong><a href=\"https:\/\/www.berti.net\/product\/diesel-living-with-berti-prodotti-true-colors\/\" target=\"_blank\" rel=\"noreferrer noopener\">True Indigo<\/a> y el <a href=\"https:\/\/www.berti.net\/product\/diesel-living-with-berti-prodotti-special\/\" target=\"_blank\" rel=\"noreferrer noopener\">Black Shadow<\/a><\/strong>.<\/p>\n\n\n\n<figure class=\"wp-block-image size-full\"><img loading=\"lazy\" decoding=\"async\" width=\"1200\" height=\"800\" src=\"https:\/\/www.berti.net\/wp-content\/uploads\/2024\/10\/blog-berti_parquet_LDF_1200x800_02.jpg\" alt=\"\" class=\"wp-image-7473\" srcset=\"https:\/\/berti.net\/wp-content\/uploads\/2024\/10\/blog-berti_parquet_LDF_1200x800_02.jpg 1200w, https:\/\/berti.net\/wp-content\/uploads\/2024\/10\/blog-berti_parquet_LDF_1200x800_02-300x200.jpg 300w, https:\/\/berti.net\/wp-content\/uploads\/2024\/10\/blog-berti_parquet_LDF_1200x800_02-1024x683.jpg 1024w, https:\/\/berti.net\/wp-content\/uploads\/2024\/10\/blog-berti_parquet_LDF_1200x800_02-768x512.jpg 768w\" sizes=\"auto, (max-width: 1200px) 100vw, 1200px\" \/><\/figure>\n\n\n\n<p>La Visi\u00f3n<strong>&#8221;Naturaleza<\/strong>&#8221;, en cambio, cobra vida y respira en un entorno donde los materiales y los colores calientan el espacio y lo regeneran con colores emocionales. El suelo de madera de este espacio, compuesto por la <a href=\"https:\/\/www.berti.net\/product\/collezione-quadrotte-square-space\/\" target=\"_blank\" rel=\"noreferrer noopener\"><strong>losetas San Jos\u00e8<\/strong> <\/a>de la colecci\u00f3n &#8221;Square Space&#8221;, tiene un dibujo que evoca las ondulaciones de la playa y las ondulaciones del oc\u00e9ano, mientras que la alternancia de colores c\u00e1lidos evoca los troncos de los bosques. <\/p>\n\n\n\n<figure class=\"wp-block-image size-full\"><img loading=\"lazy\" decoding=\"async\" width=\"1200\" height=\"800\" src=\"https:\/\/www.berti.net\/wp-content\/uploads\/2024\/10\/blog-berti_parquet_LDF_1200x800_03.jpg\" alt=\"\" class=\"wp-image-7476\" srcset=\"https:\/\/berti.net\/wp-content\/uploads\/2024\/10\/blog-berti_parquet_LDF_1200x800_03.jpg 1200w, https:\/\/berti.net\/wp-content\/uploads\/2024\/10\/blog-berti_parquet_LDF_1200x800_03-300x200.jpg 300w, https:\/\/berti.net\/wp-content\/uploads\/2024\/10\/blog-berti_parquet_LDF_1200x800_03-1024x683.jpg 1024w, https:\/\/berti.net\/wp-content\/uploads\/2024\/10\/blog-berti_parquet_LDF_1200x800_03-768x512.jpg 768w\" sizes=\"auto, (max-width: 1200px) 100vw, 1200px\" \/><\/figure>\n\n\n\n<p><a href=\"https:\/\/www.pinterest.it\/bertipavimenti\/pins\/\" target=\"_blank\" rel=\"noreferrer noopener\"><strong>  Galer\u00eda Pinterest<\/strong><\/a><\/p>\n\n\n\n<p><a href=\"https:\/\/www.berti.net\/downloads\/\" target=\"_blank\" rel=\"noreferrer noopener\"><strong>  Examinar cat\u00e1logo<\/strong><\/a><\/p>\n\n\n\n<p><a href=\"https:\/\/www.syncronia.com\/it\/download-texture-3d-diesel-living-with-berti\" target=\"_blank\" rel=\"noreferrer noopener\"><strong>  Descarga texturas, modelos 3D y archivos BIM de la colecci\u00f3n Diesel Living with Berti<\/strong><\/a><\/p>\n<\/div>\n<\/div>\n\n\n\n<div class=\"wp-block-column is-layout-flow wp-container-core-column-is-layout-22223934 wp-block-column-is-layout-flow\" style=\"flex-basis:50%\">\n<figure class=\"wp-block-image size-full is-style-default\"><img loading=\"lazy\" decoding=\"async\" width=\"1200\" height=\"800\" src=\"https:\/\/www.berti.net\/wp-content\/uploads\/2024\/10\/blog-berti_parquet_LDF_1200x800_05.jpg\" alt=\"\" class=\"wp-image-7459\" srcset=\"https:\/\/berti.net\/wp-content\/uploads\/2024\/10\/blog-berti_parquet_LDF_1200x800_05.jpg 1200w, https:\/\/berti.net\/wp-content\/uploads\/2024\/10\/blog-berti_parquet_LDF_1200x800_05-300x200.jpg 300w, https:\/\/berti.net\/wp-content\/uploads\/2024\/10\/blog-berti_parquet_LDF_1200x800_05-1024x683.jpg 1024w, https:\/\/berti.net\/wp-content\/uploads\/2024\/10\/blog-berti_parquet_LDF_1200x800_05-768x512.jpg 768w\" sizes=\"auto, (max-width: 1200px) 100vw, 1200px\" \/><\/figure>\n<\/div>\n<\/div>\n\n\n\n<div class=\"wp-block-group post-categories has-global-padding is-content-justification-left is-layout-constrained wp-container-core-group-is-layout-836d34cb wp-block-group-is-layout-constrained\" style=\"margin-top:var(--wp--preset--spacing--70);font-size:11px\">\n<div class=\"wp-block-group is-content-justification-center is-nowrap is-layout-flex wp-container-core-group-is-layout-60758a6d wp-block-group-is-layout-flex\">\n<p>Revista \/<\/p>\n\n\n<div class=\"taxonomy-category wp-block-post-terms\"><a href=\"https:\/\/berti.net\/es\/magazine\/category\/productos\/\" rel=\"tag\">Productos<\/a><span class=\"wp-block-post-terms__separator\">, <\/span><a href=\"https:\/\/berti.net\/es\/magazine\/category\/eventos\/\" rel=\"tag\">Eventos<\/a><\/div><\/div>\n<\/div>\n<\/div>\n\n<p><\/p>\n","protected":false},"excerpt":{"rendered":"<p>Acabamos de terminar cuatro d\u00edas en la feria internacional de dise\u00f1o en el coraz\u00f3n creativo de Londres, durante los cuales hemos presentado los suelos de madera Berti y Diesel Living with Berti.<\/p>\n","protected":false},"author":9,"featured_media":18494,"comment_status":"closed","ping_status":"closed","sticky":false,"template":"","format":"standard","meta":{"footnotes":""},"categories":[108,143],"tags":[],"class_list":["post-18493","post","type-post","status-publish","format-standard","has-post-thumbnail","hentry","category-productos","category-eventos"],"_links":{"self":[{"href":"https:\/\/berti.net\/es\/wp-json\/wp\/v2\/posts\/18493","targetHints":{"allow":["GET"]}}],"collection":[{"href":"https:\/\/berti.net\/es\/wp-json\/wp\/v2\/posts"}],"about":[{"href":"https:\/\/berti.net\/es\/wp-json\/wp\/v2\/types\/post"}],"author":[{"embeddable":true,"href":"https:\/\/berti.net\/es\/wp-json\/wp\/v2\/users\/9"}],"replies":[{"embeddable":true,"href":"https:\/\/berti.net\/es\/wp-json\/wp\/v2\/comments?post=18493"}],"version-history":[{"count":4,"href":"https:\/\/berti.net\/es\/wp-json\/wp\/v2\/posts\/18493\/revisions"}],"predecessor-version":[{"id":20990,"href":"https:\/\/berti.net\/es\/wp-json\/wp\/v2\/posts\/18493\/revisions\/20990"}],"wp:featuredmedia":[{"embeddable":true,"href":"https:\/\/berti.net\/es\/wp-json\/wp\/v2\/media\/18494"}],"wp:attachment":[{"href":"https:\/\/berti.net\/es\/wp-json\/wp\/v2\/media?parent=18493"}],"wp:term":[{"taxonomy":"category","embeddable":true,"href":"https:\/\/berti.net\/es\/wp-json\/wp\/v2\/categories?post=18493"},{"taxonomy":"post_tag","embeddable":true,"href":"https:\/\/berti.net\/es\/wp-json\/wp\/v2\/tags?post=18493"}],"curies":[{"name":"wp","href":"https:\/\/api.w.org\/{rel}","templated":true}]}}