{"id":18481,"date":"2019-09-13T14:52:53","date_gmt":"2019-09-13T14:52:53","guid":{"rendered":"https:\/\/www.berti.net\/magazine\/jornadas-de-puertas-abiertas-para-empresas-creativas\/"},"modified":"2025-05-19T09:27:40","modified_gmt":"2025-05-19T09:27:40","slug":"jornadas-de-puertas-abiertas-para-empresas-creativas","status":"publish","type":"post","link":"https:\/\/berti.net\/es\/magazine\/jornadas-de-puertas-abiertas-para-empresas-creativas\/","title":{"rendered":"Jornadas de puertas abiertas para empresas creativas"},"content":{"rendered":"\n<div class=\"wp-block-group post-detail-pattern is-container has-base-2-color has-contrast-background-color has-text-color has-background has-link-color wp-elements-a4c3566988aa7ce303b1824ba22877c9 has-global-padding is-layout-constrained wp-block-group-is-layout-constrained\" style=\"margin-top:0;margin-bottom:0;padding-top:var(--wp--preset--spacing--70);padding-bottom:var(--wp--preset--spacing--70)\">\n<div class=\"wp-block-columns alignwide is-layout-flex wp-container-core-columns-is-layout-d125203f wp-block-columns-is-layout-flex\" style=\"margin-bottom:var(--wp--preset--spacing--50)\">\n<div class=\"wp-block-column is-vertically-aligned-stretch is-layout-flow wp-block-column-is-layout-flow\" style=\"padding-right:0;flex-basis:50%\">\n<div class=\"wp-block-group is-vertical is-content-justification-stretch is-layout-flex wp-container-core-group-is-layout-e9e70883 wp-block-group-is-layout-flex\" style=\"min-height:100%\">\n<div class=\"wp-block-group post-categories is-nowrap is-layout-flex wp-container-core-group-is-layout-3155b93e wp-block-group-is-layout-flex\" style=\"margin-top:var(--wp--preset--spacing--20);font-size:11px\">\n<p>Revista \/<\/p>\n\n\n<div class=\"taxonomy-category wp-block-post-terms\"><a href=\"https:\/\/berti.net\/es\/magazine\/category\/productos\/\" rel=\"tag\">Productos<\/a><span class=\"wp-block-post-terms__separator\">, <\/span><a href=\"https:\/\/berti.net\/es\/magazine\/category\/eventos\/\" rel=\"tag\">Eventos<\/a><span class=\"wp-block-post-terms__separator\">, <\/span><a href=\"https:\/\/berti.net\/es\/magazine\/category\/proyectos\/\" rel=\"tag\">Proyectos<\/a><\/div><\/div>\n\n\n<div style=\"font-style:normal;font-weight:600;text-transform:uppercase;\" class=\"has-link-color wp-elements-32859cd979b45056895d81c5660c23a0 wp-block-post-date has-text-color has-base-color has-s-font-size\"><time datetime=\"2019-09-13T14:52:53+00:00\">13 September 2019<\/time><\/div>\n\n\n<h1 class=\"wp-block-heading post-title\">Jornadas de puertas abiertas <strong>para empresas creativas<\/strong> <\/h1>\n\n\n\n<h1 class=\"wp-block-heading post-subtitle\" style=\"margin-bottom:var(--wp--preset--spacing--20)\"><strong>Dos d\u00edas<\/strong> intensos pero llenos de significado terminaron con <strong>15 invitados<\/strong>, entre ellos <strong>arquitectos<\/strong> y <strong>dise\u00f1adores de interiores<\/strong> que se unieron a nosotros desde <strong>Israel<\/strong>: los encuentros creativos entre <strong>arquitectos<\/strong> y <strong>empresas<\/strong> son momentos importantes para conocerse y debatir cuestiones profesionales.<\/h1>\n\n\n\n<p>Durante la primera reuni\u00f3n, era justo presentar la historia de <a href=\"https:\/\/www.berti.net\/es\/empresa\/\"><strong>Berti Pavimenti Legno<\/strong><\/a>con una curiosa mirada al pasado y al futuro: la introducci\u00f3n del <strong>l\u00e1ser<\/strong> en el <strong>trabajo de la madera<\/strong> en Italia como elemento diferenciador en el sector; las prestigiosas <strong>referencias<\/strong> en el mundo y en Italia; la renovada asociaci\u00f3n con <a href=\"https:\/\/www.berti.net\/collection\/diesel-living-with-berti\/\"><strong>Diesel Living<\/strong><\/a> y la moderna colecci\u00f3n de <a href=\"https:\/\/www.berti.net\/product\/collezione-quadrotte-square-space\/\"><strong>Incrustaciones preacabadas en lasetas<\/strong><\/a>.<br\/><br\/>A continuaci\u00f3n, se realizaron m\u00e1s presentaciones t\u00e9cnicas en las que se explicaron las ventajas de los suelos de parquet y madera <strong>de Berti<\/strong> y se hicieron demostraciones durante la <strong>visita a la empresa<\/strong> en los distintos departamentos de producci\u00f3n, incluido el <strong>almac\u00e9n vertical<\/strong>, \u00a1que ocupa una superficie de unos <strong><em>2.600<\/em> metros cuadrados!<\/strong><\/p>\n\n\n\n<figure class=\"wp-block-image size-full\"><img loading=\"lazy\" decoding=\"async\" width=\"1203\" height=\"800\" src=\"https:\/\/www.berti.net\/wp-content\/uploads\/2024\/10\/blog-berti_parquet_opendays_1200x800_031.jpg\" alt=\"\" class=\"wp-image-7494\" srcset=\"https:\/\/berti.net\/wp-content\/uploads\/2024\/10\/blog-berti_parquet_opendays_1200x800_031.jpg 1203w, https:\/\/berti.net\/wp-content\/uploads\/2024\/10\/blog-berti_parquet_opendays_1200x800_031-300x200.jpg 300w, https:\/\/berti.net\/wp-content\/uploads\/2024\/10\/blog-berti_parquet_opendays_1200x800_031-1024x681.jpg 1024w, https:\/\/berti.net\/wp-content\/uploads\/2024\/10\/blog-berti_parquet_opendays_1200x800_031-768x511.jpg 768w\" sizes=\"auto, (max-width: 1203px) 100vw, 1203px\" \/><\/figure>\n\n\n\n<figure class=\"wp-block-image size-full\"><img loading=\"lazy\" decoding=\"async\" width=\"1203\" height=\"800\" src=\"https:\/\/www.berti.net\/wp-content\/uploads\/2024\/10\/blog-berti_parquet_opendays_1200x800_05.jpg\" alt=\"\" class=\"wp-image-7497\" srcset=\"https:\/\/berti.net\/wp-content\/uploads\/2024\/10\/blog-berti_parquet_opendays_1200x800_05.jpg 1203w, https:\/\/berti.net\/wp-content\/uploads\/2024\/10\/blog-berti_parquet_opendays_1200x800_05-300x200.jpg 300w, https:\/\/berti.net\/wp-content\/uploads\/2024\/10\/blog-berti_parquet_opendays_1200x800_05-1024x681.jpg 1024w, https:\/\/berti.net\/wp-content\/uploads\/2024\/10\/blog-berti_parquet_opendays_1200x800_05-768x511.jpg 768w\" sizes=\"auto, (max-width: 1203px) 100vw, 1203px\" \/><\/figure>\n\n\n\n<p>Crear <strong>dinamismo<\/strong> y emprender caminos <strong>innovadores<\/strong>, <strong>colaboraciones<\/strong> de futuro y compartir una gran <strong>pasi\u00f3n por el trabajo<\/strong> ha sido siempre nuestro valor y nuestro objetivo. Por eso ponemos a disposici\u00f3n de nuestros <strong>clientes<\/strong> nuestra <strong>pasi\u00f3n por la madera<\/strong>, traducida en <strong>competencias<\/strong> y <strong>habilidades<\/strong>, proponiendo as\u00ed soluciones <strong>a medida<\/strong>, <strong>est\u00e9ticas<\/strong>, <strong>funcionales<\/strong> y bien definidas. <\/p>\n\n\n\n<figure class=\"wp-block-image size-full\"><img loading=\"lazy\" decoding=\"async\" width=\"1203\" height=\"800\" src=\"https:\/\/www.berti.net\/wp-content\/uploads\/2024\/10\/blog-berti_parquet_opendays_1200x800_06.jpg\" alt=\"\" class=\"wp-image-7500\" srcset=\"https:\/\/berti.net\/wp-content\/uploads\/2024\/10\/blog-berti_parquet_opendays_1200x800_06.jpg 1203w, https:\/\/berti.net\/wp-content\/uploads\/2024\/10\/blog-berti_parquet_opendays_1200x800_06-300x200.jpg 300w, https:\/\/berti.net\/wp-content\/uploads\/2024\/10\/blog-berti_parquet_opendays_1200x800_06-1024x681.jpg 1024w, https:\/\/berti.net\/wp-content\/uploads\/2024\/10\/blog-berti_parquet_opendays_1200x800_06-768x511.jpg 768w\" sizes=\"auto, (max-width: 1203px) 100vw, 1203px\" \/><\/figure>\n\n\n\n<p><a href=\"https:\/\/www.syncronia.com\/it\/download-texture-3d-diesel-living-with-berti\" target=\"_blank\" rel=\"noreferrer noopener\"><strong>Navega por la Galer\u00eda en Facebook<\/strong><\/a><\/p>\n<\/div>\n<\/div>\n\n\n\n<div class=\"wp-block-column is-layout-flow wp-container-core-column-is-layout-22223934 wp-block-column-is-layout-flow\" style=\"flex-basis:50%\">\n<figure class=\"wp-block-image size-full is-style-default\"><img loading=\"lazy\" decoding=\"async\" width=\"1200\" height=\"800\" src=\"https:\/\/www.berti.net\/wp-content\/uploads\/2024\/10\/blog-berti_parquet_opendays_1200x800_01.jpg\" alt=\"\" class=\"wp-image-7489\" srcset=\"https:\/\/berti.net\/wp-content\/uploads\/2024\/10\/blog-berti_parquet_opendays_1200x800_01.jpg 1200w, https:\/\/berti.net\/wp-content\/uploads\/2024\/10\/blog-berti_parquet_opendays_1200x800_01-300x200.jpg 300w, https:\/\/berti.net\/wp-content\/uploads\/2024\/10\/blog-berti_parquet_opendays_1200x800_01-1024x683.jpg 1024w, https:\/\/berti.net\/wp-content\/uploads\/2024\/10\/blog-berti_parquet_opendays_1200x800_01-768x512.jpg 768w\" sizes=\"auto, (max-width: 1200px) 100vw, 1200px\" \/><\/figure>\n\n\n\n<figure class=\"wp-block-image size-full\"><img loading=\"lazy\" decoding=\"async\" width=\"1200\" height=\"800\" src=\"https:\/\/www.berti.net\/wp-content\/uploads\/2024\/10\/blog-berti_parquet_opendays_1200x800_02.jpg\" alt=\"\" class=\"wp-image-7503\" srcset=\"https:\/\/berti.net\/wp-content\/uploads\/2024\/10\/blog-berti_parquet_opendays_1200x800_02.jpg 1200w, https:\/\/berti.net\/wp-content\/uploads\/2024\/10\/blog-berti_parquet_opendays_1200x800_02-300x200.jpg 300w, https:\/\/berti.net\/wp-content\/uploads\/2024\/10\/blog-berti_parquet_opendays_1200x800_02-1024x683.jpg 1024w, https:\/\/berti.net\/wp-content\/uploads\/2024\/10\/blog-berti_parquet_opendays_1200x800_02-768x512.jpg 768w\" sizes=\"auto, (max-width: 1200px) 100vw, 1200px\" \/><\/figure>\n<\/div>\n<\/div>\n\n\n\n<div class=\"wp-block-group post-categories has-global-padding is-content-justification-left is-layout-constrained wp-container-core-group-is-layout-836d34cb wp-block-group-is-layout-constrained\" style=\"margin-top:var(--wp--preset--spacing--70);font-size:11px\">\n<div class=\"wp-block-group is-content-justification-center is-nowrap is-layout-flex wp-container-core-group-is-layout-60758a6d wp-block-group-is-layout-flex\">\n<p>Revista \/<\/p>\n\n\n<div class=\"taxonomy-category wp-block-post-terms\"><a href=\"https:\/\/berti.net\/es\/magazine\/category\/productos\/\" rel=\"tag\">Productos<\/a><span class=\"wp-block-post-terms__separator\">, <\/span><a href=\"https:\/\/berti.net\/es\/magazine\/category\/eventos\/\" rel=\"tag\">Eventos<\/a><span class=\"wp-block-post-terms__separator\">, <\/span><a href=\"https:\/\/berti.net\/es\/magazine\/category\/proyectos\/\" rel=\"tag\">Proyectos<\/a><\/div><\/div>\n<\/div>\n<\/div>\n\n<p><\/p>\n","protected":false},"excerpt":{"rendered":"<p>Dos d\u00edas intensos pero llenos de significado terminaron con 15 invitados, entre ellos arquitectos y dise\u00f1adores de interiores que se unieron a nosotros desde Israel: los encuentros creativos entre arquitectos y empresas son momentos importantes para conocerse y debatir cuestiones profesionales.<\/p>\n","protected":false},"author":9,"featured_media":18482,"comment_status":"closed","ping_status":"closed","sticky":false,"template":"","format":"standard","meta":{"footnotes":""},"categories":[108,143,142],"tags":[],"class_list":["post-18481","post","type-post","status-publish","format-standard","has-post-thumbnail","hentry","category-productos","category-eventos","category-proyectos"],"_links":{"self":[{"href":"https:\/\/berti.net\/es\/wp-json\/wp\/v2\/posts\/18481","targetHints":{"allow":["GET"]}}],"collection":[{"href":"https:\/\/berti.net\/es\/wp-json\/wp\/v2\/posts"}],"about":[{"href":"https:\/\/berti.net\/es\/wp-json\/wp\/v2\/types\/post"}],"author":[{"embeddable":true,"href":"https:\/\/berti.net\/es\/wp-json\/wp\/v2\/users\/9"}],"replies":[{"embeddable":true,"href":"https:\/\/berti.net\/es\/wp-json\/wp\/v2\/comments?post=18481"}],"version-history":[{"count":6,"href":"https:\/\/berti.net\/es\/wp-json\/wp\/v2\/posts\/18481\/revisions"}],"predecessor-version":[{"id":20997,"href":"https:\/\/berti.net\/es\/wp-json\/wp\/v2\/posts\/18481\/revisions\/20997"}],"wp:featuredmedia":[{"embeddable":true,"href":"https:\/\/berti.net\/es\/wp-json\/wp\/v2\/media\/18482"}],"wp:attachment":[{"href":"https:\/\/berti.net\/es\/wp-json\/wp\/v2\/media?parent=18481"}],"wp:term":[{"taxonomy":"category","embeddable":true,"href":"https:\/\/berti.net\/es\/wp-json\/wp\/v2\/categories?post=18481"},{"taxonomy":"post_tag","embeddable":true,"href":"https:\/\/berti.net\/es\/wp-json\/wp\/v2\/tags?post=18481"}],"curies":[{"name":"wp","href":"https:\/\/api.w.org\/{rel}","templated":true}]}}