{"id":18461,"date":"2021-11-30T12:35:19","date_gmt":"2021-11-30T12:35:19","guid":{"rendered":"https:\/\/www.berti.net\/magazine\/como-elegir-el-parquet\/"},"modified":"2025-05-19T09:26:44","modified_gmt":"2025-05-19T09:26:44","slug":"como-elegir-el-parquet","status":"publish","type":"post","link":"https:\/\/berti.net\/es\/magazine\/como-elegir-el-parquet\/","title":{"rendered":"C\u00f3mo elegir el parquet"},"content":{"rendered":"\n<div class=\"wp-block-group post-detail-pattern is-container has-base-2-color has-contrast-background-color has-text-color has-background has-link-color wp-elements-ce617de41286d13fd3a1cf7be27ecb34 has-global-padding is-layout-constrained wp-block-group-is-layout-constrained\" style=\"margin-top:0;margin-bottom:0;padding-top:var(--wp--preset--spacing--70);padding-bottom:var(--wp--preset--spacing--70)\">\n<div class=\"wp-block-columns alignwide is-layout-flex wp-container-core-columns-is-layout-d125203f wp-block-columns-is-layout-flex\" style=\"margin-bottom:var(--wp--preset--spacing--50)\">\n<div class=\"wp-block-column is-vertically-aligned-stretch is-layout-flow wp-block-column-is-layout-flow\" style=\"padding-right:0;flex-basis:50%\">\n<div class=\"wp-block-group is-vertical is-content-justification-stretch is-layout-flex wp-container-core-group-is-layout-e9e70883 wp-block-group-is-layout-flex\" style=\"min-height:100%\">\n<div class=\"wp-block-group post-categories is-nowrap is-layout-flex wp-container-core-group-is-layout-3155b93e wp-block-group-is-layout-flex\" style=\"margin-top:var(--wp--preset--spacing--20);font-size:11px\">\n<p>Revista \/<\/p>\n\n\n<div class=\"taxonomy-category wp-block-post-terms\"><a href=\"https:\/\/berti.net\/es\/magazine\/category\/productos\/\" rel=\"tag\">Productos<\/a><\/div><\/div>\n\n\n<div style=\"font-style:normal;font-weight:600;text-transform:uppercase;\" class=\"has-link-color wp-elements-32859cd979b45056895d81c5660c23a0 wp-block-post-date has-text-color has-base-color has-s-font-size\"><time datetime=\"2021-11-30T12:35:19+00:00\">30 November 2021<\/time><\/div>\n\n\n<h1 class=\"wp-block-heading post-title\">C\u00f3mo elegir el parquet<\/h1>\n\n\n\n<h2 class=\"wp-block-heading post-subtitle\" style=\"margin-bottom:var(--wp--preset--spacing--20)\">El variado mundo del parquet ofrece numerosas soluciones. Sin embargo, no siempre es f\u00e1cil elegir la &#8221;correcta&#8221;.  Para tener una idea clara de <strong>qu\u00e9 parquet elegir y quedar satisfecho con el resultado final<\/strong>, sigue nuestros consejos.<\/h2>\n\n\n\n<h3 class=\"wp-block-heading has-m-font-size\"><strong>\u00bfC\u00f3mo elegir el parquet?<\/strong><\/h3>\n\n\n\n<p>Depende. El atractivo del parquet es innegable. Un revestimiento de madera &#8221;c\u00e1lida&#8221; te hace sentir inmediatamente como en casa, transmite una sensaci\u00f3n de acogimiento y, al mismo tiempo, de elegancia. Incluso las soluciones m\u00e1s &#8221;r\u00fasticas&#8221;, de hecho, ostentan ese plus que no pasa desapercibido. Sin embargo, saber qu\u00e9 parquet elegir y c\u00f3mo elegirlo no es sencillo.      <\/p>\n\n\n\n<p>Es el hecho de estar hecho de madera lo que confiere al parquet su innegable malicia. Un material vivo, rico y \u00fanico. Saber elegir la <strong>madera<\/strong> &#8221;adecuada <strong>&#8221; para el parquet<\/strong> es muy importante. Gracias a sus caracter\u00edsticas est\u00e9ticas y funcionales, el parquet puede presumir de una gran aceptaci\u00f3n. Es bonito, s\u00ed, pero no s\u00f3lo eso. Limpiar y mantener el parquet es r\u00e1pido y f\u00e1cil. Adem\u00e1s, la madera proporciona un buen aislamiento ac\u00fastico y t\u00e9rmico, caracter\u00edsticas que la han elevado a la categor\u00eda de soluci\u00f3n de excelencia.      <\/p>\n\n\n\n<h3 class=\"wp-block-heading has-m-font-size\"><strong>Colocaci\u00f3n del parquet como elemento de decoraci\u00f3n<\/strong><\/h3>\n\n\n\n<p>La geometr\u00eda de colocaci\u00f3n es importante porque transmite car\u00e1cter y personalidad a la habitaci\u00f3n, convirti\u00e9ndola en la verdadera protagonista de la casa, no hace falta negarlo. La geometr\u00eda de colocaci\u00f3n se refiere al dise\u00f1o que resulta de la combinaci\u00f3n de los elementos individuales que componen el suelo. El aspecto final del parquet depende de varios factores: el tama\u00f1o de los m\u00f3dulos y las tablas de madera, la elecci\u00f3n de patrones geom\u00e9tricos o no geom\u00e9tricos, la inventiva de la combinaci\u00f3n. <strong>Qu\u00e9 suelo de parquet elegir<\/strong> para las habitaciones de tu casa tambi\u00e9n significa arrojar luz sobre este aspecto m\u00e1s puramente est\u00e9tico.    <\/p>\n\n\n\n<h3 class=\"wp-block-heading has-m-font-size\"><strong>\u00bfParquet claro u oscuro?<\/strong><\/h3>\n\n\n\n<p>El parquet, por tanto, es una tarjeta de visita, una soluci\u00f3n elegante y refinada pero&#8230; \u00bfc\u00f3mo elegir el color de parquet m\u00e1s adecuado para tu casa? Para una habitaci\u00f3n peque\u00f1a y que no pueda presumir de luz natural, lo mejor es optar por un parquet claro, como el arce o el roble barnizado en color, por ejemplo. Por supuesto, la madera en tonos oscuros siempre ha sido un culto. Confiere car\u00e1cter y personalidad a la habitaci\u00f3n. En cambio, las de tonos que van del rojo caramelo al marr\u00f3n dorado reflejan la b\u00fasqueda de refinamiento y aportan luz a la habitaci\u00f3n. Por \u00faltimo, el gris. Es un color cada vez m\u00e1s demandado por su singularidad, en el que se unen refinamiento y modernidad.      <\/p>\n\n\n\n<p><a href=\"https:\/\/www.berti.net\/colori\/\"><strong>Visita la p\u00e1gina Colores, donde se recogen y seleccionan los productos seg\u00fan su color<\/strong>.<\/a><\/p>\n\n\n\n<figure class=\"wp-block-image size-full is-style-default\"><img loading=\"lazy\" decoding=\"async\" width=\"590\" height=\"380\" src=\"https:\/\/www.berti.net\/wp-content\/uploads\/2024\/09\/come-scegliere-il-colore-del-parquet-1.jpg\" alt=\"\" class=\"wp-image-6901\" srcset=\"https:\/\/berti.net\/wp-content\/uploads\/2024\/09\/come-scegliere-il-colore-del-parquet-1.jpg 590w, https:\/\/berti.net\/wp-content\/uploads\/2024\/09\/come-scegliere-il-colore-del-parquet-1-300x193.jpg 300w\" sizes=\"auto, (max-width: 590px) 100vw, 590px\" \/><\/figure>\n\n\n\n<h3 class=\"wp-block-heading has-m-font-size\"><strong>Color de la madera y otras caracter\u00edsticas que debes conocer<\/strong><\/h3>\n\n\n\n<p>Hay que tener en cuenta muchos factores a la hora de elegir la madera que se va a utilizar. Las caracter\u00edsticas de la habitaci\u00f3n, el propio gusto est\u00e9tico y, por \u00faltimo pero no menos importante, el coste. Entre las principales maderas utilizadas est\u00e1n:  <\/p>\n\n\n\n<p><strong>Roble<\/strong>: con un tono amarillo miel; tiene muy buena resistencia, por lo que es perfecto para cualquier entorno;<\/p>\n\n\n\n<p><strong>Wengu\u00e9<\/strong>: con su intenso color oscuro, es una madera muy dura y resistente. Precisamente por su particular coloraci\u00f3n, es mejor no utilizarla en habitaciones peque\u00f1as y oscuras. <\/p>\n\n\n\n<figure class=\"wp-block-image size-full is-style-default\"><img loading=\"lazy\" decoding=\"async\" width=\"590\" height=\"380\" src=\"https:\/\/www.berti.net\/wp-content\/uploads\/2024\/09\/colori-parquet-rovere-wenge-berti.jpg\" alt=\"\" class=\"wp-image-6904\" srcset=\"https:\/\/berti.net\/wp-content\/uploads\/2024\/09\/colori-parquet-rovere-wenge-berti.jpg 590w, https:\/\/berti.net\/wp-content\/uploads\/2024\/09\/colori-parquet-rovere-wenge-berti-300x193.jpg 300w\" sizes=\"auto, (max-width: 590px) 100vw, 590px\" \/><\/figure>\n\n\n\n<p style=\"font-size:12px\">Parquet de madera de wengu\u00e9 y suelo de roble preacabado<\/p>\n\n\n\n<p><strong>Nogal americano y europeo<\/strong>: ambos son muy valiosos, el primero ostenta un tono marr\u00f3n oscuro y profundo y homogeneidad de color, el segundo zonas m\u00e1s claras que contrastan con otras m\u00e1s oscuras;<\/p>\n\n\n\n<figure class=\"wp-block-image size-full is-style-default\"><img loading=\"lazy\" decoding=\"async\" width=\"590\" height=\"380\" src=\"https:\/\/www.berti.net\/wp-content\/uploads\/2024\/09\/noce-canaletto-caratteristiche-parquet-berti.jpg\" alt=\"\" class=\"wp-image-6923\" srcset=\"https:\/\/berti.net\/wp-content\/uploads\/2024\/09\/noce-canaletto-caratteristiche-parquet-berti.jpg 590w, https:\/\/berti.net\/wp-content\/uploads\/2024\/09\/noce-canaletto-caratteristiche-parquet-berti-300x193.jpg 300w\" sizes=\"auto, (max-width: 590px) 100vw, 590px\" \/><\/figure>\n\n\n\n<p style=\"font-size:12px\">Colecci\u00f3n Antig\u00fcedades de Nogal Americano Essential<\/p>\n\n\n\n<figure class=\"wp-block-image size-full is-style-default\"><img loading=\"lazy\" decoding=\"async\" width=\"590\" height=\"380\" src=\"https:\/\/www.berti.net\/wp-content\/uploads\/2024\/09\/noce-nazionale-colore-parquet-berti.jpg\" alt=\"\" class=\"wp-image-6926\" srcset=\"https:\/\/berti.net\/wp-content\/uploads\/2024\/09\/noce-nazionale-colore-parquet-berti.jpg 590w, https:\/\/berti.net\/wp-content\/uploads\/2024\/09\/noce-nazionale-colore-parquet-berti-300x193.jpg 300w\" sizes=\"auto, (max-width: 590px) 100vw, 590px\" \/><\/figure>\n\n\n\n<p style=\"font-size:12px\">Colecci\u00f3n Neutro Nogal Europeo Essential<\/p>\n\n\n\n<p><strong>Doussie:<\/strong> de marr\u00f3n a rojizo o incluso amarillo claro, es una de las maderas m\u00e1s duras, compactas y resistentes;<\/p>\n\n\n\n<p><strong>Teca:<\/strong> es una madera naturalmente hidr\u00f3fuga, especialmente resistente y duradera, que est\u00e1 protegida de los insectos, los hongos y los cambios bruscos de temperatura gracias a su caracter\u00edstica resina oleosa;<\/p>\n\n\n\n<figure class=\"wp-block-image size-full is-style-default\"><img loading=\"lazy\" decoding=\"async\" width=\"590\" height=\"380\" src=\"https:\/\/www.berti.net\/wp-content\/uploads\/2024\/09\/parquet-teak-parquet-in-bagno-berti-pavimenti.jpg\" alt=\"\" class=\"wp-image-6939\" srcset=\"https:\/\/berti.net\/wp-content\/uploads\/2024\/09\/parquet-teak-parquet-in-bagno-berti-pavimenti.jpg 590w, https:\/\/berti.net\/wp-content\/uploads\/2024\/09\/parquet-teak-parquet-in-bagno-berti-pavimenti-300x193.jpg 300w\" sizes=\"auto, (max-width: 590px) 100vw, 590px\" \/><\/figure>\n\n\n\n<p style=\"font-size:12px\">Parquet Teka Birmania Antiguo Essential<\/p>\n\n\n\n<p><strong>Iroko<\/strong>: de color verde oscuro a amarillo oscuro, es excelente en resistencia y durabilidad.<\/p>\n\n\n\n<figure class=\"wp-block-image size-full is-style-default\"><img loading=\"lazy\" decoding=\"async\" width=\"590\" height=\"380\" src=\"https:\/\/www.berti.net\/wp-content\/uploads\/2024\/09\/parquet-iroko-prefinito-berti-pavimenti-legno.jpg\" alt=\"\" class=\"wp-image-6945\" srcset=\"https:\/\/berti.net\/wp-content\/uploads\/2024\/09\/parquet-iroko-prefinito-berti-pavimenti-legno.jpg 590w, https:\/\/berti.net\/wp-content\/uploads\/2024\/09\/parquet-iroko-prefinito-berti-pavimenti-legno-300x193.jpg 300w\" sizes=\"auto, (max-width: 590px) 100vw, 590px\" \/><\/figure>\n\n\n\n<p style=\"font-size:12px\">Colecci\u00f3n Iroko Neutro Essential<\/p>\n\n\n\n<h3 class=\"wp-block-heading has-m-font-size\">Cuidado con&#8230; \u00a1el comportamiento al <strong>elegir el parquet<\/strong>!<\/h3>\n\n\n\n<p>El parquet tiene un comportamiento que puede variar. De hecho, todas las especies de madera tienden a cambiar de tono y color con el paso del tiempo. Esto significa que ciertos factores pueden ser responsables de sus, aunque leves, cambios est\u00e9ticos. En particular, a la hora de <strong>elegir un suelo de parquet <\/strong>, hay que tener en cuenta la exposici\u00f3n a la luz y la humedad (que se reflejan en variaciones de su coloraci\u00f3n) y la temperatura ambiente (con especial atenci\u00f3n a la posible presencia de <strong>calefacci\u00f3n por suelo radiante<\/strong>). Tambi\u00e9n en este caso, es deseable disponer de una selecci\u00f3n de tipos de parquet ad hoc para obtener un resultado duradero.    <\/p>\n\n\n\n<h3 class=\"wp-block-heading has-m-font-size\"><strong>Madera preacabada o maciza: \u00bfqu\u00e9 parquet elegir?<\/strong><\/h3>\n\n\n\n<p>Una vez claros los requisitos de la habitaci\u00f3n en la que se va a colocar, la <strong>elecci\u00f3n del parquet <\/strong>se orienta hacia dos tipos. Tenemos el parquet preacabado, con lamas formadas por una o varias capas de madera (normalmente abedul, fresno, abeto o \u00e1lamo) encoladas unas sobre otras o en distintas orientaciones, recubiertas de una capa superior de madera o especie de madera (madera m\u00e1s valiosa); o el parquet de madera maciza, sin estratificaciones y, por tanto, con lamas formadas \u00edntegramente por la especie de madera elegida. <\/p>\n\n\n\n<p class=\"has-s-font-size\" style=\"margin-bottom:var(--wp--preset--spacing--10);line-height:1.6\"><strong>\u27be<\/strong> <a href=\"https:\/\/www.berti.net\/es\/solicitar-una-consulta\/\" target=\"_blank\" rel=\"noreferrer noopener\"><strong>\u00bfTIENES DUDAS O PETICIONES ESPEC\u00cdFICAS? CONTACTA AHORA CON NOSOTROS PARA UNA CONSULTA <\/strong><\/a><\/p>\n<\/div>\n<\/div>\n\n\n\n<div class=\"wp-block-column is-layout-flow wp-container-core-column-is-layout-22223934 wp-block-column-is-layout-flow\" style=\"flex-basis:50%\">\n<figure class=\"wp-block-image size-full is-style-default\"><img loading=\"lazy\" decoding=\"async\" width=\"590\" height=\"380\" src=\"https:\/\/www.berti.net\/wp-content\/uploads\/2024\/09\/parquet-noce-nazionale-prefinito-berti-pavimenti-legno.jpg\" alt=\"\" class=\"wp-image-6886\" srcset=\"https:\/\/berti.net\/wp-content\/uploads\/2024\/09\/parquet-noce-nazionale-prefinito-berti-pavimenti-legno.jpg 590w, https:\/\/berti.net\/wp-content\/uploads\/2024\/09\/parquet-noce-nazionale-prefinito-berti-pavimenti-legno-300x193.jpg 300w\" sizes=\"auto, (max-width: 590px) 100vw, 590px\" \/><\/figure>\n\n\n\n<p style=\"font-size:12px\">Losetas Barbaro en nogal nacional y roble con borde<\/p>\n\n\n\n<figure class=\"wp-block-image size-full is-style-default\"><img loading=\"lazy\" decoding=\"async\" width=\"590\" height=\"380\" src=\"https:\/\/www.berti.net\/wp-content\/uploads\/2024\/09\/parquet-spina-ungherese-berti.jpg\" alt=\"\" class=\"wp-image-6890\" srcset=\"https:\/\/berti.net\/wp-content\/uploads\/2024\/09\/parquet-spina-ungherese-berti.jpg 590w, https:\/\/berti.net\/wp-content\/uploads\/2024\/09\/parquet-spina-ungherese-berti-300x193.jpg 300w\" sizes=\"auto, (max-width: 590px) 100vw, 590px\" \/><\/figure>\n\n\n\n<p style=\"font-size:12px\">Espiga h\u00fangara Parquet Berti Studio A la carta<\/p>\n\n\n\n<figure class=\"wp-block-image size-full is-style-default\"><img loading=\"lazy\" decoding=\"async\" width=\"590\" height=\"380\" src=\"https:\/\/www.berti.net\/wp-content\/uploads\/2024\/09\/parquet-prefinito-tavole-legno.jpg\" alt=\"\" class=\"wp-image-6896\" srcset=\"https:\/\/berti.net\/wp-content\/uploads\/2024\/09\/parquet-prefinito-tavole-legno.jpg 590w, https:\/\/berti.net\/wp-content\/uploads\/2024\/09\/parquet-prefinito-tavole-legno-300x193.jpg 300w\" sizes=\"auto, (max-width: 590px) 100vw, 590px\" \/><\/figure>\n\n\n\n<p style=\"font-size:12px\">Parquet de roble preacabado Countryside Tuscany<\/p>\n<\/div>\n<\/div>\n\n\n\n<div class=\"wp-block-group post-categories has-global-padding is-content-justification-left is-layout-constrained wp-container-core-group-is-layout-836d34cb wp-block-group-is-layout-constrained\" style=\"margin-top:var(--wp--preset--spacing--70);font-size:11px\">\n<div class=\"wp-block-group is-content-justification-center is-nowrap is-layout-flex wp-container-core-group-is-layout-60758a6d wp-block-group-is-layout-flex\">\n<p>Revista \/<\/p>\n\n\n<div class=\"taxonomy-category wp-block-post-terms\"><a href=\"https:\/\/berti.net\/es\/magazine\/category\/productos\/\" rel=\"tag\">Productos<\/a><\/div><\/div>\n<\/div>\n<\/div>\n\n<p><\/p>\n","protected":false},"excerpt":{"rendered":"<p>Para tener una idea clara de qu\u00e9 parquet elegir y quedar satisfecho con el resultado final, sigue nuestros consejos.<\/p>\n","protected":false},"author":5,"featured_media":18466,"comment_status":"closed","ping_status":"closed","sticky":false,"template":"","format":"standard","meta":{"footnotes":""},"categories":[108],"tags":[],"class_list":["post-18461","post","type-post","status-publish","format-standard","has-post-thumbnail","hentry","category-productos"],"_links":{"self":[{"href":"https:\/\/berti.net\/es\/wp-json\/wp\/v2\/posts\/18461","targetHints":{"allow":["GET"]}}],"collection":[{"href":"https:\/\/berti.net\/es\/wp-json\/wp\/v2\/posts"}],"about":[{"href":"https:\/\/berti.net\/es\/wp-json\/wp\/v2\/types\/post"}],"author":[{"embeddable":true,"href":"https:\/\/berti.net\/es\/wp-json\/wp\/v2\/users\/5"}],"replies":[{"embeddable":true,"href":"https:\/\/berti.net\/es\/wp-json\/wp\/v2\/comments?post=18461"}],"version-history":[{"count":4,"href":"https:\/\/berti.net\/es\/wp-json\/wp\/v2\/posts\/18461\/revisions"}],"predecessor-version":[{"id":20954,"href":"https:\/\/berti.net\/es\/wp-json\/wp\/v2\/posts\/18461\/revisions\/20954"}],"wp:featuredmedia":[{"embeddable":true,"href":"https:\/\/berti.net\/es\/wp-json\/wp\/v2\/media\/18466"}],"wp:attachment":[{"href":"https:\/\/berti.net\/es\/wp-json\/wp\/v2\/media?parent=18461"}],"wp:term":[{"taxonomy":"category","embeddable":true,"href":"https:\/\/berti.net\/es\/wp-json\/wp\/v2\/categories?post=18461"},{"taxonomy":"post_tag","embeddable":true,"href":"https:\/\/berti.net\/es\/wp-json\/wp\/v2\/tags?post=18461"}],"curies":[{"name":"wp","href":"https:\/\/api.w.org\/{rel}","templated":true}]}}