{"id":18446,"date":"2021-11-18T09:21:22","date_gmt":"2021-11-18T09:21:22","guid":{"rendered":"https:\/\/www.berti.net\/magazine\/parquet-y-perspectivas-de-futuro-acto-de-la-aipi\/"},"modified":"2025-05-19T09:26:44","modified_gmt":"2025-05-19T09:26:44","slug":"parquet-y-perspectivas-de-futuro-acto-de-la-aipi","status":"publish","type":"post","link":"https:\/\/berti.net\/es\/magazine\/parquet-y-perspectivas-de-futuro-acto-de-la-aipi\/","title":{"rendered":"Parquet y perspectivas de futuro: acto de la AIPI"},"content":{"rendered":"\n<div class=\"wp-block-group post-detail-pattern is-container has-base-2-color has-contrast-background-color has-text-color has-background has-link-color wp-elements-d4ca7708ea3dd150cec94b4c50659e71 has-global-padding is-layout-constrained wp-block-group-is-layout-constrained\" style=\"margin-top:0;margin-bottom:0;padding-top:var(--wp--preset--spacing--70);padding-bottom:var(--wp--preset--spacing--70)\">\n<div class=\"wp-block-columns alignwide is-layout-flex wp-container-core-columns-is-layout-d125203f wp-block-columns-is-layout-flex\" style=\"margin-bottom:var(--wp--preset--spacing--50)\">\n<div class=\"wp-block-column is-vertically-aligned-stretch is-layout-flow wp-block-column-is-layout-flow\" style=\"padding-right:0;flex-basis:50%\">\n<div class=\"wp-block-group is-vertical is-content-justification-stretch is-layout-flex wp-container-core-group-is-layout-e9e70883 wp-block-group-is-layout-flex\" style=\"min-height:100%\">\n<div class=\"wp-block-group post-categories is-nowrap is-layout-flex wp-container-core-group-is-layout-3155b93e wp-block-group-is-layout-flex\" style=\"margin-top:var(--wp--preset--spacing--20);font-size:11px\">\n<p>Revista \/<\/p>\n\n\n<div class=\"taxonomy-category wp-block-post-terms\"><a href=\"https:\/\/berti.net\/es\/magazine\/category\/productos\/\" rel=\"tag\">Productos<\/a><span class=\"wp-block-post-terms__separator\">, <\/span><a href=\"https:\/\/berti.net\/es\/magazine\/category\/eventos\/\" rel=\"tag\">Eventos<\/a><\/div><\/div>\n\n\n<div style=\"font-style:normal;font-weight:600;text-transform:uppercase;\" class=\"has-link-color wp-elements-32859cd979b45056895d81c5660c23a0 wp-block-post-date has-text-color has-base-color has-s-font-size\"><time datetime=\"2021-11-18T09:21:22+00:00\">18 November 2021<\/time><\/div>\n\n\n<h1 class=\"wp-block-heading post-title\">Parquet y perspectivas de futuro: <strong>acto de la AIPI<\/strong><\/h1>\n\n\n\n<h2 class=\"wp-block-heading post-subtitle\" style=\"margin-bottom:var(--wp--preset--spacing--20)\">El <strong>viernes 12 de noviembre<\/strong>, <strong>Berti Pavimenti<\/strong> de Legno acogi\u00f3 el primer acto tras este largo periodo de inactividad debido a la pandemia: <strong>&#8221;Nuevas oportunidades y una nueva visi\u00f3n del futuro profesional&#8221;<\/strong>, organizado por la delegaci\u00f3n de Triveneto de <strong>la AIPI<\/strong> Associazione Italiana Progettisti d&#8217;Interni.<\/h2>\n\n\n\n<h3 class=\"wp-block-heading has-m-font-size\">El objetivo de este acto, en pleno cumplimiento de la normativa <strong>contra la codicia<\/strong>, era reunir a <strong>profesionales del sector de la arquitectura<\/strong> y el <strong>dise\u00f1o de<\/strong> interiores para desarrollar nuevos v\u00ednculos contando las perspectivas de futuro.<\/h3>\n\n\n\n<p>Durante la ma\u00f1ana, se present\u00f3 a los invitados la empresa y su larga historia, transmitida de padres a hijos durante tres generaciones. A continuaci\u00f3n, se analizaron y describieron las distintas colecciones que se ofrecen en el mercado con sus peculiaridades y, con vistas al futuro, se inform\u00f3 a los invitados sobre los nuevos proyectos en curso, que ya no est\u00e1n orientados \u00fanicamente a los suelos de madera; de hecho, desde <strong>hace alg\u00fan tiempo <\/strong>Berti <strong>se est\u00e1 orientando hacia otros tipos de productos del sector de la decoraci\u00f3n, <\/strong>manteniendo siempre el fuerte componente de la<strong> madera<\/strong>. <\/p>\n\n\n\n<p>Un claro ejemplo de este nuevo cambio de rumbo es el proyecto <a href=\"https:\/\/www.berti.net\/prodotti\/piani-bagno\/\" target=\"_blank\" rel=\"noreferrer noopener\">&#8221;<strong>Piano Bagno<\/strong><\/a>&#8221;, que, utilizando parqu\u00e9 en el suelo y madera en las estanter\u00edas, pretende recrear una atm\u00f3sfera relajante y una vuelta a la pureza en la estancia m\u00e1s \u00edntima del paisaje dom\u00e9stico.<\/p>\n\n\n\n<p>Otro ejemplo del uso alternativo de la madera en el \u00e1mbito dom\u00e9stico es su aplicaci\u00f3n como <strong>revestimiento mural<\/strong>. Berti est\u00e1 trabajando en la creaci\u00f3n de un producto de chapa de madera muy fina y por ello muy vers\u00e1til, que puede personalizarse con ayuda de la impresi\u00f3n digital con cualquier gr\u00e1fico sin ninguna limitaci\u00f3n visual.<\/p>\n\n\n\n<p>\u00c9stos son s\u00f3lo algunos de los nuevos proyectos realizados por Berti, que siempre est\u00e1 a la vanguardia y en busca de perspectivas de futuro y <strong>est\u00edmulos diferentes para ocupar nuevas estancias en el hogar<\/strong>, para convertirlo en un lugar acogedor con la ayuda de la madera, a la medida de cada necesidad.<\/p>\n\n\n\n<p>A este enfoque le sigui\u00f3 una visita al departamento de producci\u00f3n de la empresa para mostrar las distintas <strong>fases del procesamiento de la madera<\/strong>: dise\u00f1o, encolado, pintura, moldeado, perfilado y tratamiento de superficies; y para dar a los invitados la oportunidad de familiarizarse con los productos y las distintas t\u00e9cnicas para fabricarlos.<\/p>\n\n\n\n<figure class=\"wp-block-image size-full is-style-default\"><img loading=\"lazy\" decoding=\"async\" width=\"590\" height=\"393\" src=\"https:\/\/www.berti.net\/wp-content\/uploads\/2024\/10\/evento-parquet-legnointarsiato-berti_pavimenti.jpg\" alt=\"\" class=\"wp-image-7151\" srcset=\"https:\/\/berti.net\/wp-content\/uploads\/2024\/10\/evento-parquet-legnointarsiato-berti_pavimenti.jpg 590w, https:\/\/berti.net\/wp-content\/uploads\/2024\/10\/evento-parquet-legnointarsiato-berti_pavimenti-300x200.jpg 300w\" sizes=\"auto, (max-width: 590px) 100vw, 590px\" \/><\/figure>\n\n\n\n<p>Inmediatamente despu\u00e9s, los invitados recorrieron la <strong>Casa de Hu\u00e9spedes Berti<\/strong> para admirar, mientras disfrutaban de un aperitivo, los preciosos detalles de la taracea con inserciones de n\u00e1car y maderas preciosas.<\/p>\n\n\n\n<figure class=\"wp-block-image size-full is-style-default\"><img loading=\"lazy\" decoding=\"async\" width=\"590\" height=\"401\" src=\"https:\/\/www.berti.net\/wp-content\/uploads\/2024\/10\/evento_parquet_pavimento-intarsiato_guest-house-berti-1.jpg\" alt=\"\" class=\"wp-image-7154\" srcset=\"https:\/\/berti.net\/wp-content\/uploads\/2024\/10\/evento_parquet_pavimento-intarsiato_guest-house-berti-1.jpg 590w, https:\/\/berti.net\/wp-content\/uploads\/2024\/10\/evento_parquet_pavimento-intarsiato_guest-house-berti-1-300x204.jpg 300w\" sizes=\"auto, (max-width: 590px) 100vw, 590px\" \/><\/figure>\n\n\n\n<p>La segunda parte de la jornada estuvo dedicada a la<strong>Asociaci\u00f3n Italiana de Dise\u00f1adores de<\/strong> Interior, presidida por Antonio De Antonis y el vicepresidente Nicola Grandolini, y coordinada por el delegado del V\u00e9neto, Giorgio Cunico.<br\/>Aipi es una asociaci\u00f3n fundada en 1969 por un grupo de importantes arquitectos y dise\u00f1adores de Mil\u00e1n, entre ellos Franz Sartori y Del Lago, a los que pronto se unieron Magistretti y Castiglioni.<\/p>\n\n\n\n<p>La misi\u00f3n de esta asociaci\u00f3n es <strong>reunir a profesionales de la arquitectura y el dise\u00f1o de interiores para que cooperen con el fin de concienciar sobre el buen dise\u00f1o.<\/strong><\/p>\n\n\n\n<figure class=\"wp-block-image size-full is-style-default\"><img loading=\"lazy\" decoding=\"async\" width=\"590\" height=\"406\" src=\"https:\/\/www.berti.net\/wp-content\/uploads\/2024\/10\/evento-parquet-berti-aipi-1.jpg\" alt=\"\" class=\"wp-image-7157\" srcset=\"https:\/\/berti.net\/wp-content\/uploads\/2024\/10\/evento-parquet-berti-aipi-1.jpg 590w, https:\/\/berti.net\/wp-content\/uploads\/2024\/10\/evento-parquet-berti-aipi-1-300x206.jpg 300w\" sizes=\"auto, (max-width: 590px) 100vw, 590px\" \/><\/figure>\n\n\n\n<p>\u00c9ste fue s\u00f3lo el <strong>primer acto de una larga serie de eventos<\/strong> para llegar a todos los dise\u00f1adores italianos inscritos en la asociaci\u00f3n.<\/p>\n\n\n\n<p>Si est\u00e1s interesado en nuestro pr\u00f3ximo evento, env\u00eda un correo electr\u00f3nico a <strong><em><a href=\"mailto:expressyourstyle@berti.net\">expressyourstyle@berti.net<\/a><\/em><\/strong><\/p>\n<\/div>\n<\/div>\n\n\n\n<div class=\"wp-block-column is-layout-flow wp-container-core-column-is-layout-22223934 wp-block-column-is-layout-flow\" style=\"flex-basis:50%\">\n<figure class=\"wp-block-image size-full is-style-default\"><img loading=\"lazy\" decoding=\"async\" width=\"590\" height=\"392\" src=\"https:\/\/www.berti.net\/wp-content\/uploads\/2024\/10\/evento-parquet-pavimenti-legno-berti-1.jpg\" alt=\"\" class=\"wp-image-7127\" srcset=\"https:\/\/berti.net\/wp-content\/uploads\/2024\/10\/evento-parquet-pavimenti-legno-berti-1.jpg 590w, https:\/\/berti.net\/wp-content\/uploads\/2024\/10\/evento-parquet-pavimenti-legno-berti-1-300x199.jpg 300w\" sizes=\"auto, (max-width: 590px) 100vw, 590px\" \/><\/figure>\n\n\n\n<figure class=\"wp-block-image size-full is-style-default\"><img loading=\"lazy\" decoding=\"async\" width=\"590\" height=\"410\" src=\"https:\/\/www.berti.net\/wp-content\/uploads\/2024\/10\/evento-parquet-legnointarsiato-berti-1.jpg\" alt=\"\" class=\"wp-image-7133\" srcset=\"https:\/\/berti.net\/wp-content\/uploads\/2024\/10\/evento-parquet-legnointarsiato-berti-1.jpg 590w, https:\/\/berti.net\/wp-content\/uploads\/2024\/10\/evento-parquet-legnointarsiato-berti-1-300x208.jpg 300w\" sizes=\"auto, (max-width: 590px) 100vw, 590px\" \/><\/figure>\n\n\n\n<figure class=\"wp-block-image size-full is-style-default\"><img loading=\"lazy\" decoding=\"async\" width=\"590\" height=\"408\" src=\"https:\/\/www.berti.net\/wp-content\/uploads\/2024\/10\/evento-parquet-produzione-berti_pavimenti.jpg\" alt=\"\" class=\"wp-image-7145\" srcset=\"https:\/\/berti.net\/wp-content\/uploads\/2024\/10\/evento-parquet-produzione-berti_pavimenti.jpg 590w, https:\/\/berti.net\/wp-content\/uploads\/2024\/10\/evento-parquet-produzione-berti_pavimenti-300x207.jpg 300w\" sizes=\"auto, (max-width: 590px) 100vw, 590px\" \/><\/figure>\n\n\n\n<figure class=\"wp-block-image size-full is-style-default\"><img loading=\"lazy\" decoding=\"async\" width=\"590\" height=\"416\" src=\"https:\/\/www.berti.net\/wp-content\/uploads\/2024\/10\/evento-parquet-pavimentointarsiato-berti-1.jpg\" alt=\"\" class=\"wp-image-7148\" srcset=\"https:\/\/berti.net\/wp-content\/uploads\/2024\/10\/evento-parquet-pavimentointarsiato-berti-1.jpg 590w, https:\/\/berti.net\/wp-content\/uploads\/2024\/10\/evento-parquet-pavimentointarsiato-berti-1-300x212.jpg 300w\" sizes=\"auto, (max-width: 590px) 100vw, 590px\" \/><\/figure>\n<\/div>\n<\/div>\n\n\n\n<div class=\"wp-block-group post-categories has-global-padding is-content-justification-left is-layout-constrained wp-container-core-group-is-layout-836d34cb wp-block-group-is-layout-constrained\" style=\"margin-top:var(--wp--preset--spacing--70);font-size:11px\">\n<div class=\"wp-block-group is-content-justification-center is-nowrap is-layout-flex wp-container-core-group-is-layout-60758a6d wp-block-group-is-layout-flex\">\n<p>Revista \/<\/p>\n\n\n<div class=\"taxonomy-category wp-block-post-terms\"><a href=\"https:\/\/berti.net\/es\/magazine\/category\/productos\/\" rel=\"tag\">Productos<\/a><span class=\"wp-block-post-terms__separator\">, <\/span><a href=\"https:\/\/berti.net\/es\/magazine\/category\/eventos\/\" rel=\"tag\">Eventos<\/a><\/div><\/div>\n<\/div>\n<\/div>\n\n<p><\/p>\n","protected":false},"excerpt":{"rendered":"<p>Berti Wood Flooring acogi\u00f3 el viernes 12 de noviembre el primer evento tras este largo periodo de inactividad debido a la pandemia: &#8221;Nuevas oportunidades y una nueva visi\u00f3n del futuro profesional&#8221;.<\/p>\n","protected":false},"author":9,"featured_media":18450,"comment_status":"closed","ping_status":"closed","sticky":false,"template":"","format":"standard","meta":{"footnotes":""},"categories":[108,143],"tags":[],"class_list":["post-18446","post","type-post","status-publish","format-standard","has-post-thumbnail","hentry","category-productos","category-eventos"],"_links":{"self":[{"href":"https:\/\/berti.net\/es\/wp-json\/wp\/v2\/posts\/18446","targetHints":{"allow":["GET"]}}],"collection":[{"href":"https:\/\/berti.net\/es\/wp-json\/wp\/v2\/posts"}],"about":[{"href":"https:\/\/berti.net\/es\/wp-json\/wp\/v2\/types\/post"}],"author":[{"embeddable":true,"href":"https:\/\/berti.net\/es\/wp-json\/wp\/v2\/users\/9"}],"replies":[{"embeddable":true,"href":"https:\/\/berti.net\/es\/wp-json\/wp\/v2\/comments?post=18446"}],"version-history":[{"count":2,"href":"https:\/\/berti.net\/es\/wp-json\/wp\/v2\/posts\/18446\/revisions"}],"predecessor-version":[{"id":20955,"href":"https:\/\/berti.net\/es\/wp-json\/wp\/v2\/posts\/18446\/revisions\/20955"}],"wp:featuredmedia":[{"embeddable":true,"href":"https:\/\/berti.net\/es\/wp-json\/wp\/v2\/media\/18450"}],"wp:attachment":[{"href":"https:\/\/berti.net\/es\/wp-json\/wp\/v2\/media?parent=18446"}],"wp:term":[{"taxonomy":"category","embeddable":true,"href":"https:\/\/berti.net\/es\/wp-json\/wp\/v2\/categories?post=18446"},{"taxonomy":"post_tag","embeddable":true,"href":"https:\/\/berti.net\/es\/wp-json\/wp\/v2\/tags?post=18446"}],"curies":[{"name":"wp","href":"https:\/\/api.w.org\/{rel}","templated":true}]}}