{"id":18437,"date":"2019-03-01T07:09:35","date_gmt":"2019-03-01T07:09:35","guid":{"rendered":"https:\/\/www.berti.net\/magazine\/el-regreso-de-la-terraza-veneciana\/"},"modified":"2025-05-19T09:28:01","modified_gmt":"2025-05-19T09:28:01","slug":"el-regreso-de-la-terraza-veneciana","status":"publish","type":"post","link":"https:\/\/berti.net\/es\/magazine\/el-regreso-de-la-terraza-veneciana\/","title":{"rendered":"El regreso de la terraza veneciana"},"content":{"rendered":"\n<div class=\"wp-block-group post-detail-pattern is-container has-base-2-color has-contrast-background-color has-text-color has-background has-link-color wp-elements-9c07496dba6e5b2bd16efe60c4506e32 has-global-padding is-layout-constrained wp-block-group-is-layout-constrained\" style=\"margin-top:0;margin-bottom:0;padding-top:var(--wp--preset--spacing--70);padding-bottom:var(--wp--preset--spacing--70)\">\n<div class=\"wp-block-columns alignwide is-layout-flex wp-container-core-columns-is-layout-d125203f wp-block-columns-is-layout-flex\" style=\"margin-bottom:var(--wp--preset--spacing--50)\">\n<div class=\"wp-block-column is-vertically-aligned-stretch is-layout-flow wp-block-column-is-layout-flow\" style=\"padding-right:0;flex-basis:50%\">\n<div class=\"wp-block-group is-vertical is-content-justification-stretch is-layout-flex wp-container-core-group-is-layout-e9e70883 wp-block-group-is-layout-flex\" style=\"min-height:100%\">\n<div class=\"wp-block-group post-categories is-nowrap is-layout-flex wp-container-core-group-is-layout-3155b93e wp-block-group-is-layout-flex\" style=\"margin-top:var(--wp--preset--spacing--20);font-size:11px\">\n<p>Revista \/<\/p>\n\n\n<div class=\"taxonomy-category wp-block-post-terms\"><a href=\"https:\/\/berti.net\/es\/magazine\/category\/productos\/\" rel=\"tag\">Productos<\/a><span class=\"wp-block-post-terms__separator\">, <\/span><a href=\"https:\/\/berti.net\/es\/magazine\/category\/proyectos\/\" rel=\"tag\">Proyectos<\/a><\/div><\/div>\n\n\n<div style=\"font-style:normal;font-weight:600;text-transform:uppercase;\" class=\"has-link-color wp-elements-32859cd979b45056895d81c5660c23a0 wp-block-post-date has-text-color has-base-color has-s-font-size\"><time datetime=\"2019-03-01T07:09:35+00:00\">1 March 2019<\/time><\/div>\n\n\n<h1 class=\"wp-block-heading post-title\">El regreso de la <strong>Terraza Veneciana<\/strong>.<\/h1>\n\n\n\n<h2 class=\"wp-block-heading post-subtitle\" style=\"margin-bottom:var(--wp--preset--spacing--20)\">El <strong>terrazo veneciano<\/strong>, que ha resurgido en los \u00faltimos a\u00f1os, parece ser una tendencia destinada a perdurar no s\u00f3lo en <strong>los suelos<\/strong>, sino tambi\u00e9n en<strong>muebles<\/strong>, <strong>accesorios<\/strong>, <strong>dise\u00f1o de productos<\/strong> \u00a1e incluso <strong>art\u00edculos de papeler\u00eda<\/strong>! Guste o no, su patr\u00f3n t\u00edpicamente colorido e imperfecto no pasa desapercibido.<\/h2>\n\n\n\n<p><strong>Berti Pavimenti Legno<\/strong>, heredera del antiguo arte de las incrustaciones de madera aplicado a la moderna tecnolog\u00eda l\u00e1ser, rinde homenaje a la historia, la tradici\u00f3n y la cultura de su territorio con <strong>lasetas Venezia<\/strong>, en la nueva colecci\u00f3n <strong>Square Space<\/strong> presentada en la <strong>Domotex 2019<\/strong> de <strong>Hannover<\/strong>: en base de roble e incrustaciones de teca, cepillada y barnizada mate, tama\u00f1o 600&#215;600 mm con posibilidad de personalizaci\u00f3n con resina coloreada.<\/p>\n\n\n\n<figure class=\"wp-block-image size-full\"><img loading=\"lazy\" decoding=\"async\" width=\"614\" height=\"800\" src=\"https:\/\/www.berti.net\/wp-content\/uploads\/2024\/10\/blog-berti_parquet_venezia_terrazzo-trend_1200x800_02.jpg\" alt=\"\" class=\"wp-image-7904\" srcset=\"https:\/\/berti.net\/wp-content\/uploads\/2024\/10\/blog-berti_parquet_venezia_terrazzo-trend_1200x800_02.jpg 614w, https:\/\/berti.net\/wp-content\/uploads\/2024\/10\/blog-berti_parquet_venezia_terrazzo-trend_1200x800_02-230x300.jpg 230w\" sizes=\"auto, (max-width: 614px) 100vw, 614px\" \/><\/figure>\n\n\n\n<h3 class=\"wp-block-heading has-m-font-size\">UN POCO DE HISTORIA<\/h3>\n\n\n\n<p><strong>El terrazo de Venezia<\/strong> se llama as\u00ed porque es en la ciudad lagunar donde alcanz\u00f3 su mayor desarrollo y esplendor, pero sus ra\u00edces se remontan a<strong>la antigua Grecia<\/strong>. Desde all\u00ed, los romanos llevaron la t\u00e9cnica a Italia, y s\u00f3lo durante el <strong>Renacimiento<\/strong> se vincul\u00f3 a la historia de la ciudad de <strong>Venezia<\/strong>.<br\/>En las importantes villas venecianas, las decoraciones, cada vez m\u00e1s art\u00edsticas, exig\u00edan un trabajo largo y laborioso, t\u00edpicamente artesanal, como los mosaicos.<br\/>A finales del siglo XIX, cuando las innovaciones facilitaron la ejecuci\u00f3n del terrazo, tambi\u00e9n emigr\u00f3 a <strong>Inglaterra<\/strong> e incluso a <strong>Estados<\/strong> Unidos para la realizaci\u00f3n de algunas salas de la Casa Blanca. <\/p>\n\n\n\n<figure class=\"wp-block-image size-full\"><img loading=\"lazy\" decoding=\"async\" width=\"882\" height=\"497\" src=\"https:\/\/www.berti.net\/wp-content\/uploads\/2024\/10\/blog-berti_parquet_venezia_terrazzo-trend_1200x800_03-hollywood.jpg\" alt=\"\" class=\"wp-image-7907\" srcset=\"https:\/\/berti.net\/wp-content\/uploads\/2024\/10\/blog-berti_parquet_venezia_terrazzo-trend_1200x800_03-hollywood.jpg 882w, https:\/\/berti.net\/wp-content\/uploads\/2024\/10\/blog-berti_parquet_venezia_terrazzo-trend_1200x800_03-hollywood-300x169.jpg 300w, https:\/\/berti.net\/wp-content\/uploads\/2024\/10\/blog-berti_parquet_venezia_terrazzo-trend_1200x800_03-hollywood-768x433.jpg 768w\" sizes=\"auto, (max-width: 882px) 100vw, 882px\" \/><\/figure>\n\n\n\n<p class=\"has-xxs-font-size\"><a href=\"https:\/\/www.hollywoodreporter.com\/news\/hollywood-walk-fame\" target=\"_blank\" rel=\"noopener\">Paseo de la Fama de Hollywood realizado con la t\u00e9cnica del terrazo: fuente de la imagen<\/a><\/p>\n<\/div>\n<\/div>\n\n\n\n<div class=\"wp-block-column is-layout-flow wp-container-core-column-is-layout-22223934 wp-block-column-is-layout-flow\" style=\"flex-basis:50%\">\n<figure class=\"wp-block-image size-full is-style-default\"><img loading=\"lazy\" decoding=\"async\" width=\"1200\" height=\"800\" src=\"https:\/\/www.berti.net\/wp-content\/uploads\/2024\/10\/blog-berti_parquet_terrazzo-trend_1200x800_01.jpg\" alt=\"\" class=\"wp-image-7900\" srcset=\"https:\/\/berti.net\/wp-content\/uploads\/2024\/10\/blog-berti_parquet_terrazzo-trend_1200x800_01.jpg 1200w, https:\/\/berti.net\/wp-content\/uploads\/2024\/10\/blog-berti_parquet_terrazzo-trend_1200x800_01-300x200.jpg 300w, https:\/\/berti.net\/wp-content\/uploads\/2024\/10\/blog-berti_parquet_terrazzo-trend_1200x800_01-1024x683.jpg 1024w, https:\/\/berti.net\/wp-content\/uploads\/2024\/10\/blog-berti_parquet_terrazzo-trend_1200x800_01-768x512.jpg 768w\" sizes=\"auto, (max-width: 1200px) 100vw, 1200px\" \/><\/figure>\n\n\n\n<p class=\"has-xxs-font-size\"><a href=\"https:\/\/www.pinterest.it\/pin\/306315212149148906\/\" target=\"_blank\" rel=\"noopener\">Fuente de la imagen Pinterest \/ Fuente de la imagen Pinterest \/ Fuente de la imagen Pinterest<\/a><\/p>\n<\/div>\n<\/div>\n\n\n\n<div class=\"wp-block-group post-categories has-global-padding is-content-justification-left is-layout-constrained wp-container-core-group-is-layout-836d34cb wp-block-group-is-layout-constrained\" style=\"margin-top:var(--wp--preset--spacing--70);font-size:11px\">\n<div class=\"wp-block-group is-content-justification-center is-nowrap is-layout-flex wp-container-core-group-is-layout-60758a6d wp-block-group-is-layout-flex\">\n<p>Revista \/<\/p>\n\n\n<div class=\"taxonomy-category wp-block-post-terms\"><a href=\"https:\/\/berti.net\/es\/magazine\/category\/productos\/\" rel=\"tag\">Productos<\/a><span class=\"wp-block-post-terms__separator\">, <\/span><a href=\"https:\/\/berti.net\/es\/magazine\/category\/proyectos\/\" rel=\"tag\">Proyectos<\/a><\/div><\/div>\n<\/div>\n<\/div>\n\n<p><\/p>\n","protected":false},"excerpt":{"rendered":"<p>El terrazo veneciano, que ha resurgido en los \u00faltimos a\u00f1os, parece ser una tendencia destinada a perdurar no s\u00f3lo en los suelos, sino tambi\u00e9n en muebles, complementos, dise\u00f1o de productos e incluso art\u00edculos de papeler\u00eda.<\/p>\n","protected":false},"author":9,"featured_media":18439,"comment_status":"closed","ping_status":"closed","sticky":false,"template":"","format":"standard","meta":{"footnotes":""},"categories":[108,142],"tags":[],"class_list":["post-18437","post","type-post","status-publish","format-standard","has-post-thumbnail","hentry","category-productos","category-proyectos"],"_links":{"self":[{"href":"https:\/\/berti.net\/es\/wp-json\/wp\/v2\/posts\/18437","targetHints":{"allow":["GET"]}}],"collection":[{"href":"https:\/\/berti.net\/es\/wp-json\/wp\/v2\/posts"}],"about":[{"href":"https:\/\/berti.net\/es\/wp-json\/wp\/v2\/types\/post"}],"author":[{"embeddable":true,"href":"https:\/\/berti.net\/es\/wp-json\/wp\/v2\/users\/9"}],"replies":[{"embeddable":true,"href":"https:\/\/berti.net\/es\/wp-json\/wp\/v2\/comments?post=18437"}],"version-history":[{"count":4,"href":"https:\/\/berti.net\/es\/wp-json\/wp\/v2\/posts\/18437\/revisions"}],"predecessor-version":[{"id":21016,"href":"https:\/\/berti.net\/es\/wp-json\/wp\/v2\/posts\/18437\/revisions\/21016"}],"wp:featuredmedia":[{"embeddable":true,"href":"https:\/\/berti.net\/es\/wp-json\/wp\/v2\/media\/18439"}],"wp:attachment":[{"href":"https:\/\/berti.net\/es\/wp-json\/wp\/v2\/media?parent=18437"}],"wp:term":[{"taxonomy":"category","embeddable":true,"href":"https:\/\/berti.net\/es\/wp-json\/wp\/v2\/categories?post=18437"},{"taxonomy":"post_tag","embeddable":true,"href":"https:\/\/berti.net\/es\/wp-json\/wp\/v2\/tags?post=18437"}],"curies":[{"name":"wp","href":"https:\/\/api.w.org\/{rel}","templated":true}]}}