{"id":18384,"date":"2017-01-02T12:24:27","date_gmt":"2017-01-02T12:24:27","guid":{"rendered":"https:\/\/www.berti.net\/magazine\/nuevas-confirmaciones-para-berti-y-sus-suelos-de-parquet-tambien-en-el-showroom-de-barcelona\/"},"modified":"2025-05-19T09:29:05","modified_gmt":"2025-05-19T09:29:05","slug":"nuevas-confirmaciones-para-berti-y-sus-suelos-de-parquet-tambien-en-el-showroom-de-barcelona","status":"publish","type":"post","link":"https:\/\/berti.net\/es\/magazine\/nuevas-confirmaciones-para-berti-y-sus-suelos-de-parquet-tambien-en-el-showroom-de-barcelona\/","title":{"rendered":"Nuevas confirmaciones para Berti y sus suelos de parquet \u00a1tambi\u00e9n en el showroom de Barcelona!"},"content":{"rendered":"\n<div class=\"wp-block-group post-detail-pattern is-container has-base-2-color has-contrast-background-color has-text-color has-background has-link-color wp-elements-0b3c47130d73d68a577d5d7f5d9aaabb has-global-padding is-layout-constrained wp-block-group-is-layout-constrained\" style=\"margin-top:0;margin-bottom:0;padding-top:var(--wp--preset--spacing--70);padding-bottom:var(--wp--preset--spacing--70)\">\n<div class=\"wp-block-columns alignwide is-layout-flex wp-container-core-columns-is-layout-d125203f wp-block-columns-is-layout-flex\" style=\"margin-bottom:var(--wp--preset--spacing--50)\">\n<div class=\"wp-block-column is-vertically-aligned-stretch is-layout-flow wp-block-column-is-layout-flow\" style=\"padding-right:0;flex-basis:50%\">\n<div class=\"wp-block-group is-vertical is-content-justification-stretch is-layout-flex wp-container-core-group-is-layout-e9e70883 wp-block-group-is-layout-flex\" style=\"min-height:100%\">\n<div class=\"wp-block-group post-categories is-nowrap is-layout-flex wp-container-core-group-is-layout-3155b93e wp-block-group-is-layout-flex\" style=\"margin-top:var(--wp--preset--spacing--20);font-size:11px\">\n<p>Revista \/<\/p>\n\n\n<div class=\"taxonomy-category wp-block-post-terms\"><a href=\"https:\/\/berti.net\/es\/magazine\/category\/productos\/\" rel=\"tag\">Productos<\/a><span class=\"wp-block-post-terms__separator\">, <\/span><a href=\"https:\/\/berti.net\/es\/magazine\/category\/eventos\/\" rel=\"tag\">Eventos<\/a><\/div><\/div>\n\n\n<div style=\"font-style:normal;font-weight:600;text-transform:uppercase;\" class=\"has-link-color wp-elements-32859cd979b45056895d81c5660c23a0 wp-block-post-date has-text-color has-base-color has-s-font-size\"><time datetime=\"2017-01-02T12:24:27+00:00\">2 January 2017<\/time><\/div>\n\n\n<h1 class=\"wp-block-heading post-title\">Nuevas confirmaciones para <strong>Berti<\/strong> y sus <strong>suelos de parquet<\/strong> \u00a1tambi\u00e9n en el showroom de <strong>Barcelona<\/strong>!<\/h1>\n\n\n\n<h2 class=\"wp-block-heading post-subtitle\" style=\"margin-bottom:var(--wp--preset--spacing--20)\">Una de las mejores noticias de 2016 que acaba de pasar para <strong>Berti Pavimenti Legno<\/strong> ha sido la apertura del showroom de <strong>Barcelona<\/strong> en la calle del Rossel\u00f2 285,<br\/>a pocos pasos de la evocadora vista de la<br\/> Sagrada Familia, confirmando la bondad de la pol\u00edtica internacional de la empresa.<\/h2>\n\n\n\n<figure class=\"wp-block-image size-full is-style-default\"><img loading=\"lazy\" decoding=\"async\" width=\"2560\" height=\"1707\" src=\"https:\/\/www.berti.net\/wp-content\/uploads\/2017\/01\/berti_barcellona05-scaled.jpg\" alt=\"\" class=\"wp-image-8255\" srcset=\"https:\/\/berti.net\/wp-content\/uploads\/2017\/01\/berti_barcellona05-scaled.jpg 2560w, https:\/\/berti.net\/wp-content\/uploads\/2017\/01\/berti_barcellona05-300x200.jpg 300w, https:\/\/berti.net\/wp-content\/uploads\/2017\/01\/berti_barcellona05-1024x683.jpg 1024w, https:\/\/berti.net\/wp-content\/uploads\/2017\/01\/berti_barcellona05-768x512.jpg 768w, https:\/\/berti.net\/wp-content\/uploads\/2017\/01\/berti_barcellona05-1536x1024.jpg 1536w, https:\/\/berti.net\/wp-content\/uploads\/2017\/01\/berti_barcellona05-2048x1365.jpg 2048w\" sizes=\"auto, (max-width: 2560px) 100vw, 2560px\" \/><\/figure>\n\n\n\n<p>El espacio se comparte con otra empresa de excelencia Made in Italy, concretamente <strong>Rintal<\/strong>, fabricante de escaleras de interior y exterior.<\/p>\n\n\n\n<p>En estos primeros meses positivos de nuestra experiencia espa\u00f1ola, hemos podido comprobar c\u00f3mo un mercado y un gusto diferentes del italiano han apreciado, sin embargo, la gran calidad y est\u00e9tica de nuestros productos, que hacen de su variedad un punto fuerte. De hecho, se han solicitado numerosos modelos, con visitas a la sala de exposici\u00f3n procedentes de toda <strong>Catalu\u00f1a<\/strong>, tanto de profesionales como de particulares. Tambi\u00e9n hemos podido identificar una especie de &#8221;podio&#8221; nombrando aqu\u00ed los tres suelos de parqu\u00e9 m\u00e1s apreciados hasta la fecha:  <\/p>\n\n\n\n<p><strong><a href=\"https:\/\/www.berti.net\/product\/diesel-living-with-berti-prodotti-special\/\">SOMBRA NEGRA DIESEL<\/a><br\/><\/strong>Presente en la l\u00ednea Especial de la colecci\u00f3n Diesel Living with Berti.<strong><br\/><\/strong>Un aspecto contempor\u00e1neo pero interpretado en una composici\u00f3n geom\u00e9trica de matriz cl\u00e1sica. Un efecto de claroscuro de percepci\u00f3n pl\u00e1stica inmediata, gracias al juego de luces y sombras que crea un sombreado tridimensional. <\/p>\n\n\n\n<p><strong><a href=\"https:\/\/www.berti.net\/product\/prodotti-essential-rovere\/\" target=\"_blank\" rel=\"noreferrer noopener\">ROBLE ESENCIAL<\/a><br\/><\/strong>De la Colecci\u00f3n Berti<br\/><strong>&#8221;<\/strong>C\u00e1lido y refinado, el roble es un \u00e9xito de ventas entre las esencias utilizadas para suelos y parquets gracias a sus caracter\u00edsticas est\u00e9ticas, con un color y un veteado que le permiten ser una esencia adecuada para cualquier tipo de ambiente, pero sobre todo gracias a su excelente dureza, estabilidad y durabilidad.&#8221;<\/p>\n\n\n\n<p><strong><a href=\"https:\/\/www.berti.net\/product\/prodotti-inspiration\/\" target=\"_blank\" rel=\"noreferrer noopener\">ROBLE BLANCHE<\/a><br\/><\/strong>De la Colecci\u00f3n Inspiration de Berti Studio.<br\/>Una colecci\u00f3n con un toque extra gracias a la elaboraci\u00f3n, el tinte y el acabado a\u00f1adidos a los productos est\u00e1ndar en las esencias individuales. Otras interpretaciones de la madera dise\u00f1adas para satisfacer gustos elaborados o necesidades precisas. <\/p>\n\n\n\n<p>Dados los buenos resultados de los primeros meses, Berti ha decidido llevar a cabo nuevas pol\u00edticas de <strong>marketing<\/strong>, tanto territoriales como digitales, y puedes encontrar una p\u00e1gina dedicada al showroom de Barcelona aqu\u00ed<strong> <\/strong><strong><a href=\"https:\/\/promo.bertiparquet.net\/\" target=\"_blank\" rel=\"noreferrer noopener\">promo.bertiparquet.net<\/a><\/strong><\/p>\n\n\n\n<figure class=\"wp-block-image size-full is-style-default\"><img loading=\"lazy\" decoding=\"async\" width=\"900\" height=\"1200\" src=\"https:\/\/www.berti.net\/wp-content\/uploads\/2017\/01\/bertistudio-scratch-1.jpg\" alt=\"\" class=\"wp-image-8268\" srcset=\"https:\/\/berti.net\/wp-content\/uploads\/2017\/01\/bertistudio-scratch-1.jpg 900w, https:\/\/berti.net\/wp-content\/uploads\/2017\/01\/bertistudio-scratch-1-225x300.jpg 225w, https:\/\/berti.net\/wp-content\/uploads\/2017\/01\/bertistudio-scratch-1-768x1024.jpg 768w\" sizes=\"auto, (max-width: 900px) 100vw, 900px\" \/><\/figure>\n<\/div>\n<\/div>\n\n\n\n<div class=\"wp-block-column is-layout-flow wp-container-core-column-is-layout-22223934 wp-block-column-is-layout-flow\" style=\"flex-basis:50%\">\n<figure class=\"wp-block-image size-full is-style-default\"><img loading=\"lazy\" decoding=\"async\" width=\"900\" height=\"1200\" src=\"https:\/\/www.berti.net\/wp-content\/uploads\/2017\/01\/bertistudio-essence-oil-1.jpg\" alt=\"\" class=\"wp-image-8262\" srcset=\"https:\/\/berti.net\/wp-content\/uploads\/2017\/01\/bertistudio-essence-oil-1.jpg 900w, https:\/\/berti.net\/wp-content\/uploads\/2017\/01\/bertistudio-essence-oil-1-225x300.jpg 225w, https:\/\/berti.net\/wp-content\/uploads\/2017\/01\/bertistudio-essence-oil-1-768x1024.jpg 768w\" sizes=\"auto, (max-width: 900px) 100vw, 900px\" \/><\/figure>\n<\/div>\n<\/div>\n\n\n\n<div class=\"wp-block-group post-categories has-global-padding is-content-justification-left is-layout-constrained wp-container-core-group-is-layout-836d34cb wp-block-group-is-layout-constrained\" style=\"margin-top:var(--wp--preset--spacing--70);font-size:11px\">\n<div class=\"wp-block-group is-content-justification-center is-nowrap is-layout-flex wp-container-core-group-is-layout-60758a6d wp-block-group-is-layout-flex\">\n<p>Revista \/<\/p>\n\n\n<div class=\"taxonomy-category wp-block-post-terms\"><a href=\"https:\/\/berti.net\/es\/magazine\/category\/productos\/\" rel=\"tag\">Productos<\/a><span class=\"wp-block-post-terms__separator\">, <\/span><a href=\"https:\/\/berti.net\/es\/magazine\/category\/eventos\/\" rel=\"tag\">Eventos<\/a><\/div><\/div>\n<\/div>\n<\/div>\n","protected":false},"excerpt":{"rendered":"<p>Una de las mejores noticias de 2016 que acaba de pasar para Berti Pavimenti Legno ha sido la apertura de la sala de exposici\u00f3n en Barcelona, en la calle del Rossel\u00f2 285,<br \/>\n, a pocos pasos de la impresionante vista de la<br \/>\nSagrada Familia.<\/p>\n","protected":false},"author":9,"featured_media":18385,"comment_status":"closed","ping_status":"closed","sticky":false,"template":"","format":"standard","meta":{"footnotes":""},"categories":[108,143],"tags":[],"class_list":["post-18384","post","type-post","status-publish","format-standard","has-post-thumbnail","hentry","category-productos","category-eventos"],"_links":{"self":[{"href":"https:\/\/berti.net\/es\/wp-json\/wp\/v2\/posts\/18384","targetHints":{"allow":["GET"]}}],"collection":[{"href":"https:\/\/berti.net\/es\/wp-json\/wp\/v2\/posts"}],"about":[{"href":"https:\/\/berti.net\/es\/wp-json\/wp\/v2\/types\/post"}],"author":[{"embeddable":true,"href":"https:\/\/berti.net\/es\/wp-json\/wp\/v2\/users\/9"}],"replies":[{"embeddable":true,"href":"https:\/\/berti.net\/es\/wp-json\/wp\/v2\/comments?post=18384"}],"version-history":[{"count":2,"href":"https:\/\/berti.net\/es\/wp-json\/wp\/v2\/posts\/18384\/revisions"}],"predecessor-version":[{"id":21042,"href":"https:\/\/berti.net\/es\/wp-json\/wp\/v2\/posts\/18384\/revisions\/21042"}],"wp:featuredmedia":[{"embeddable":true,"href":"https:\/\/berti.net\/es\/wp-json\/wp\/v2\/media\/18385"}],"wp:attachment":[{"href":"https:\/\/berti.net\/es\/wp-json\/wp\/v2\/media?parent=18384"}],"wp:term":[{"taxonomy":"category","embeddable":true,"href":"https:\/\/berti.net\/es\/wp-json\/wp\/v2\/categories?post=18384"},{"taxonomy":"post_tag","embeddable":true,"href":"https:\/\/berti.net\/es\/wp-json\/wp\/v2\/tags?post=18384"}],"curies":[{"name":"wp","href":"https:\/\/api.w.org\/{rel}","templated":true}]}}