{"id":18359,"date":"2016-07-01T13:59:17","date_gmt":"2016-07-01T13:59:17","guid":{"rendered":"https:\/\/www.berti.net\/magazine\/facultad-de-rosenheim-de-visita-en-pisos-berti\/"},"modified":"2025-05-19T09:29:55","modified_gmt":"2025-05-19T09:29:55","slug":"facultad-de-rosenheim-de-visita-en-pisos-berti","status":"publish","type":"post","link":"https:\/\/berti.net\/es\/magazine\/facultad-de-rosenheim-de-visita-en-pisos-berti\/","title":{"rendered":"Facultad de Rosenheim de visita en Pisos Berti"},"content":{"rendered":"\n<div class=\"wp-block-group post-detail-pattern is-container has-base-2-color has-contrast-background-color has-text-color has-background has-link-color wp-elements-bec2ae339c0319965be95cf19f9b2d3d has-global-padding is-layout-constrained wp-block-group-is-layout-constrained\" style=\"margin-top:0;margin-bottom:0;padding-top:var(--wp--preset--spacing--70);padding-bottom:var(--wp--preset--spacing--70)\">\n<div class=\"wp-block-columns alignwide is-layout-flex wp-container-core-columns-is-layout-d125203f wp-block-columns-is-layout-flex\" style=\"margin-bottom:var(--wp--preset--spacing--50)\">\n<div class=\"wp-block-column is-vertically-aligned-stretch is-layout-flow wp-block-column-is-layout-flow\" style=\"padding-right:0;flex-basis:50%\">\n<div class=\"wp-block-group is-vertical is-content-justification-stretch is-layout-flex wp-container-core-group-is-layout-e9e70883 wp-block-group-is-layout-flex\" style=\"min-height:100%\">\n<div class=\"wp-block-group post-categories is-nowrap is-layout-flex wp-container-core-group-is-layout-3155b93e wp-block-group-is-layout-flex\" style=\"margin-top:var(--wp--preset--spacing--20);font-size:11px\">\n<p>Revista \/<\/p>\n\n\n<div class=\"taxonomy-category wp-block-post-terms\"><a href=\"https:\/\/berti.net\/es\/magazine\/category\/productos\/\" rel=\"tag\">Productos<\/a><span class=\"wp-block-post-terms__separator\">, <\/span><a href=\"https:\/\/berti.net\/es\/magazine\/category\/eventos\/\" rel=\"tag\">Eventos<\/a><\/div><\/div>\n\n\n<div style=\"font-style:normal;font-weight:600;text-transform:uppercase;\" class=\"has-link-color wp-elements-32859cd979b45056895d81c5660c23a0 wp-block-post-date has-text-color has-base-color has-s-font-size\"><time datetime=\"2016-07-01T13:59:17+00:00\">1 July 2016<\/time><\/div>\n\n\n<h1 class=\"wp-block-heading post-title\"><strong>Facultad de Rosenheim<\/strong> de visita en <strong>Pisos Berti<\/strong><\/h1>\n\n\n\n<h2 class=\"wp-block-heading post-subtitle\" style=\"margin-bottom:var(--wp--preset--spacing--20)\"><strong>Berti Pavimenti Legno<\/strong> acogi\u00f3 en sus instalaciones a los estudiantes del <a href=\"https:\/\/www.fh-rosenheim.de\/die-hochschule\/fakultaeten-institute\/\" target=\"_blank\" rel=\"noopener\">M\u00e1ster en T\u00e9cnicas de la Madera de la Facultad de Rosenheim<\/a>. Una clase internacional de unos <strong>30 alumnos<\/strong>, curiosos y apasionados por el tema, entre los que hab\u00eda afganos, iraqu\u00edes, indios, africanos, alemanes, franceses e italianos, acompa\u00f1ados por el profesor Frieder Scholz. (<strong><a href=\"https:\/\/www.facebook.com\/BertiPavimentiLegno\/photos\/?tab=album&amp;album_id=1218705941474826\" target=\"_blank\" rel=\"noreferrer noopener\">La galer\u00eda completa en la p\u00e1gina de Facebook de Berti<\/a><\/strong>)<\/h2>\n\n\n\n<figure class=\"wp-block-image size-full is-style-default\"><img loading=\"lazy\" decoding=\"async\" width=\"2048\" height=\"1200\" src=\"https:\/\/www.berti.net\/wp-content\/uploads\/2016\/07\/rosenheim04.jpg\" alt=\"\" class=\"wp-image-8508\" srcset=\"https:\/\/berti.net\/wp-content\/uploads\/2016\/07\/rosenheim04.jpg 2048w, https:\/\/berti.net\/wp-content\/uploads\/2016\/07\/rosenheim04-300x176.jpg 300w, https:\/\/berti.net\/wp-content\/uploads\/2016\/07\/rosenheim04-1024x600.jpg 1024w, https:\/\/berti.net\/wp-content\/uploads\/2016\/07\/rosenheim04-768x450.jpg 768w, https:\/\/berti.net\/wp-content\/uploads\/2016\/07\/rosenheim04-1536x900.jpg 1536w\" sizes=\"auto, (max-width: 2048px) 100vw, 2048px\" \/><\/figure>\n\n\n\n<p>Tras una presentaci\u00f3n de la capacidad log\u00edstica de la empresa, desde el almacenamiento de mercanc\u00edas hasta los procesos de entrada y salida de material, <strong>Massimo y Matteo Berti<\/strong> hicieron una presentaci\u00f3n espec\u00edfica de la producci\u00f3n de madera preacabada: desde las t\u00e9cnicas de moldeado, realizadas con maquinaria de alta precisi\u00f3n mediante herramientas diamantadas, hasta los procesos de encolado del sustrato a la parte noble de la madera.<\/p>\n\n\n\n<p>A continuaci\u00f3n, se hizo una demostraci\u00f3n de c\u00f3mo y d\u00f3nde tiene lugar la preparaci\u00f3n de las materias primas; el curado del material; el corte de las l\u00e1minas que componen la parte noble del roble en esencia; la preparaci\u00f3n del soporte de abedul; el encolado y el prensado.<\/p>\n\n\n\n<p>Acompa\u00f1ado por el esp\u00edritu entusiasta de los j\u00f3venes estudiantes de la <strong>Facultad de Rosenheim<\/strong>, Berti Pavimenti mostr\u00f3 el departamento de corte y composici\u00f3n.<\/p>\n\n\n\n<p>Es aqu\u00ed donde un arte tan antiguo como el trabajo de la madera se aplica a la tecnolog\u00eda moderna en la que Berti Pavimenti est\u00e1 constantemente comprometida. En este departamento, la t\u00e9cnica l\u00e1ser de control num\u00e9rico permite la producci\u00f3n de las maravillosas Incrustaciones, Bordes con incrustaciones y losetas. <\/p>\n\n\n\n<figure class=\"wp-block-image size-full is-style-default\"><img loading=\"lazy\" decoding=\"async\" width=\"640\" height=\"960\" src=\"https:\/\/www.berti.net\/wp-content\/uploads\/2016\/07\/rosenheim03.jpg\" alt=\"\" class=\"wp-image-8513\" srcset=\"https:\/\/berti.net\/wp-content\/uploads\/2016\/07\/rosenheim03.jpg 640w, https:\/\/berti.net\/wp-content\/uploads\/2016\/07\/rosenheim03-200x300.jpg 200w\" sizes=\"auto, (max-width: 640px) 100vw, 640px\" \/><\/figure>\n\n\n\n<p>Casi al final de la reuni\u00f3n, vimos la planta de \u00faltima generaci\u00f3n y las t\u00e9cnicas de pintura al agua que Berti Pavimenti utiliza para sus productos de alta calidad.<\/p>\n\n\n\n<p>La visita termin\u00f3, por supuesto, con una demostraci\u00f3n de los acabados. Con estos procesos, nuestros artesanos consiguen que el producto Berti sea meticulosamente detallado y personalizado. <\/p>\n\n\n\n<p>La imaginaci\u00f3n y la creatividad toman forma gracias a los diferentes cepillados, acabados, cepillados y diversos tratamientos que permiten adaptarse a las \u00faltimas tendencias de dise\u00f1o y embellecer las estancias con la naturalidad y la belleza del parquet.<\/p>\n\n\n\n<p>Luego, al final de la presentaci\u00f3n de la empresa, junto con los alumnos, nos reunimos ante un buf\u00e9 con sabor italiano para la despedida, todos realmente satisfechos por la buena experiencia vivida durante la jornada, que result\u00f3 muy educativa para todos los presentes. \u00a1Esperamos repetir pronto este tipo de ocasiones! <\/p>\n<\/div>\n<\/div>\n\n\n\n<div class=\"wp-block-column is-layout-flow wp-container-core-column-is-layout-22223934 wp-block-column-is-layout-flow\" style=\"flex-basis:50%\">\n<figure class=\"wp-block-image size-full is-style-default\"><img loading=\"lazy\" decoding=\"async\" width=\"2048\" height=\"1365\" src=\"https:\/\/www.berti.net\/wp-content\/uploads\/2016\/07\/rosenheim02.jpg\" alt=\"\" class=\"wp-image-8516\" srcset=\"https:\/\/berti.net\/wp-content\/uploads\/2016\/07\/rosenheim02.jpg 2048w, https:\/\/berti.net\/wp-content\/uploads\/2016\/07\/rosenheim02-300x200.jpg 300w, https:\/\/berti.net\/wp-content\/uploads\/2016\/07\/rosenheim02-1024x683.jpg 1024w, https:\/\/berti.net\/wp-content\/uploads\/2016\/07\/rosenheim02-768x512.jpg 768w, https:\/\/berti.net\/wp-content\/uploads\/2016\/07\/rosenheim02-1536x1024.jpg 1536w\" sizes=\"auto, (max-width: 2048px) 100vw, 2048px\" \/><\/figure>\n\n\n\n<figure class=\"wp-block-image size-full is-style-default\"><img loading=\"lazy\" decoding=\"async\" width=\"2048\" height=\"1365\" src=\"https:\/\/www.berti.net\/wp-content\/uploads\/2016\/07\/rosenheim01.jpg\" alt=\"\" class=\"wp-image-8519\" srcset=\"https:\/\/berti.net\/wp-content\/uploads\/2016\/07\/rosenheim01.jpg 2048w, https:\/\/berti.net\/wp-content\/uploads\/2016\/07\/rosenheim01-300x200.jpg 300w, https:\/\/berti.net\/wp-content\/uploads\/2016\/07\/rosenheim01-1024x683.jpg 1024w, https:\/\/berti.net\/wp-content\/uploads\/2016\/07\/rosenheim01-768x512.jpg 768w, https:\/\/berti.net\/wp-content\/uploads\/2016\/07\/rosenheim01-1536x1024.jpg 1536w\" sizes=\"auto, (max-width: 2048px) 100vw, 2048px\" \/><\/figure>\n<\/div>\n<\/div>\n\n\n\n<div class=\"wp-block-group post-categories has-global-padding is-content-justification-left is-layout-constrained wp-container-core-group-is-layout-836d34cb wp-block-group-is-layout-constrained\" style=\"margin-top:var(--wp--preset--spacing--70);font-size:11px\">\n<div class=\"wp-block-group is-content-justification-center is-nowrap is-layout-flex wp-container-core-group-is-layout-60758a6d wp-block-group-is-layout-flex\">\n<p>Revista \/<\/p>\n\n\n<div class=\"taxonomy-category wp-block-post-terms\"><a href=\"https:\/\/berti.net\/es\/magazine\/category\/productos\/\" rel=\"tag\">Productos<\/a><span class=\"wp-block-post-terms__separator\">, <\/span><a href=\"https:\/\/berti.net\/es\/magazine\/category\/eventos\/\" rel=\"tag\">Eventos<\/a><\/div><\/div>\n<\/div>\n<\/div>\n\n<p><\/p>\n","protected":false},"excerpt":{"rendered":"<p>Berti Pavimenti Legno acogi\u00f3 en sus instalaciones a los estudiantes del M\u00e1ster en T\u00e9cnicas de la Madera de la Facultad de Rosenheim.<\/p>\n","protected":false},"author":9,"featured_media":18360,"comment_status":"closed","ping_status":"closed","sticky":false,"template":"","format":"standard","meta":{"footnotes":""},"categories":[108,143],"tags":[],"class_list":["post-18359","post","type-post","status-publish","format-standard","has-post-thumbnail","hentry","category-productos","category-eventos"],"_links":{"self":[{"href":"https:\/\/berti.net\/es\/wp-json\/wp\/v2\/posts\/18359","targetHints":{"allow":["GET"]}}],"collection":[{"href":"https:\/\/berti.net\/es\/wp-json\/wp\/v2\/posts"}],"about":[{"href":"https:\/\/berti.net\/es\/wp-json\/wp\/v2\/types\/post"}],"author":[{"embeddable":true,"href":"https:\/\/berti.net\/es\/wp-json\/wp\/v2\/users\/9"}],"replies":[{"embeddable":true,"href":"https:\/\/berti.net\/es\/wp-json\/wp\/v2\/comments?post=18359"}],"version-history":[{"count":4,"href":"https:\/\/berti.net\/es\/wp-json\/wp\/v2\/posts\/18359\/revisions"}],"predecessor-version":[{"id":21070,"href":"https:\/\/berti.net\/es\/wp-json\/wp\/v2\/posts\/18359\/revisions\/21070"}],"wp:featuredmedia":[{"embeddable":true,"href":"https:\/\/berti.net\/es\/wp-json\/wp\/v2\/media\/18360"}],"wp:attachment":[{"href":"https:\/\/berti.net\/es\/wp-json\/wp\/v2\/media?parent=18359"}],"wp:term":[{"taxonomy":"category","embeddable":true,"href":"https:\/\/berti.net\/es\/wp-json\/wp\/v2\/categories?post=18359"},{"taxonomy":"post_tag","embeddable":true,"href":"https:\/\/berti.net\/es\/wp-json\/wp\/v2\/tags?post=18359"}],"curies":[{"name":"wp","href":"https:\/\/api.w.org\/{rel}","templated":true}]}}