{"id":18354,"date":"2016-09-30T12:50:44","date_gmt":"2016-09-30T12:50:44","guid":{"rendered":"https:\/\/www.berti.net\/magazine\/i-parquet-berti-en-tv-en-realtime-con-el-programa-ma-come-ti-vesti\/"},"modified":"2025-05-19T09:29:07","modified_gmt":"2025-05-19T09:29:07","slug":"i-parquet-berti-en-tv-en-realtime-con-el-programa-ma-come-ti-vesti","status":"publish","type":"post","link":"https:\/\/berti.net\/es\/magazine\/i-parquet-berti-en-tv-en-realtime-con-el-programa-ma-come-ti-vesti\/","title":{"rendered":"I parquet Berti en TV en RealTime con el programa &#8221;Ma come ti vesti?!&#8221;"},"content":{"rendered":"\n<div class=\"wp-block-group post-detail-pattern is-container has-base-2-color has-contrast-background-color has-text-color has-background has-link-color wp-elements-80a4a39ec32a39b15b9382bf19d8c715 has-global-padding is-layout-constrained wp-block-group-is-layout-constrained\" style=\"margin-top:0;margin-bottom:0;padding-top:var(--wp--preset--spacing--70);padding-bottom:var(--wp--preset--spacing--70)\">\n<div class=\"wp-block-columns alignwide is-layout-flex wp-container-core-columns-is-layout-d125203f wp-block-columns-is-layout-flex\" style=\"margin-bottom:var(--wp--preset--spacing--50)\">\n<div class=\"wp-block-column is-vertically-aligned-stretch is-layout-flow wp-block-column-is-layout-flow\" style=\"padding-right:0;flex-basis:50%\">\n<div class=\"wp-block-group is-vertical is-content-justification-stretch is-layout-flex wp-container-core-group-is-layout-e9e70883 wp-block-group-is-layout-flex\" style=\"min-height:100%\">\n<div class=\"wp-block-group post-categories is-nowrap is-layout-flex wp-container-core-group-is-layout-3155b93e wp-block-group-is-layout-flex\" style=\"margin-top:var(--wp--preset--spacing--20);font-size:11px\">\n<p>Revista \/<\/p>\n\n\n<div class=\"taxonomy-category wp-block-post-terms\"><a href=\"https:\/\/berti.net\/es\/magazine\/category\/productos\/\" rel=\"tag\">Productos<\/a><span class=\"wp-block-post-terms__separator\">, <\/span><a href=\"https:\/\/berti.net\/es\/magazine\/category\/eventos\/\" rel=\"tag\">Eventos<\/a><span class=\"wp-block-post-terms__separator\">, <\/span><a href=\"https:\/\/berti.net\/es\/magazine\/category\/proyectos\/\" rel=\"tag\">Proyectos<\/a><\/div><\/div>\n\n\n<div style=\"font-style:normal;font-weight:600;text-transform:uppercase;\" class=\"has-link-color wp-elements-32859cd979b45056895d81c5660c23a0 wp-block-post-date has-text-color has-base-color has-s-font-size\"><time datetime=\"2016-09-30T12:50:44+00:00\">30 September 2016<\/time><\/div>\n\n\n<h1 class=\"wp-block-heading post-title\">I parquet <strong>Berti<\/strong> en TV en <strong>RealTime<\/strong> con el programa <strong>&#8221;Ma come ti vesti?!&#8221;<\/strong><\/h1>\n\n\n\n<h2 class=\"wp-block-heading post-subtitle\" style=\"margin-bottom:var(--wp--preset--spacing--20)\">\u00a1 <strong>Los Parquets Berti<\/strong> tambi\u00e9n son estrellas de la televisi\u00f3n!<\/h2>\n\n\n\n<p>De hecho, estas semanas se emite la novena temporada del programa <strong><a href=\"https:\/\/blog.berti.net\/i-parquet-berti-in-tv-su-realtime-con-il-programma-ma-come-ti-vesti\/www.realtimetv.it\/programmi\/ma-come-ti-vesti\/\" target=\"_blank\" rel=\"noreferrer noopener\">Ma come ti vesti?<\/a><\/strong>presentado por la famosa pareja <strong>Enzo Miccio<\/strong> y <strong>Carla Gozzi<\/strong>, en antena todos los martes por la noche a las 21.10 h en <strong><a href=\"https:\/\/www.facebook.com\/realtimeitalia\/\" target=\"_blank\" rel=\"noopener\">Tiempo Real<\/a><\/strong> con la posibilidad de revisar los episodios en <strong>DPLAY<\/strong>.<\/p>\n\n\n\n<p>A lo largo de esta temporada, el plat\u00f3 de televisi\u00f3n podr\u00e1 confiar en la calidad de <strong>los suelos de madera Berti<\/strong>. <a href=\"https:\/\/www.berti.net\/product\/prodotti-inspiration\/\" target=\"_blank\" rel=\"noreferrer noopener\">La l\u00ednea <strong>INSPIRATION<\/strong><\/a> de la <strong>Colecci\u00f3n Berti Studio<\/strong>, modelo Crystal ha sido elegida para este prestigioso encargo.<\/p>\n\n\n\n<figure class=\"wp-block-image size-full is-style-default\"><img loading=\"lazy\" decoding=\"async\" width=\"2128\" height=\"1137\" src=\"https:\/\/www.berti.net\/wp-content\/uploads\/2016\/09\/macometivesti_bertipavimenti_150dpi1.jpg\" alt=\"\" class=\"wp-image-8345\" srcset=\"https:\/\/berti.net\/wp-content\/uploads\/2016\/09\/macometivesti_bertipavimenti_150dpi1.jpg 2128w, https:\/\/berti.net\/wp-content\/uploads\/2016\/09\/macometivesti_bertipavimenti_150dpi1-300x160.jpg 300w, https:\/\/berti.net\/wp-content\/uploads\/2016\/09\/macometivesti_bertipavimenti_150dpi1-1024x547.jpg 1024w, https:\/\/berti.net\/wp-content\/uploads\/2016\/09\/macometivesti_bertipavimenti_150dpi1-768x410.jpg 768w, https:\/\/berti.net\/wp-content\/uploads\/2016\/09\/macometivesti_bertipavimenti_150dpi1-1536x821.jpg 1536w, https:\/\/berti.net\/wp-content\/uploads\/2016\/09\/macometivesti_bertipavimenti_150dpi1-2048x1094.jpg 2048w\" sizes=\"auto, (max-width: 2128px) 100vw, 2128px\" \/><\/figure>\n\n\n\n<p><strong>&#8221;Ma come ti vesti?!&#8221;<\/strong> es una popular serie de TV que intenta ayudar a las personas que necesitan un cambio radical en su vestuario, a veces eliminando sin piedad todo lo que es de mal gusto. As\u00ed, Enzo y Carla dan a los protagonistas looks a medida antes de confiarles la dif\u00edcil tarea de ir de compras solos. Al final del entrenamiento, las participantes, habiendo adquirido un nuevo estilo, se presentan ante sus amigos y familiares.  <\/p>\n\n\n\n<p>Estamos encantados con esta nueva colaboraci\u00f3n, y te invitamos a que sigas de cerca el programa, tanto en directo como a la carta, para que veas con tus propios ojos la espl\u00e9ndida representaci\u00f3n de nuestros suelos de parqu\u00e9.<\/p>\n\n\n\n<figure class=\"wp-block-image size-full is-style-default\"><img loading=\"lazy\" decoding=\"async\" width=\"1416\" height=\"2128\" src=\"https:\/\/www.berti.net\/wp-content\/uploads\/2016\/09\/macometivesti_bertipavimenti_02_150dpi.jpg\" alt=\"\" class=\"wp-image-8351\" srcset=\"https:\/\/berti.net\/wp-content\/uploads\/2016\/09\/macometivesti_bertipavimenti_02_150dpi.jpg 1416w, https:\/\/berti.net\/wp-content\/uploads\/2016\/09\/macometivesti_bertipavimenti_02_150dpi-200x300.jpg 200w, https:\/\/berti.net\/wp-content\/uploads\/2016\/09\/macometivesti_bertipavimenti_02_150dpi-681x1024.jpg 681w, https:\/\/berti.net\/wp-content\/uploads\/2016\/09\/macometivesti_bertipavimenti_02_150dpi-768x1154.jpg 768w, https:\/\/berti.net\/wp-content\/uploads\/2016\/09\/macometivesti_bertipavimenti_02_150dpi-1022x1536.jpg 1022w, https:\/\/berti.net\/wp-content\/uploads\/2016\/09\/macometivesti_bertipavimenti_02_150dpi-1363x2048.jpg 1363w\" sizes=\"auto, (max-width: 1416px) 100vw, 1416px\" \/><\/figure>\n<\/div>\n<\/div>\n\n\n\n<div class=\"wp-block-column is-layout-flow wp-container-core-column-is-layout-22223934 wp-block-column-is-layout-flow\" style=\"flex-basis:50%\">\n<figure class=\"wp-block-image size-full is-style-default\"><img loading=\"lazy\" decoding=\"async\" width=\"1348\" height=\"1792\" src=\"https:\/\/www.berti.net\/wp-content\/uploads\/2016\/09\/macometivesti_bertipavimenti_01_150dpi.jpg\" alt=\"\" class=\"wp-image-8354\" srcset=\"https:\/\/berti.net\/wp-content\/uploads\/2016\/09\/macometivesti_bertipavimenti_01_150dpi.jpg 1348w, https:\/\/berti.net\/wp-content\/uploads\/2016\/09\/macometivesti_bertipavimenti_01_150dpi-226x300.jpg 226w, https:\/\/berti.net\/wp-content\/uploads\/2016\/09\/macometivesti_bertipavimenti_01_150dpi-770x1024.jpg 770w, https:\/\/berti.net\/wp-content\/uploads\/2016\/09\/macometivesti_bertipavimenti_01_150dpi-768x1021.jpg 768w, https:\/\/berti.net\/wp-content\/uploads\/2016\/09\/macometivesti_bertipavimenti_01_150dpi-1155x1536.jpg 1155w\" sizes=\"auto, (max-width: 1348px) 100vw, 1348px\" \/><\/figure>\n<\/div>\n<\/div>\n\n\n\n<div class=\"wp-block-group post-categories has-global-padding is-content-justification-left is-layout-constrained wp-container-core-group-is-layout-836d34cb wp-block-group-is-layout-constrained\" style=\"margin-top:var(--wp--preset--spacing--70);font-size:11px\">\n<div class=\"wp-block-group is-content-justification-center is-nowrap is-layout-flex wp-container-core-group-is-layout-60758a6d wp-block-group-is-layout-flex\">\n<p>Revista \/<\/p>\n\n\n<div class=\"taxonomy-category wp-block-post-terms\"><a href=\"https:\/\/berti.net\/es\/magazine\/category\/productos\/\" rel=\"tag\">Productos<\/a><span class=\"wp-block-post-terms__separator\">, <\/span><a href=\"https:\/\/berti.net\/es\/magazine\/category\/eventos\/\" rel=\"tag\">Eventos<\/a><span class=\"wp-block-post-terms__separator\">, <\/span><a href=\"https:\/\/berti.net\/es\/magazine\/category\/proyectos\/\" rel=\"tag\">Proyectos<\/a><\/div><\/div>\n<\/div>\n<\/div>\n","protected":false},"excerpt":{"rendered":"<p>I parquet Berti en TV en RealTime con el programa &#8221;Ma come ti vesti?!&#8221;<\/p>\n","protected":false},"author":9,"featured_media":18355,"comment_status":"closed","ping_status":"closed","sticky":false,"template":"","format":"standard","meta":{"footnotes":""},"categories":[108,143,142],"tags":[],"class_list":["post-18354","post","type-post","status-publish","format-standard","has-post-thumbnail","hentry","category-productos","category-eventos","category-proyectos"],"_links":{"self":[{"href":"https:\/\/berti.net\/es\/wp-json\/wp\/v2\/posts\/18354","targetHints":{"allow":["GET"]}}],"collection":[{"href":"https:\/\/berti.net\/es\/wp-json\/wp\/v2\/posts"}],"about":[{"href":"https:\/\/berti.net\/es\/wp-json\/wp\/v2\/types\/post"}],"author":[{"embeddable":true,"href":"https:\/\/berti.net\/es\/wp-json\/wp\/v2\/users\/9"}],"replies":[{"embeddable":true,"href":"https:\/\/berti.net\/es\/wp-json\/wp\/v2\/comments?post=18354"}],"version-history":[{"count":4,"href":"https:\/\/berti.net\/es\/wp-json\/wp\/v2\/posts\/18354\/revisions"}],"predecessor-version":[{"id":21041,"href":"https:\/\/berti.net\/es\/wp-json\/wp\/v2\/posts\/18354\/revisions\/21041"}],"wp:featuredmedia":[{"embeddable":true,"href":"https:\/\/berti.net\/es\/wp-json\/wp\/v2\/media\/18355"}],"wp:attachment":[{"href":"https:\/\/berti.net\/es\/wp-json\/wp\/v2\/media?parent=18354"}],"wp:term":[{"taxonomy":"category","embeddable":true,"href":"https:\/\/berti.net\/es\/wp-json\/wp\/v2\/categories?post=18354"},{"taxonomy":"post_tag","embeddable":true,"href":"https:\/\/berti.net\/es\/wp-json\/wp\/v2\/tags?post=18354"}],"curies":[{"name":"wp","href":"https:\/\/api.w.org\/{rel}","templated":true}]}}