{"id":18324,"date":"2016-07-21T13:10:28","date_gmt":"2016-07-21T13:10:28","guid":{"rendered":"https:\/\/www.berti.net\/magazine\/noche-archichef-en-belgrado-cuando-la-arquitectura-se-une-a-la-cocina\/"},"modified":"2025-05-19T09:29:24","modified_gmt":"2025-05-19T09:29:24","slug":"noche-archichef-en-belgrado-cuando-la-arquitectura-se-une-a-la-cocina","status":"publish","type":"post","link":"https:\/\/berti.net\/es\/magazine\/noche-archichef-en-belgrado-cuando-la-arquitectura-se-une-a-la-cocina\/","title":{"rendered":"Noche Archichef en Belgrado: cuando la arquitectura se une a la cocina"},"content":{"rendered":"\n<div class=\"wp-block-group post-detail-pattern is-container has-base-2-color has-contrast-background-color has-text-color has-background has-link-color wp-elements-51e211b154f544a991fa5913f192a068 has-global-padding is-layout-constrained wp-block-group-is-layout-constrained\" style=\"margin-top:0;margin-bottom:0;padding-top:var(--wp--preset--spacing--70);padding-bottom:var(--wp--preset--spacing--70)\">\n<div class=\"wp-block-columns alignwide is-layout-flex wp-container-core-columns-is-layout-d125203f wp-block-columns-is-layout-flex\" style=\"margin-bottom:var(--wp--preset--spacing--50)\">\n<div class=\"wp-block-column is-vertically-aligned-stretch is-layout-flow wp-block-column-is-layout-flow\" style=\"padding-right:0;flex-basis:50%\">\n<div class=\"wp-block-group is-vertical is-content-justification-stretch is-layout-flex wp-container-core-group-is-layout-e9e70883 wp-block-group-is-layout-flex\" style=\"min-height:100%\">\n<div class=\"wp-block-group post-categories is-nowrap is-layout-flex wp-container-core-group-is-layout-3155b93e wp-block-group-is-layout-flex\" style=\"margin-top:var(--wp--preset--spacing--20);font-size:11px\">\n<p>Revista \/<\/p>\n\n\n<div class=\"taxonomy-category wp-block-post-terms\"><a href=\"https:\/\/berti.net\/es\/magazine\/category\/productos\/\" rel=\"tag\">Productos<\/a><span class=\"wp-block-post-terms__separator\">, <\/span><a href=\"https:\/\/berti.net\/es\/magazine\/category\/eventos\/\" rel=\"tag\">Eventos<\/a><span class=\"wp-block-post-terms__separator\">, <\/span><a href=\"https:\/\/berti.net\/es\/magazine\/category\/proyectos\/\" rel=\"tag\">Proyectos<\/a><\/div><\/div>\n\n\n<div style=\"font-style:normal;font-weight:600;text-transform:uppercase;\" class=\"has-link-color wp-elements-32859cd979b45056895d81c5660c23a0 wp-block-post-date has-text-color has-base-color has-s-font-size\"><time datetime=\"2016-07-21T13:10:28+00:00\">21 July 2016<\/time><\/div>\n\n\n<h1 class=\"wp-block-heading post-title\"><strong>Noche Archichef<\/strong> en <strong>Belgrado<\/strong>: cuando la arquitectura se encuentra con la cocina.<\/h1>\n\n\n\n<h2 class=\"wp-block-heading post-subtitle\" style=\"margin-bottom:var(--wp--preset--spacing--20)\">La<strong>Noche Archichef<\/strong> de <strong>Belgrado<\/strong> fue el evento que acogi\u00f3 a <strong>Berti Pavimenti Legno<\/strong> como socio. Averig\u00fcemos m\u00e1s.<\/h2>\n\n\n\n<figure class=\"wp-block-image size-full is-style-default\"><img loading=\"lazy\" decoding=\"async\" width=\"756\" height=\"1135\" src=\"https:\/\/www.berti.net\/wp-content\/uploads\/2016\/06\/berti_archichef_belgrado01.jpg\" alt=\"\" class=\"wp-image-8386\" srcset=\"https:\/\/berti.net\/wp-content\/uploads\/2016\/06\/berti_archichef_belgrado01.jpg 756w, https:\/\/berti.net\/wp-content\/uploads\/2016\/06\/berti_archichef_belgrado01-200x300.jpg 200w, https:\/\/berti.net\/wp-content\/uploads\/2016\/06\/berti_archichef_belgrado01-682x1024.jpg 682w\" sizes=\"auto, (max-width: 756px) 100vw, 756px\" \/><\/figure>\n\n\n\n<p>Fue una cena\/evento organizado por <strong>el Restaurante Homa<\/strong> y reuni\u00f3 a cinco estudios de arquitectura de la capital serbia tras los fogones, combinando as\u00ed la creatividad y el talento culinario con el dise\u00f1o arquitect\u00f3nico.<\/p>\n\n\n\n<p>Cada arquitecto seleccion\u00f3 su receta favorita, o la que mejor describ\u00eda las caracter\u00edsticas m\u00e1s destacadas de su pr\u00e1ctica, y se encarg\u00f3 de elegir los ingredientes individuales y tambi\u00e9n de idear la presentaci\u00f3n final de los platos. Al final de la preparaci\u00f3n, se describ\u00eda el plato elegido y su elaboraci\u00f3n. En esta primera fase serbia participaron cinco estudios: <strong>AA Studio, Art Machine, Atelier Petrovic, Draft Architects<\/strong> y <strong>Studio Sinestezia<\/strong>.  <\/p>\n\n\n\n<figure class=\"wp-block-image size-full is-style-default\"><img loading=\"lazy\" decoding=\"async\" width=\"1368\" height=\"912\" src=\"https:\/\/www.berti.net\/wp-content\/uploads\/2016\/06\/berti_archichef_belgrado02.jpg\" alt=\"\" class=\"wp-image-8401\" srcset=\"https:\/\/berti.net\/wp-content\/uploads\/2016\/06\/berti_archichef_belgrado02.jpg 1368w, https:\/\/berti.net\/wp-content\/uploads\/2016\/06\/berti_archichef_belgrado02-300x200.jpg 300w, https:\/\/berti.net\/wp-content\/uploads\/2016\/06\/berti_archichef_belgrado02-1024x683.jpg 1024w, https:\/\/berti.net\/wp-content\/uploads\/2016\/06\/berti_archichef_belgrado02-768x512.jpg 768w\" sizes=\"auto, (max-width: 1368px) 100vw, 1368px\" \/><\/figure>\n\n\n\n<figure class=\"wp-block-image size-full is-style-default\"><img loading=\"lazy\" decoding=\"async\" width=\"1368\" height=\"912\" src=\"https:\/\/www.berti.net\/wp-content\/uploads\/2016\/06\/berti_archichef_belgrado03.jpg\" alt=\"\" class=\"wp-image-8405\" srcset=\"https:\/\/berti.net\/wp-content\/uploads\/2016\/06\/berti_archichef_belgrado03.jpg 1368w, https:\/\/berti.net\/wp-content\/uploads\/2016\/06\/berti_archichef_belgrado03-300x200.jpg 300w, https:\/\/berti.net\/wp-content\/uploads\/2016\/06\/berti_archichef_belgrado03-1024x683.jpg 1024w, https:\/\/berti.net\/wp-content\/uploads\/2016\/06\/berti_archichef_belgrado03-768x512.jpg 768w\" sizes=\"auto, (max-width: 1368px) 100vw, 1368px\" \/><\/figure>\n\n\n\n<figure class=\"wp-block-image size-full is-style-default\"><img loading=\"lazy\" decoding=\"async\" width=\"1327\" height=\"912\" src=\"https:\/\/www.berti.net\/wp-content\/uploads\/2016\/06\/berti_archichef_belgrado04.jpg\" alt=\"\" class=\"wp-image-8408\" srcset=\"https:\/\/berti.net\/wp-content\/uploads\/2016\/06\/berti_archichef_belgrado04.jpg 1327w, https:\/\/berti.net\/wp-content\/uploads\/2016\/06\/berti_archichef_belgrado04-300x206.jpg 300w, https:\/\/berti.net\/wp-content\/uploads\/2016\/06\/berti_archichef_belgrado04-1024x704.jpg 1024w, https:\/\/berti.net\/wp-content\/uploads\/2016\/06\/berti_archichef_belgrado04-768x528.jpg 768w\" sizes=\"auto, (max-width: 1327px) 100vw, 1327px\" \/><\/figure>\n\n\n\n<p><strong>Berti<\/strong> tuvo el placer de ser uno de los socios especiales de esta iniciativa junto con otras excelentes empresas de dise\u00f1o italianas, mientras que las prestigiosas <strong>Elle Decor<\/strong> y <strong>Architonic<\/strong> actuaron como socios medi\u00e1ticos.<\/p>\n\n\n\n<p>Despu\u00e9s de Belgrado, la edici\u00f3n 2016 de la Noche de Archichef contin\u00faa en <strong>Londres<\/strong> en julio, en <strong>Copenhague<\/strong> en septiembre, en <strong>Palermo<\/strong> en octubre y finalmente, en diciembre, en <strong>Bolzano<\/strong>.<\/p>\n\n\n\n<p>Archichef Night es una idea de <strong><a href=\"https:\/\/www.towant.eu\/\" target=\"_blank\" rel=\"noreferrer noopener\">TOWANT<\/a><\/strong>una agencia dedicada a la organizaci\u00f3n de eventos arquitect\u00f3nicos en Italia y en el extranjero, que colabora con algunas de las marcas de dise\u00f1o italianas e internacionales m\u00e1s importantes. Adem\u00e1s de <strong>la ArchichefNight<\/strong>, los eventos organizados en los \u00faltimos a\u00f1os incluyen el European<strong>DesignFoosball<\/strong>, un torneo europeo de futbol\u00edn de dise\u00f1o; <strong>Beachdesign<\/strong>, el primer torneo italiano de canicas de playa de arquitectura; y <strong>DJArch<\/strong>, fiestas en salas de exposiciones de dise\u00f1o en las que el DJ es el arquitecto. <\/p>\n\n\n\n<p><strong><a href=\"https:\/\/cucina.corriere.it\/notizie\/cards\/archichef-night-2016-una-sera-architetti-diventano-chef\/serata-tavola-gli-architetti_principale.shtml\" target=\"_blank\" rel=\"noreferrer noopener\">Especial Archichef en Corriere.it<\/a><\/strong><\/p>\n\n\n\n<figure class=\"wp-block-image size-full is-style-default\"><img loading=\"lazy\" decoding=\"async\" width=\"1368\" height=\"912\" src=\"https:\/\/www.berti.net\/wp-content\/uploads\/2016\/06\/berti_archichef_belgrado06.jpg\" alt=\"\" class=\"wp-image-8414\" srcset=\"https:\/\/berti.net\/wp-content\/uploads\/2016\/06\/berti_archichef_belgrado06.jpg 1368w, https:\/\/berti.net\/wp-content\/uploads\/2016\/06\/berti_archichef_belgrado06-300x200.jpg 300w, https:\/\/berti.net\/wp-content\/uploads\/2016\/06\/berti_archichef_belgrado06-1024x683.jpg 1024w, https:\/\/berti.net\/wp-content\/uploads\/2016\/06\/berti_archichef_belgrado06-768x512.jpg 768w\" sizes=\"auto, (max-width: 1368px) 100vw, 1368px\" \/><\/figure>\n\n\n\n<figure class=\"wp-block-image size-full is-style-default\"><img loading=\"lazy\" decoding=\"async\" width=\"1368\" height=\"912\" src=\"https:\/\/www.berti.net\/wp-content\/uploads\/2016\/06\/berti_archichef_belgrado07.jpg\" alt=\"\" class=\"wp-image-8418\" srcset=\"https:\/\/berti.net\/wp-content\/uploads\/2016\/06\/berti_archichef_belgrado07.jpg 1368w, https:\/\/berti.net\/wp-content\/uploads\/2016\/06\/berti_archichef_belgrado07-300x200.jpg 300w, https:\/\/berti.net\/wp-content\/uploads\/2016\/06\/berti_archichef_belgrado07-1024x683.jpg 1024w, https:\/\/berti.net\/wp-content\/uploads\/2016\/06\/berti_archichef_belgrado07-768x512.jpg 768w\" sizes=\"auto, (max-width: 1368px) 100vw, 1368px\" \/><\/figure>\n<\/div>\n<\/div>\n\n\n\n<div class=\"wp-block-column is-layout-flow wp-container-core-column-is-layout-22223934 wp-block-column-is-layout-flow\" style=\"flex-basis:50%\">\n<figure class=\"wp-block-image size-full is-style-default\"><img loading=\"lazy\" decoding=\"async\" width=\"1368\" height=\"912\" src=\"https:\/\/www.berti.net\/wp-content\/uploads\/2016\/06\/berti_archichef_belgrado05.jpg\" alt=\"\" class=\"wp-image-8393\" srcset=\"https:\/\/berti.net\/wp-content\/uploads\/2016\/06\/berti_archichef_belgrado05.jpg 1368w, https:\/\/berti.net\/wp-content\/uploads\/2016\/06\/berti_archichef_belgrado05-300x200.jpg 300w, https:\/\/berti.net\/wp-content\/uploads\/2016\/06\/berti_archichef_belgrado05-1024x683.jpg 1024w, https:\/\/berti.net\/wp-content\/uploads\/2016\/06\/berti_archichef_belgrado05-768x512.jpg 768w\" sizes=\"auto, (max-width: 1368px) 100vw, 1368px\" \/><\/figure>\n\n\n\n<figure class=\"wp-block-image size-full is-style-default\"><img loading=\"lazy\" decoding=\"async\" width=\"1368\" height=\"912\" src=\"https:\/\/www.berti.net\/wp-content\/uploads\/2016\/06\/berti_archichef_belgrado08.jpg\" alt=\"\" class=\"wp-image-8398\" srcset=\"https:\/\/berti.net\/wp-content\/uploads\/2016\/06\/berti_archichef_belgrado08.jpg 1368w, https:\/\/berti.net\/wp-content\/uploads\/2016\/06\/berti_archichef_belgrado08-300x200.jpg 300w, https:\/\/berti.net\/wp-content\/uploads\/2016\/06\/berti_archichef_belgrado08-1024x683.jpg 1024w, https:\/\/berti.net\/wp-content\/uploads\/2016\/06\/berti_archichef_belgrado08-768x512.jpg 768w\" sizes=\"auto, (max-width: 1368px) 100vw, 1368px\" \/><\/figure>\n<\/div>\n<\/div>\n\n\n\n<div class=\"wp-block-group post-categories has-global-padding is-content-justification-left is-layout-constrained wp-container-core-group-is-layout-836d34cb wp-block-group-is-layout-constrained\" style=\"margin-top:var(--wp--preset--spacing--70);font-size:11px\">\n<div class=\"wp-block-group is-content-justification-center is-nowrap is-layout-flex wp-container-core-group-is-layout-60758a6d wp-block-group-is-layout-flex\">\n<p>Revista \/<\/p>\n\n\n<div class=\"taxonomy-category wp-block-post-terms\"><a href=\"https:\/\/berti.net\/es\/magazine\/category\/productos\/\" rel=\"tag\">Productos<\/a><span class=\"wp-block-post-terms__separator\">, <\/span><a href=\"https:\/\/berti.net\/es\/magazine\/category\/eventos\/\" rel=\"tag\">Eventos<\/a><span class=\"wp-block-post-terms__separator\">, <\/span><a href=\"https:\/\/berti.net\/es\/magazine\/category\/proyectos\/\" rel=\"tag\">Proyectos<\/a><\/div><\/div>\n<\/div>\n<\/div>\n\n<p><\/p>\n","protected":false},"excerpt":{"rendered":"<p>La Noche Archichef de Belgrado fue el evento que acogi\u00f3 a Berti Pavimenti Legno como socio.<\/p>\n","protected":false},"author":9,"featured_media":18325,"comment_status":"closed","ping_status":"closed","sticky":false,"template":"","format":"standard","meta":{"footnotes":""},"categories":[108,143,142],"tags":[],"class_list":["post-18324","post","type-post","status-publish","format-standard","has-post-thumbnail","hentry","category-productos","category-eventos","category-proyectos"],"_links":{"self":[{"href":"https:\/\/berti.net\/es\/wp-json\/wp\/v2\/posts\/18324","targetHints":{"allow":["GET"]}}],"collection":[{"href":"https:\/\/berti.net\/es\/wp-json\/wp\/v2\/posts"}],"about":[{"href":"https:\/\/berti.net\/es\/wp-json\/wp\/v2\/types\/post"}],"author":[{"embeddable":true,"href":"https:\/\/berti.net\/es\/wp-json\/wp\/v2\/users\/9"}],"replies":[{"embeddable":true,"href":"https:\/\/berti.net\/es\/wp-json\/wp\/v2\/comments?post=18324"}],"version-history":[{"count":2,"href":"https:\/\/berti.net\/es\/wp-json\/wp\/v2\/posts\/18324\/revisions"}],"predecessor-version":[{"id":21055,"href":"https:\/\/berti.net\/es\/wp-json\/wp\/v2\/posts\/18324\/revisions\/21055"}],"wp:featuredmedia":[{"embeddable":true,"href":"https:\/\/berti.net\/es\/wp-json\/wp\/v2\/media\/18325"}],"wp:attachment":[{"href":"https:\/\/berti.net\/es\/wp-json\/wp\/v2\/media?parent=18324"}],"wp:term":[{"taxonomy":"category","embeddable":true,"href":"https:\/\/berti.net\/es\/wp-json\/wp\/v2\/categories?post=18324"},{"taxonomy":"post_tag","embeddable":true,"href":"https:\/\/berti.net\/es\/wp-json\/wp\/v2\/tags?post=18324"}],"curies":[{"name":"wp","href":"https:\/\/api.w.org\/{rel}","templated":true}]}}