{"id":18309,"date":"2016-05-17T14:55:34","date_gmt":"2016-05-17T14:55:34","guid":{"rendered":"https:\/\/www.berti.net\/magazine\/nuevas-confirmaciones-para-el-parquet-berti-con-diesel-living\/"},"modified":"2025-05-19T09:30:18","modified_gmt":"2025-05-19T09:30:18","slug":"nuevas-confirmaciones-para-el-parquet-berti-con-diesel-living","status":"publish","type":"post","link":"https:\/\/berti.net\/es\/magazine\/nuevas-confirmaciones-para-el-parquet-berti-con-diesel-living\/","title":{"rendered":"Nuevas confirmaciones para el parquet Berti con Diesel Living"},"content":{"rendered":"\n<div class=\"wp-block-group post-detail-pattern is-container has-base-2-color has-contrast-background-color has-text-color has-background has-link-color wp-elements-26f3e03cfc8b2c85c8e0a23e276f4d60 has-global-padding is-layout-constrained wp-block-group-is-layout-constrained\" style=\"margin-top:0;margin-bottom:0;padding-top:var(--wp--preset--spacing--70);padding-bottom:var(--wp--preset--spacing--70)\">\n<div class=\"wp-block-columns alignwide is-layout-flex wp-container-core-columns-is-layout-d125203f wp-block-columns-is-layout-flex\" style=\"margin-bottom:var(--wp--preset--spacing--50)\">\n<div class=\"wp-block-column is-vertically-aligned-stretch is-layout-flow wp-block-column-is-layout-flow\" style=\"padding-right:0;flex-basis:50%\">\n<div class=\"wp-block-group is-vertical is-content-justification-stretch is-layout-flex wp-container-core-group-is-layout-e9e70883 wp-block-group-is-layout-flex\" style=\"min-height:100%\">\n<div class=\"wp-block-group post-categories is-nowrap is-layout-flex wp-container-core-group-is-layout-3155b93e wp-block-group-is-layout-flex\" style=\"margin-top:var(--wp--preset--spacing--20);font-size:11px\">\n<p>Revista \/<\/p>\n\n\n<div class=\"taxonomy-category wp-block-post-terms\"><a href=\"https:\/\/berti.net\/es\/magazine\/category\/proyectos\/\" rel=\"tag\">Proyectos<\/a><span class=\"wp-block-post-terms__separator\">, <\/span><a href=\"https:\/\/berti.net\/es\/magazine\/category\/productos\/\" rel=\"tag\">Productos<\/a><\/div><\/div>\n\n\n<div style=\"font-style:normal;font-weight:600;text-transform:uppercase;\" class=\"has-link-color wp-elements-32859cd979b45056895d81c5660c23a0 wp-block-post-date has-text-color has-base-color has-s-font-size\"><time datetime=\"2016-05-17T14:55:34+00:00\">17 May 2016<\/time><\/div>\n\n\n<h1 class=\"wp-block-heading post-title\">Nuevas confirmaciones para el <strong>parquet Berti <\/strong>con <strong>Diesel Living<\/strong><\/h1>\n\n\n\n<h2 class=\"wp-block-heading post-subtitle\" style=\"margin-bottom:var(--wp--preset--spacing--20)\">Hace un mes finaliz\u00f3 para <strong>Berti Pavimenti Legno<\/strong> una nueva y emocionante edici\u00f3n del <strong>Sal\u00f3n del Mueble<\/strong> de Mil\u00e1n.<\/h2>\n\n\n\n<p>Este acontecimiento mundialmente reconocido alcanz\u00f3 cifras r\u00e9cord, tanto en t\u00e9rminos de asistencia como desde un punto de vista cualitativo, ya que permiti\u00f3 establecer nuevas e importantes relaciones, tanto humanas como empresariales. Todo ello hizo que fuera una experiencia verdaderamente densa y satisfactoria. <\/p>\n\n\n\n<figure class=\"wp-block-image size-full is-style-default\"><img loading=\"lazy\" decoding=\"async\" width=\"1600\" height=\"1274\" src=\"https:\/\/www.berti.net\/wp-content\/uploads\/2016\/05\/bertidiesel2016_07.jpg\" alt=\"\" class=\"wp-image-8572\" srcset=\"https:\/\/berti.net\/wp-content\/uploads\/2016\/05\/bertidiesel2016_07.jpg 1600w, https:\/\/berti.net\/wp-content\/uploads\/2016\/05\/bertidiesel2016_07-300x239.jpg 300w, https:\/\/berti.net\/wp-content\/uploads\/2016\/05\/bertidiesel2016_07-1024x815.jpg 1024w, https:\/\/berti.net\/wp-content\/uploads\/2016\/05\/bertidiesel2016_07-768x612.jpg 768w, https:\/\/berti.net\/wp-content\/uploads\/2016\/05\/bertidiesel2016_07-1536x1223.jpg 1536w\" sizes=\"auto, (max-width: 1600px) 100vw, 1600px\" \/><\/figure>\n\n\n\n<p>De nuevo este a\u00f1o, como en el anterior, Berti y sus <strong>suelos de parquet<\/strong> aparecieron en el exclusivo stand <strong>Diesel Living<\/strong>, que incluye en su propuesta de dise\u00f1o las mejores y m\u00e1s selectas marcas italianas de mobiliario, adem\u00e1s de Berti de hecho est\u00e1n presentes Scavolini, Moroso, Seletti, Foscarini e Iris Ceramica.<\/p>\n\n\n\n<figure class=\"wp-block-image size-full is-style-default\"><img loading=\"lazy\" decoding=\"async\" width=\"960\" height=\"960\" src=\"https:\/\/www.berti.net\/wp-content\/uploads\/2016\/05\/bertidiesel2016_03.jpg\" alt=\"\" class=\"wp-image-8576\" srcset=\"https:\/\/berti.net\/wp-content\/uploads\/2016\/05\/bertidiesel2016_03.jpg 960w, https:\/\/berti.net\/wp-content\/uploads\/2016\/05\/bertidiesel2016_03-300x300.jpg 300w, https:\/\/berti.net\/wp-content\/uploads\/2016\/05\/bertidiesel2016_03-150x150.jpg 150w, https:\/\/berti.net\/wp-content\/uploads\/2016\/05\/bertidiesel2016_03-768x768.jpg 768w\" sizes=\"auto, (max-width: 960px) 100vw, 960px\" \/><\/figure>\n\n\n\n<figure class=\"wp-block-image size-full is-style-default\"><img loading=\"lazy\" decoding=\"async\" width=\"960\" height=\"960\" src=\"https:\/\/www.berti.net\/wp-content\/uploads\/2016\/05\/bertidiesel2016_04.jpg\" alt=\"\" class=\"wp-image-8585\" srcset=\"https:\/\/berti.net\/wp-content\/uploads\/2016\/05\/bertidiesel2016_04.jpg 960w, https:\/\/berti.net\/wp-content\/uploads\/2016\/05\/bertidiesel2016_04-300x300.jpg 300w, https:\/\/berti.net\/wp-content\/uploads\/2016\/05\/bertidiesel2016_04-150x150.jpg 150w, https:\/\/berti.net\/wp-content\/uploads\/2016\/05\/bertidiesel2016_04-768x768.jpg 768w\" sizes=\"auto, (max-width: 960px) 100vw, 960px\" \/><\/figure>\n\n\n\n<p>Para Berti, se trataba de una confirmaci\u00f3n muy importante exactamente un a\u00f1o despu\u00e9s de que se uniera a este proyecto, que tuvo lugar exactamente al mismo tiempo que la \u00faltima edici\u00f3n del Sal\u00f3n<\/p>\n\n\n\n<p>En esta edici\u00f3n, el concepto que inspir\u00f3 Diesel Living se resume en la frase<em>&#8221;Come in, We&#8217;re Open<\/em>!&#8221;, una especie de invitaci\u00f3n colectiva a experimentar el &#8221;Diesel way of living&#8221;, en una acertada y equilibrada mezcla de creatividad, m\u00e1xima calidad de los materiales y un deseo constante de innovaci\u00f3n que transforma as\u00ed el hogar en el lugar m\u00e1s deseado del mundo.<\/p>\n\n\n\n<p>Todas las l\u00edneas de parquet de Berti dentro del proyecto Diesel Living han sido apreciadas una vez m\u00e1s, se\u00f1al de lo r\u00e1pido que el mercado ha aprendido a captar el esp\u00edritu innovador de esta propuesta cuya calidad se mantiene siempre en niveles de excelencia, t\u00edpicos de nuestros est\u00e1ndares de producci\u00f3n.<\/p>\n\n\n\n<p>Recordamos aqu\u00ed las 6 l\u00edneas de parquet disponibles en el <a href=\"https:\/\/store.diesel.com\/magazine\/it\/living-category\/flooring\/\" target=\"_blank\" rel=\"noreferrer noopener\">cat\u00e1logo de Diesel Living<\/a>:<\/p>\n\n\n\n<ul class=\"wp-block-list\">\n<li><strong>SOMBRA NEGRA<\/strong><\/li>\n\n\n\n<li><strong>SOMBRA GRIS<\/strong><\/li>\n\n\n\n<li><strong>RRRED<\/strong><\/li>\n\n\n\n<li><strong>CAMO ESPECIAL<\/strong><\/li>\n\n\n\n<li><strong>BALDOSAS STUD<\/strong><\/li>\n\n\n\n<li><strong>LONA TRATADA<\/strong><\/li>\n<\/ul>\n\n\n\n<p>Adem\u00e1s del \u00e9xito de la l\u00ednea para Diesel Living, \u00e9ste es un momento muy especial para Berti, que tambi\u00e9n est\u00e1 ocupado abriendo varias tiendas propias en el extranjero y con una nueva colecci\u00f3n.<\/p>\n\n\n\n<ul class=\"wp-block-list\">\n<li><strong>BERTI ESENCIAL<\/strong><\/li>\n\n\n\n<li><strong>INSPIRACI\u00d3N ESTUDIO BERTI<\/strong><\/li>\n\n\n\n<li><strong>A PETICI\u00d3N<\/strong><\/li>\n\n\n\n<li><strong>COLECCI\u00d3N HABANA<\/strong><\/li>\n<\/ul>\n\n\n\n<p>Para obtener todos los detalles e informaci\u00f3n detallada, visita las secciones dedicadas en el sitio web oficial <strong><a href=\"https:\/\/blog.berti.net\/nuove-conferme-per-i-parquet-berti-con-diesel-living\/www.berti.net\" target=\"_blank\" rel=\"noreferrer noopener\">www.berti.net<\/a><\/strong><\/p>\n<\/div>\n<\/div>\n\n\n\n<div class=\"wp-block-column is-layout-flow wp-container-core-column-is-layout-22223934 wp-block-column-is-layout-flow\" style=\"flex-basis:50%\">\n<figure class=\"wp-block-image size-full is-style-default\"><img loading=\"lazy\" decoding=\"async\" width=\"768\" height=\"960\" src=\"https:\/\/www.berti.net\/wp-content\/uploads\/2016\/05\/bertidiesel2016_02.jpg\" alt=\"\" class=\"wp-image-8579\" srcset=\"https:\/\/berti.net\/wp-content\/uploads\/2016\/05\/bertidiesel2016_02.jpg 768w, https:\/\/berti.net\/wp-content\/uploads\/2016\/05\/bertidiesel2016_02-240x300.jpg 240w\" sizes=\"auto, (max-width: 768px) 100vw, 768px\" \/><\/figure>\n\n\n\n<figure class=\"wp-block-image size-full is-style-default\"><img loading=\"lazy\" decoding=\"async\" width=\"768\" height=\"960\" src=\"https:\/\/www.berti.net\/wp-content\/uploads\/2016\/05\/bertidiesel2016_08.jpg\" alt=\"\" class=\"wp-image-8582\" srcset=\"https:\/\/berti.net\/wp-content\/uploads\/2016\/05\/bertidiesel2016_08.jpg 768w, https:\/\/berti.net\/wp-content\/uploads\/2016\/05\/bertidiesel2016_08-240x300.jpg 240w\" sizes=\"auto, (max-width: 768px) 100vw, 768px\" \/><\/figure>\n<\/div>\n<\/div>\n\n\n\n<div class=\"wp-block-group post-categories has-global-padding is-content-justification-left is-layout-constrained wp-container-core-group-is-layout-836d34cb wp-block-group-is-layout-constrained\" style=\"margin-top:var(--wp--preset--spacing--70);font-size:11px\">\n<div class=\"wp-block-group is-content-justification-center is-nowrap is-layout-flex wp-container-core-group-is-layout-60758a6d wp-block-group-is-layout-flex\">\n<p>Revista \/<\/p>\n\n\n<div class=\"taxonomy-category wp-block-post-terms\"><a href=\"https:\/\/berti.net\/es\/magazine\/category\/proyectos\/\" rel=\"tag\">Proyectos<\/a><span class=\"wp-block-post-terms__separator\">, <\/span><a href=\"https:\/\/berti.net\/es\/magazine\/category\/productos\/\" rel=\"tag\">Productos<\/a><\/div><\/div>\n<\/div>\n<\/div>\n\n<p><\/p>\n","protected":false},"excerpt":{"rendered":"<p>Hace un mes termin\u00f3 para Berti Pavimenti Legno una nueva y emocionante edici\u00f3n del Sal\u00f3n del Mueble de Mil\u00e1n.<\/p>\n","protected":false},"author":9,"featured_media":18313,"comment_status":"closed","ping_status":"closed","sticky":false,"template":"","format":"standard","meta":{"footnotes":""},"categories":[142,108],"tags":[],"class_list":["post-18309","post","type-post","status-publish","format-standard","has-post-thumbnail","hentry","category-proyectos","category-productos"],"_links":{"self":[{"href":"https:\/\/berti.net\/es\/wp-json\/wp\/v2\/posts\/18309","targetHints":{"allow":["GET"]}}],"collection":[{"href":"https:\/\/berti.net\/es\/wp-json\/wp\/v2\/posts"}],"about":[{"href":"https:\/\/berti.net\/es\/wp-json\/wp\/v2\/types\/post"}],"author":[{"embeddable":true,"href":"https:\/\/berti.net\/es\/wp-json\/wp\/v2\/users\/9"}],"replies":[{"embeddable":true,"href":"https:\/\/berti.net\/es\/wp-json\/wp\/v2\/comments?post=18309"}],"version-history":[{"count":2,"href":"https:\/\/berti.net\/es\/wp-json\/wp\/v2\/posts\/18309\/revisions"}],"predecessor-version":[{"id":21078,"href":"https:\/\/berti.net\/es\/wp-json\/wp\/v2\/posts\/18309\/revisions\/21078"}],"wp:featuredmedia":[{"embeddable":true,"href":"https:\/\/berti.net\/es\/wp-json\/wp\/v2\/media\/18313"}],"wp:attachment":[{"href":"https:\/\/berti.net\/es\/wp-json\/wp\/v2\/media?parent=18309"}],"wp:term":[{"taxonomy":"category","embeddable":true,"href":"https:\/\/berti.net\/es\/wp-json\/wp\/v2\/categories?post=18309"},{"taxonomy":"post_tag","embeddable":true,"href":"https:\/\/berti.net\/es\/wp-json\/wp\/v2\/tags?post=18309"}],"curies":[{"name":"wp","href":"https:\/\/api.w.org\/{rel}","templated":true}]}}