{"id":18294,"date":"2016-03-25T15:32:17","date_gmt":"2016-03-25T15:32:17","guid":{"rendered":"https:\/\/www.berti.net\/magazine\/salone-del-mobile-berti-pavimenti-y-diesel-living-van-en-serio\/"},"modified":"2025-05-19T09:30:19","modified_gmt":"2025-05-19T09:30:19","slug":"salone-del-mobile-berti-pavimenti-y-diesel-living-van-en-serio","status":"publish","type":"post","link":"https:\/\/berti.net\/es\/magazine\/salone-del-mobile-berti-pavimenti-y-diesel-living-van-en-serio\/","title":{"rendered":"Salone del mobile, Berti Pavimenti y Diesel Living van en serio"},"content":{"rendered":"\n<div class=\"wp-block-group post-detail-pattern is-container has-base-2-color has-contrast-background-color has-text-color has-background has-link-color wp-elements-6fb35c9a48235ef6d0b98214dc2eb024 has-global-padding is-layout-constrained wp-block-group-is-layout-constrained\" style=\"margin-top:0;margin-bottom:0;padding-top:var(--wp--preset--spacing--70);padding-bottom:var(--wp--preset--spacing--70)\">\n<div class=\"wp-block-columns alignwide is-layout-flex wp-container-core-columns-is-layout-d125203f wp-block-columns-is-layout-flex\" style=\"margin-bottom:var(--wp--preset--spacing--50)\">\n<div class=\"wp-block-column is-vertically-aligned-stretch is-layout-flow wp-block-column-is-layout-flow\" style=\"padding-right:0;flex-basis:50%\">\n<div class=\"wp-block-group is-vertical is-content-justification-stretch is-layout-flex wp-container-core-group-is-layout-e9e70883 wp-block-group-is-layout-flex\" style=\"min-height:100%\">\n<div class=\"wp-block-group post-categories is-nowrap is-layout-flex wp-container-core-group-is-layout-3155b93e wp-block-group-is-layout-flex\" style=\"margin-top:var(--wp--preset--spacing--20);font-size:11px\">\n<p>Revista \/<\/p>\n\n\n<div class=\"taxonomy-category wp-block-post-terms\"><a href=\"https:\/\/berti.net\/es\/magazine\/category\/proyectos\/\" rel=\"tag\">Proyectos<\/a><span class=\"wp-block-post-terms__separator\">, <\/span><a href=\"https:\/\/berti.net\/es\/magazine\/category\/eventos\/\" rel=\"tag\">Eventos<\/a><\/div><\/div>\n\n\n<div style=\"font-style:normal;font-weight:600;text-transform:uppercase;\" class=\"has-link-color wp-elements-32859cd979b45056895d81c5660c23a0 wp-block-post-date has-text-color has-base-color has-s-font-size\"><time datetime=\"2016-03-25T15:32:17+00:00\">25 March 2016<\/time><\/div>\n\n\n<h1 class=\"wp-block-heading post-title\">Salone del mobile, <strong>Berti Pavimenti<\/strong> y <strong>Diesel Living<\/strong> van en serio<\/h1>\n\n\n\n<h2 class=\"wp-block-heading post-subtitle\" style=\"margin-bottom:var(--wp--preset--spacing--20)\"><strong>Berti y Diesel Living: una <\/strong>asociaci\u00f3n ganadora que no se cambia y&#8230; \u00a1se luce!<br\/>Un a\u00f1o m\u00e1s, por segunda vez desde el inicio de la colaboraci\u00f3n entre <strong>Berti Pavimenti<\/strong> y el grupo internacional de moda dirigido por Renzo Rosso, las dos marcas se enfrentar\u00e1n codo con codo en el prestigioso escaparate mundial del <strong>Sal\u00f3n del Mueble de Mil\u00e1n<\/strong>.<\/h2>\n\n\n\n<figure class=\"wp-block-image size-full is-style-default\"><img loading=\"lazy\" decoding=\"async\" width=\"960\" height=\"613\" src=\"https:\/\/www.berti.net\/wp-content\/uploads\/2016\/03\/Salone_del_Mobile_Diesel.png\" alt=\"\" class=\"wp-image-8605\" srcset=\"https:\/\/berti.net\/wp-content\/uploads\/2016\/03\/Salone_del_Mobile_Diesel.png 960w, https:\/\/berti.net\/wp-content\/uploads\/2016\/03\/Salone_del_Mobile_Diesel-300x192.png 300w, https:\/\/berti.net\/wp-content\/uploads\/2016\/03\/Salone_del_Mobile_Diesel-768x490.png 768w\" sizes=\"auto, (max-width: 960px) 100vw, 960px\" \/><\/figure>\n\n\n\n<p><strong>12 &#8211; 17 de abril de 2016, Pabell\u00f3n 16 | stand A35 B28:<\/strong> estas son las coordenadas para visitarnos, ver de cerca y tocar los modernos y contempor\u00e1neos suelos de madera creados por <strong>Berti<\/strong> para la colecci\u00f3n <strong>Diesel Living,<\/strong> junto con los exclusivos objetos y creaciones de las m\u00e1s prestigiosas marcas italianas de dise\u00f1o de viviendas: Seletti, Scavolini, Moroso, Foscarini e Iris.<br\/><strong>Esperamos verte en la Feria de Mil\u00e1n &#8211; Rho<\/strong>.<\/p>\n\n\n\n<p><a href=\"https:\/\/blog.berti.net\/berti-pavimenti-legno-entra-nel-mondo-diesel-living\/\" target=\"_blank\" rel=\"noreferrer noopener\">Edici\u00f3n 2015<\/a><\/p>\n<\/div>\n<\/div>\n\n\n\n<div class=\"wp-block-column is-layout-flow wp-container-core-column-is-layout-22223934 wp-block-column-is-layout-flow\" style=\"flex-basis:50%\"><\/div>\n<\/div>\n\n\n\n<div class=\"wp-block-group post-categories has-global-padding is-content-justification-left is-layout-constrained wp-container-core-group-is-layout-836d34cb wp-block-group-is-layout-constrained\" style=\"margin-top:var(--wp--preset--spacing--70);font-size:11px\">\n<div class=\"wp-block-group is-content-justification-center is-nowrap is-layout-flex wp-container-core-group-is-layout-60758a6d wp-block-group-is-layout-flex\">\n<p>Revista \/<\/p>\n\n\n<div class=\"taxonomy-category wp-block-post-terms\"><a href=\"https:\/\/berti.net\/es\/magazine\/category\/proyectos\/\" rel=\"tag\">Proyectos<\/a><span class=\"wp-block-post-terms__separator\">, <\/span><a href=\"https:\/\/berti.net\/es\/magazine\/category\/eventos\/\" rel=\"tag\">Eventos<\/a><\/div><\/div>\n<\/div>\n<\/div>\n\n<p><\/p>\n","protected":false},"excerpt":{"rendered":"<p>Berti y Diesel Living: una asociaci\u00f3n ganadora que no se puede cambiar y&#8230; \u00a1se nota!<\/p>\n","protected":false},"author":9,"featured_media":18295,"comment_status":"closed","ping_status":"closed","sticky":false,"template":"","format":"standard","meta":{"footnotes":""},"categories":[142,143],"tags":[],"class_list":["post-18294","post","type-post","status-publish","format-standard","has-post-thumbnail","hentry","category-proyectos","category-eventos"],"_links":{"self":[{"href":"https:\/\/berti.net\/es\/wp-json\/wp\/v2\/posts\/18294","targetHints":{"allow":["GET"]}}],"collection":[{"href":"https:\/\/berti.net\/es\/wp-json\/wp\/v2\/posts"}],"about":[{"href":"https:\/\/berti.net\/es\/wp-json\/wp\/v2\/types\/post"}],"author":[{"embeddable":true,"href":"https:\/\/berti.net\/es\/wp-json\/wp\/v2\/users\/9"}],"replies":[{"embeddable":true,"href":"https:\/\/berti.net\/es\/wp-json\/wp\/v2\/comments?post=18294"}],"version-history":[{"count":2,"href":"https:\/\/berti.net\/es\/wp-json\/wp\/v2\/posts\/18294\/revisions"}],"predecessor-version":[{"id":21075,"href":"https:\/\/berti.net\/es\/wp-json\/wp\/v2\/posts\/18294\/revisions\/21075"}],"wp:featuredmedia":[{"embeddable":true,"href":"https:\/\/berti.net\/es\/wp-json\/wp\/v2\/media\/18295"}],"wp:attachment":[{"href":"https:\/\/berti.net\/es\/wp-json\/wp\/v2\/media?parent=18294"}],"wp:term":[{"taxonomy":"category","embeddable":true,"href":"https:\/\/berti.net\/es\/wp-json\/wp\/v2\/categories?post=18294"},{"taxonomy":"post_tag","embeddable":true,"href":"https:\/\/berti.net\/es\/wp-json\/wp\/v2\/tags?post=18294"}],"curies":[{"name":"wp","href":"https:\/\/api.w.org\/{rel}","templated":true}]}}