{"id":18287,"date":"2014-11-21T09:35:04","date_gmt":"2014-11-21T09:35:04","guid":{"rendered":"https:\/\/www.berti.net\/magazine\/berti-pavimenti-se-reune-con-mapei-sistemas-integrados-para-la-colocacion-del-parquet\/"},"modified":"2025-05-19T09:31:13","modified_gmt":"2025-05-19T09:31:13","slug":"berti-pavimenti-se-reune-con-mapei-sistemas-integrados-para-la-colocacion-del-parquet","status":"publish","type":"post","link":"https:\/\/berti.net\/es\/magazine\/berti-pavimenti-se-reune-con-mapei-sistemas-integrados-para-la-colocacion-del-parquet\/","title":{"rendered":"Berti Pavimenti se re\u00fane con Mapei: sistemas integrados para la colocaci\u00f3n del parquet"},"content":{"rendered":"\n<div class=\"wp-block-group post-detail-pattern is-container has-base-2-color has-contrast-background-color has-text-color has-background has-link-color wp-elements-7b86a32c2663423cc28fe2ad389d5fd9 has-global-padding is-layout-constrained wp-block-group-is-layout-constrained\" style=\"margin-top:0;margin-bottom:0;padding-top:var(--wp--preset--spacing--70);padding-bottom:var(--wp--preset--spacing--70)\">\n<div class=\"wp-block-columns alignwide is-layout-flex wp-container-core-columns-is-layout-d125203f wp-block-columns-is-layout-flex\" style=\"margin-bottom:var(--wp--preset--spacing--50)\">\n<div class=\"wp-block-column is-vertically-aligned-stretch is-layout-flow wp-block-column-is-layout-flow\" style=\"padding-right:0;flex-basis:50%\">\n<div class=\"wp-block-group is-vertical is-content-justification-stretch is-layout-flex wp-container-core-group-is-layout-e9e70883 wp-block-group-is-layout-flex\" style=\"min-height:100%\">\n<div class=\"wp-block-group post-categories is-nowrap is-layout-flex wp-container-core-group-is-layout-3155b93e wp-block-group-is-layout-flex\" style=\"margin-top:var(--wp--preset--spacing--20);font-size:11px\">\n<p>Revista \/<\/p>\n\n\n<div class=\"taxonomy-category wp-block-post-terms\"><a href=\"https:\/\/berti.net\/es\/magazine\/category\/productos\/\" rel=\"tag\">Productos<\/a><span class=\"wp-block-post-terms__separator\">, <\/span><a href=\"https:\/\/berti.net\/es\/magazine\/category\/eventos\/\" rel=\"tag\">Eventos<\/a><\/div><\/div>\n\n\n<div style=\"font-style:normal;font-weight:600;text-transform:uppercase;\" class=\"has-link-color wp-elements-32859cd979b45056895d81c5660c23a0 wp-block-post-date has-text-color has-base-color has-s-font-size\"><time datetime=\"2014-11-21T09:35:04+00:00\">21 November 2014<\/time><\/div>\n\n\n<h1 class=\"wp-block-heading post-title\"><strong>Berti Pavimenti<\/strong> se re\u00fane con <strong>Mapei<\/strong>: sistemas integrados para la colocaci\u00f3n del parquet<\/h1>\n\n\n\n<h2 class=\"wp-block-heading post-subtitle\" style=\"margin-bottom:var(--wp--preset--spacing--20)\"><strong><strong>Una<\/strong><\/strong> cita especial, no un evento de gala, sino algo mucho m\u00e1s concreto: <strong>Berti Pavimenti<\/strong> se re\u00fane con otro nombre l\u00edder en el sector de <strong>los materiales de construcci\u00f3n<\/strong>, a saber,<strong> Mapei S.p<strong>.<\/strong>A.<\/strong><\/h2>\n\n\n\n<p><strong>Mapei<\/strong> es una empresa hist\u00f3rica, fundada en 1937 y con casi 40 a\u00f1os de internacionalizaci\u00f3n, as\u00ed como 7.500 empleados; su administrador \u00fanico, <strong>Giorgio Squinzi<\/strong>, hijo del fundador Rodolfo, es tambi\u00e9n presidente<strong> del Sassuolo<\/strong> Calcio, que juega en la Serie A.<\/p>\n\n\n\n<figure class=\"wp-block-image size-full is-style-default\"><img loading=\"lazy\" decoding=\"async\" width=\"960\" height=\"640\" src=\"https:\/\/www.berti.net\/wp-content\/uploads\/2014\/11\/01.jpg\" alt=\"\" class=\"wp-image-8784\" srcset=\"https:\/\/berti.net\/wp-content\/uploads\/2014\/11\/01.jpg 960w, https:\/\/berti.net\/wp-content\/uploads\/2014\/11\/01-300x200.jpg 300w, https:\/\/berti.net\/wp-content\/uploads\/2014\/11\/01-768x512.jpg 768w\" sizes=\"auto, (max-width: 960px) 100vw, 960px\" \/><\/figure>\n\n\n\n<p>Una nueva asociaci\u00f3n positiva, por tanto, que vuelve a ver a Berti esta vez junto a marcas prestigiosas, como ya ha ocurrido en el pasado, basta pensar en las excelentes colaboraciones que ya ha tenido con <strong>Jacuzzi<\/strong> y <strong>Swarovski<\/strong>, por citar s\u00f3lo algunas.<\/p>\n\n\n\n<p>El t\u00edtulo de la reuni\u00f3n reza &#8221;<strong><em>Sistemas Integrados MAPEI para la Instalaci\u00f3n de Parquet<\/em><\/strong>&#8221;: adem\u00e1s de las respectivas delegaciones directivas, tambi\u00e9n estuvieron presentes los equipos t\u00e9cnicos, que participaron activamente en la evaluaci\u00f3n de nuevos sistemas para la<strong> instalaci\u00f3n<\/strong> y <strong>protecci\u00f3n del<\/strong> parquet.<\/p>\n\n\n\n<figure class=\"wp-block-image size-full is-style-default\"><img loading=\"lazy\" decoding=\"async\" width=\"960\" height=\"640\" src=\"https:\/\/www.berti.net\/wp-content\/uploads\/2014\/11\/02.jpg\" alt=\"\" class=\"wp-image-8787\" srcset=\"https:\/\/berti.net\/wp-content\/uploads\/2014\/11\/02.jpg 960w, https:\/\/berti.net\/wp-content\/uploads\/2014\/11\/02-300x200.jpg 300w, https:\/\/berti.net\/wp-content\/uploads\/2014\/11\/02-768x512.jpg 768w\" sizes=\"auto, (max-width: 960px) 100vw, 960px\" \/><\/figure>\n\n\n\n<figure class=\"wp-block-image size-full is-style-default\"><img loading=\"lazy\" decoding=\"async\" width=\"640\" height=\"960\" src=\"https:\/\/www.berti.net\/wp-content\/uploads\/2014\/11\/04.jpg\" alt=\"\" class=\"wp-image-8790\" srcset=\"https:\/\/berti.net\/wp-content\/uploads\/2014\/11\/04.jpg 640w, https:\/\/berti.net\/wp-content\/uploads\/2014\/11\/04-200x300.jpg 200w\" sizes=\"auto, (max-width: 640px) 100vw, 640px\" \/><\/figure>\n\n\n\n<p>El encuentro fue inaugurado por <strong>Giancarlo Berti<\/strong> (propietario de Berti Pavimenti) y cont\u00f3 con las intervenciones de los cuatro ponentes, <strong>Angelo Giangiulio<\/strong> (Jefe de Producto L\u00ednea Parquet Mapei S.p.A.), <strong>Davide Zanotti<\/strong> (Responsable T\u00e9cnico y Comercial L\u00ednea Parquet Mapei S.p.A.), Alessandro Sacchi (Especialista L\u00ednea Parquet Mapei S.p.A.) y <strong>Massimo Governale<\/strong> (Responsable T\u00e9cnico y Comercial Prov. Padua).<\/p>\n\n\n\n<p>Una cita que result\u00f3 interesante no s\u00f3lo en sus aspectos t\u00e9cnicos sino tambi\u00e9n en los profesionales y comerciales, con un an\u00e1lisis y sobre todo un debate abierto entre dos empresas sobre cu\u00e1l es el <em>estado del arte del<\/em> mercado no s\u00f3lo en Italia sino tambi\u00e9n a nivel internacional.<\/p>\n\n\n\n<p>Al final de la reuni\u00f3n, se continu\u00f3 acertadamente con una cena buffet y los tradicionales brindis. Pronto repetiremos esta interesante jornada, de hecho es s\u00f3lo la primera de una serie de citas programadas en colaboraci\u00f3n con Mapei. <\/p>\n<\/div>\n<\/div>\n\n\n\n<div class=\"wp-block-column is-layout-flow wp-container-core-column-is-layout-22223934 wp-block-column-is-layout-flow\" style=\"flex-basis:50%\">\n<figure class=\"wp-block-image size-full is-style-default\"><img loading=\"lazy\" decoding=\"async\" width=\"640\" height=\"960\" src=\"https:\/\/www.berti.net\/wp-content\/uploads\/2014\/11\/05.jpg\" alt=\"\" class=\"wp-image-8793\" srcset=\"https:\/\/berti.net\/wp-content\/uploads\/2014\/11\/05.jpg 640w, https:\/\/berti.net\/wp-content\/uploads\/2014\/11\/05-200x300.jpg 200w\" sizes=\"auto, (max-width: 640px) 100vw, 640px\" \/><\/figure>\n\n\n\n<figure class=\"wp-block-image size-full is-style-default\"><img loading=\"lazy\" decoding=\"async\" width=\"640\" height=\"960\" src=\"https:\/\/www.berti.net\/wp-content\/uploads\/2014\/11\/06.jpg\" alt=\"\" class=\"wp-image-8796\" srcset=\"https:\/\/berti.net\/wp-content\/uploads\/2014\/11\/06.jpg 640w, https:\/\/berti.net\/wp-content\/uploads\/2014\/11\/06-200x300.jpg 200w\" sizes=\"auto, (max-width: 640px) 100vw, 640px\" \/><\/figure>\n<\/div>\n<\/div>\n\n\n\n<div class=\"wp-block-group post-categories has-global-padding is-content-justification-left is-layout-constrained wp-container-core-group-is-layout-836d34cb wp-block-group-is-layout-constrained\" style=\"margin-top:var(--wp--preset--spacing--70);font-size:11px\">\n<div class=\"wp-block-group is-content-justification-center is-nowrap is-layout-flex wp-container-core-group-is-layout-60758a6d wp-block-group-is-layout-flex\">\n<p>Revista \/<\/p>\n\n\n<div class=\"taxonomy-category wp-block-post-terms\"><a href=\"https:\/\/berti.net\/es\/magazine\/category\/productos\/\" rel=\"tag\">Productos<\/a><span class=\"wp-block-post-terms__separator\">, <\/span><a href=\"https:\/\/berti.net\/es\/magazine\/category\/eventos\/\" rel=\"tag\">Eventos<\/a><\/div><\/div>\n<\/div>\n<\/div>\n\n<p><\/p>\n","protected":false},"excerpt":{"rendered":"<p>Una cita especial, no un evento de gala, sino algo mucho m\u00e1s concreto: Berti Pavimenti se re\u00fane con otro nombre l\u00edder en el sector de los materiales de construcci\u00f3n, a saber, Mapei S.p.A.<\/p>\n","protected":false},"author":9,"featured_media":18289,"comment_status":"closed","ping_status":"closed","sticky":false,"template":"","format":"standard","meta":{"footnotes":""},"categories":[108,143],"tags":[],"class_list":["post-18287","post","type-post","status-publish","format-standard","has-post-thumbnail","hentry","category-productos","category-eventos"],"_links":{"self":[{"href":"https:\/\/berti.net\/es\/wp-json\/wp\/v2\/posts\/18287","targetHints":{"allow":["GET"]}}],"collection":[{"href":"https:\/\/berti.net\/es\/wp-json\/wp\/v2\/posts"}],"about":[{"href":"https:\/\/berti.net\/es\/wp-json\/wp\/v2\/types\/post"}],"author":[{"embeddable":true,"href":"https:\/\/berti.net\/es\/wp-json\/wp\/v2\/users\/9"}],"replies":[{"embeddable":true,"href":"https:\/\/berti.net\/es\/wp-json\/wp\/v2\/comments?post=18287"}],"version-history":[{"count":2,"href":"https:\/\/berti.net\/es\/wp-json\/wp\/v2\/posts\/18287\/revisions"}],"predecessor-version":[{"id":21103,"href":"https:\/\/berti.net\/es\/wp-json\/wp\/v2\/posts\/18287\/revisions\/21103"}],"wp:featuredmedia":[{"embeddable":true,"href":"https:\/\/berti.net\/es\/wp-json\/wp\/v2\/media\/18289"}],"wp:attachment":[{"href":"https:\/\/berti.net\/es\/wp-json\/wp\/v2\/media?parent=18287"}],"wp:term":[{"taxonomy":"category","embeddable":true,"href":"https:\/\/berti.net\/es\/wp-json\/wp\/v2\/categories?post=18287"},{"taxonomy":"post_tag","embeddable":true,"href":"https:\/\/berti.net\/es\/wp-json\/wp\/v2\/tags?post=18287"}],"curies":[{"name":"wp","href":"https:\/\/api.w.org\/{rel}","templated":true}]}}