{"id":18197,"date":"2013-09-10T06:58:51","date_gmt":"2013-09-10T06:58:51","guid":{"rendered":"https:\/\/www.berti.net\/magazine\/berti-inicia-la-cuenta-atras-para-el-festival-vintage-de-padua\/"},"modified":"2025-05-19T09:32:32","modified_gmt":"2025-05-19T09:32:32","slug":"berti-inicia-la-cuenta-atras-para-el-festival-vintage-de-padua","status":"publish","type":"post","link":"https:\/\/berti.net\/es\/magazine\/berti-inicia-la-cuenta-atras-para-el-festival-vintage-de-padua\/","title":{"rendered":"Berti inicia la cuenta atr\u00e1s para el Festival Vintage de Padua"},"content":{"rendered":"\n<div class=\"wp-block-group post-detail-pattern is-container has-base-2-color has-contrast-background-color has-text-color has-background has-link-color wp-elements-56c8716d3aa296fcb2ef59a589136b4f has-global-padding is-layout-constrained wp-block-group-is-layout-constrained\" style=\"margin-top:0;margin-bottom:0;padding-top:var(--wp--preset--spacing--70);padding-bottom:var(--wp--preset--spacing--70)\">\n<div class=\"wp-block-columns alignwide is-layout-flex wp-container-core-columns-is-layout-d125203f wp-block-columns-is-layout-flex\" style=\"margin-bottom:var(--wp--preset--spacing--50)\">\n<div class=\"wp-block-column is-vertically-aligned-stretch is-layout-flow wp-block-column-is-layout-flow\" style=\"padding-right:0;flex-basis:50%\">\n<div class=\"wp-block-group is-vertical is-content-justification-stretch is-layout-flex wp-container-core-group-is-layout-e9e70883 wp-block-group-is-layout-flex\" style=\"min-height:100%\">\n<div class=\"wp-block-group post-categories is-nowrap is-layout-flex wp-container-core-group-is-layout-3155b93e wp-block-group-is-layout-flex\" style=\"margin-top:var(--wp--preset--spacing--20);font-size:11px\">\n<p>Revista \/<\/p>\n\n\n<div class=\"taxonomy-category wp-block-post-terms\"><a href=\"https:\/\/berti.net\/es\/magazine\/category\/productos\/\" rel=\"tag\">Productos<\/a><span class=\"wp-block-post-terms__separator\">, <\/span><a href=\"https:\/\/berti.net\/es\/magazine\/category\/eventos\/\" rel=\"tag\">Eventos<\/a><\/div><\/div>\n\n\n<div style=\"font-style:normal;font-weight:600;text-transform:uppercase;\" class=\"has-link-color wp-elements-32859cd979b45056895d81c5660c23a0 wp-block-post-date has-text-color has-base-color has-s-font-size\"><time datetime=\"2013-09-10T06:58:51+00:00\">10 September 2013<\/time><\/div>\n\n\n<h1 class=\"wp-block-heading post-title\"><strong>Berti<\/strong> inicia la cuenta atr\u00e1s para el <strong>Festival Vintage<\/strong> de Padua<\/h1>\n\n\n\n<h2 class=\"wp-block-heading post-subtitle\" style=\"margin-bottom:var(--wp--preset--spacing--20)\">El viernes pasado estuvimos en <strong>Padua<\/strong>, en el prestigioso <strong>Caff\u00e8 Pedrocchi<\/strong>, para la rueda de prensa de presentaci\u00f3n del <strong>Festival Vintage<\/strong>. Adem\u00e1s de un resumen de las cifras del evento y de los distintos invitados importantes, varias personalidades destacadas estuvieron presentes y tomaron la palabra. <\/h2>\n\n\n\n<figure class=\"wp-block-image size-full is-style-default\"><img loading=\"lazy\" decoding=\"async\" width=\"998\" height=\"511\" src=\"https:\/\/www.berti.net\/wp-content\/uploads\/2013\/09\/Berti-Vintage-Festival-2013.jpg\" alt=\"\" class=\"wp-image-9061\" srcset=\"https:\/\/berti.net\/wp-content\/uploads\/2013\/09\/Berti-Vintage-Festival-2013.jpg 998w, https:\/\/berti.net\/wp-content\/uploads\/2013\/09\/Berti-Vintage-Festival-2013-300x154.jpg 300w, https:\/\/berti.net\/wp-content\/uploads\/2013\/09\/Berti-Vintage-Festival-2013-768x393.jpg 768w\" sizes=\"auto, (max-width: 998px) 100vw, 998px\" \/><\/figure>\n\n\n\n<p>Adem\u00e1s de Paolo Orsacchini, Director Creativo de la <strong>Fiesta de la Vendimia 2013<\/strong>, que hizo los honores presentando a los invitados y los eventos, escuchamos las palabras del Alcalde de Padua, Ivo Rossi, que expres\u00f3 su aprecio por la iniciativa, destacando el valor de un proyecto de crecimiento y desarrollo llevado a cabo por un grupo de j\u00f3venes que, en lugar de quejarse de la situaci\u00f3n global, optan por pasar ellos mismos a la acci\u00f3n creando actividades positivas capaces de atraer la participaci\u00f3n y el movimiento.<\/p>\n\n\n\n<p>Como se desprende del eslogan del Festival Vintage,<em>&#8221;El pasado en HD<\/em>&#8221;, la opci\u00f3n ganadora es aprender del pasado e invertir en el futuro. Para expresar mejor esta filosof\u00eda subyacente, el festival se presenta con un v\u00eddeo realizado por dos artistas paduanos: Giampietro Cutrino &#8211; alias Gip &#8211; que ha comisariado la direcci\u00f3n, y que ha colaborado con Daniele Dupuis, autor de la canci\u00f3n que lo acompa\u00f1a, &#8221;Mi raccomando&#8221;. Reapropiarse del pasado para estimular nuevas ideas y proyectos, para un futuro inspirado y enriquecido. El tema Vintage es s\u00f3lo el punto de partida, para poder buscar en la historia las claves del futuro.   <\/p>\n<\/div>\n<\/div>\n\n\n\n<div class=\"wp-block-column is-layout-flow wp-container-core-column-is-layout-22223934 wp-block-column-is-layout-flow\" style=\"flex-basis:50%\">\n<figure class=\"wp-block-embed is-type-video is-provider-youtube wp-block-embed-youtube wp-embed-aspect-16-9 wp-has-aspect-ratio\" style=\"margin-bottom:var(--wp--preset--spacing--20)\"><div class=\"wp-block-embed__wrapper\">\n<iframe loading=\"lazy\" title=\"Vintage Festival 2013 - Official Promo\" width=\"500\" height=\"281\" src=\"https:\/\/www.youtube.com\/embed\/NyU5W9J5KlY?feature=oembed\" frameborder=\"0\" allow=\"accelerometer; autoplay; clipboard-write; encrypted-media; gyroscope; picture-in-picture; web-share\" referrerpolicy=\"strict-origin-when-cross-origin\" allowfullscreen><\/iframe>\n<\/div><\/figure>\n\n\n\n<p class=\"wp-embed-aspect-16-9 wp-has-aspect-ratio\" style=\"margin-bottom:var(--wp--preset--spacing--20)\">Del viernes 13 de septiembre al domingo 15 de septiembre, <strong>Berti Pavimenti Legno<\/strong> te estar\u00e1 esperando en el evento m\u00e1s popular del sector y m\u00e1s all\u00e1, con r\u00e9cords de asistencia que aumentan a\u00f1o tras a\u00f1o, para una combinaci\u00f3n de moda, dise\u00f1o, m\u00fasica y entretenimiento. Estaremos presentes con instalaciones de <strong>parquet<\/strong> dentro de la exposici\u00f3n. <\/p>\n<\/div>\n<\/div>\n\n\n\n<div class=\"wp-block-group post-categories has-global-padding is-content-justification-left is-layout-constrained wp-container-core-group-is-layout-836d34cb wp-block-group-is-layout-constrained\" style=\"margin-top:var(--wp--preset--spacing--70);font-size:11px\">\n<div class=\"wp-block-group is-content-justification-center is-nowrap is-layout-flex wp-container-core-group-is-layout-60758a6d wp-block-group-is-layout-flex\">\n<p>Revista \/<\/p>\n\n\n<div class=\"taxonomy-category wp-block-post-terms\"><a href=\"https:\/\/berti.net\/es\/magazine\/category\/productos\/\" rel=\"tag\">Productos<\/a><span class=\"wp-block-post-terms__separator\">, <\/span><a href=\"https:\/\/berti.net\/es\/magazine\/category\/eventos\/\" rel=\"tag\">Eventos<\/a><\/div><\/div>\n<\/div>\n<\/div>\n\n<p><\/p>\n","protected":false},"excerpt":{"rendered":"<p>Berti inicia la cuenta atr\u00e1s para el Festival Vintage de Padua.<\/p>\n","protected":false},"author":9,"featured_media":18199,"comment_status":"closed","ping_status":"closed","sticky":false,"template":"","format":"standard","meta":{"footnotes":""},"categories":[108,143],"tags":[],"class_list":["post-18197","post","type-post","status-publish","format-standard","has-post-thumbnail","hentry","category-productos","category-eventos"],"_links":{"self":[{"href":"https:\/\/berti.net\/es\/wp-json\/wp\/v2\/posts\/18197","targetHints":{"allow":["GET"]}}],"collection":[{"href":"https:\/\/berti.net\/es\/wp-json\/wp\/v2\/posts"}],"about":[{"href":"https:\/\/berti.net\/es\/wp-json\/wp\/v2\/types\/post"}],"author":[{"embeddable":true,"href":"https:\/\/berti.net\/es\/wp-json\/wp\/v2\/users\/9"}],"replies":[{"embeddable":true,"href":"https:\/\/berti.net\/es\/wp-json\/wp\/v2\/comments?post=18197"}],"version-history":[{"count":2,"href":"https:\/\/berti.net\/es\/wp-json\/wp\/v2\/posts\/18197\/revisions"}],"predecessor-version":[{"id":21141,"href":"https:\/\/berti.net\/es\/wp-json\/wp\/v2\/posts\/18197\/revisions\/21141"}],"wp:featuredmedia":[{"embeddable":true,"href":"https:\/\/berti.net\/es\/wp-json\/wp\/v2\/media\/18199"}],"wp:attachment":[{"href":"https:\/\/berti.net\/es\/wp-json\/wp\/v2\/media?parent=18197"}],"wp:term":[{"taxonomy":"category","embeddable":true,"href":"https:\/\/berti.net\/es\/wp-json\/wp\/v2\/categories?post=18197"},{"taxonomy":"post_tag","embeddable":true,"href":"https:\/\/berti.net\/es\/wp-json\/wp\/v2\/tags?post=18197"}],"curies":[{"name":"wp","href":"https:\/\/api.w.org\/{rel}","templated":true}]}}