{"id":18196,"date":"2013-11-14T13:51:17","date_gmt":"2013-11-14T13:51:17","guid":{"rendered":"https:\/\/www.berti.net\/magazine\/suelos-de-parquet-berti-en-elle-decor\/"},"modified":"2025-05-19T09:32:12","modified_gmt":"2025-05-19T09:32:12","slug":"suelos-de-parquet-berti-en-elle-decor","status":"publish","type":"post","link":"https:\/\/berti.net\/es\/magazine\/suelos-de-parquet-berti-en-elle-decor\/","title":{"rendered":"Suelos de parquet Berti en Elle Decor"},"content":{"rendered":"\n<div class=\"wp-block-group post-detail-pattern is-container has-base-2-color has-contrast-background-color has-text-color has-background has-link-color wp-elements-a0abf5fe3464759196077673b85cb0d4 has-global-padding is-layout-constrained wp-block-group-is-layout-constrained\" style=\"margin-top:0;margin-bottom:0;padding-top:var(--wp--preset--spacing--70);padding-bottom:var(--wp--preset--spacing--70)\">\n<div class=\"wp-block-columns alignwide is-layout-flex wp-container-core-columns-is-layout-d125203f wp-block-columns-is-layout-flex\" style=\"margin-bottom:var(--wp--preset--spacing--50)\">\n<div class=\"wp-block-column is-vertically-aligned-stretch is-layout-flow wp-block-column-is-layout-flow\" style=\"padding-right:0;flex-basis:50%\">\n<div class=\"wp-block-group is-vertical is-content-justification-stretch is-layout-flex wp-container-core-group-is-layout-e9e70883 wp-block-group-is-layout-flex\" style=\"min-height:100%\">\n<div class=\"wp-block-group post-categories is-nowrap is-layout-flex wp-container-core-group-is-layout-3155b93e wp-block-group-is-layout-flex\" style=\"margin-top:var(--wp--preset--spacing--20);font-size:11px\">\n<p>Revista \/<\/p>\n\n\n<div class=\"taxonomy-category wp-block-post-terms\"><a href=\"https:\/\/berti.net\/es\/magazine\/category\/productos\/\" rel=\"tag\">Productos<\/a><span class=\"wp-block-post-terms__separator\">, <\/span><a href=\"https:\/\/berti.net\/es\/magazine\/category\/proyectos\/\" rel=\"tag\">Proyectos<\/a><\/div><\/div>\n\n\n<div style=\"font-style:normal;font-weight:600;text-transform:uppercase;\" class=\"has-link-color wp-elements-32859cd979b45056895d81c5660c23a0 wp-block-post-date has-text-color has-base-color has-s-font-size\"><time datetime=\"2013-11-14T13:51:17+00:00\">14 November 2013<\/time><\/div>\n\n\n<h1 class=\"wp-block-heading post-title\">Suelos de parquet <strong>Berti<\/strong> en <strong>Elle Decor<\/strong><\/h1>\n\n\n\n<h2 class=\"wp-block-heading post-subtitle\" style=\"margin-bottom:var(--wp--preset--spacing--20)\">El parquet <strong>Berti<\/strong> fue protagonista el mes pasado en Verona durante la exposici\u00f3n <strong>Abitare il tempo<\/strong>, un evento tradicional<strong>del mueble italiano<\/strong>.<\/h2>\n\n\n\n<p>Berti y sus suelos de madera han sido elegidos por <strong>Elle Decor Italia<\/strong>, una de las principales revistas nacionales<strong> de interiorismo<\/strong>, para formar parte de uno de los seis escaparates de la exposici\u00f3n &#8221;<strong><em>C\u00f3digos de decoraci\u00f3n<\/em><\/strong>&#8221;, creada con la intenci\u00f3n de narrar la contaminaci\u00f3n entre artesan\u00eda y dise\u00f1o contempor\u00e1neo.<\/p>\n\n\n\n<figure class=\"wp-block-image size-full is-style-default\"><img loading=\"lazy\" decoding=\"async\" width=\"519\" height=\"254\" src=\"https:\/\/www.berti.net\/wp-content\/uploads\/2013\/11\/Berti_elledecor02.png\" alt=\"\" class=\"wp-image-8932\" srcset=\"https:\/\/berti.net\/wp-content\/uploads\/2013\/11\/Berti_elledecor02.png 519w, https:\/\/berti.net\/wp-content\/uploads\/2013\/11\/Berti_elledecor02-300x147.png 300w\" sizes=\"auto, (max-width: 519px) 100vw, 519px\" \/><\/figure>\n\n\n\n<p>Este mes se ha publicado el nuevo Elle Decor, que nos cuenta con detalle la experiencia feliz y creativa de Verona:<\/p>\n\n\n\n<p>&#8221;<em>Seis interpretaciones diferentes del espacio dom\u00e9stico con un lenguaje ecl\u00e9ctico y accesible, pero sofisticado. Los protagonistas son los grandes cl\u00e1sicos del dise\u00f1o y <strong>los experimentos de dise\u00f1o<\/strong>, piezas \u00fanicas robadas al arte y producciones en serie, elegidas para definir nuevos escenarios posibles. Elle Decor Italia juega con los contrastes de superficies y materiales suaves, de estilos cl\u00e1sicos o contempor\u00e1neos. Se centra en los detalles, tanto naturales como preciosos, pero siempre con un ojo para el color y la decoraci\u00f3n. Rompe moldes y da rienda suelta a la creatividad    <\/em>.&#8221;<\/p>\n\n\n\n<figure class=\"wp-block-image size-full is-style-default\"><img loading=\"lazy\" decoding=\"async\" width=\"600\" height=\"900\" src=\"https:\/\/www.berti.net\/wp-content\/uploads\/2013\/11\/Berti-pavimenti-legno_parquet-elledecor06-.jpg\" alt=\"\" class=\"wp-image-8941\" srcset=\"https:\/\/berti.net\/wp-content\/uploads\/2013\/11\/Berti-pavimenti-legno_parquet-elledecor06-.jpg 600w, https:\/\/berti.net\/wp-content\/uploads\/2013\/11\/Berti-pavimenti-legno_parquet-elledecor06--200x300.jpg 200w\" sizes=\"auto, (max-width: 600px) 100vw, 600px\" \/><\/figure>\n\n\n\n<p>En concreto, el parquet Berti utilizado es un <strong>Rovere Espresso<\/strong> preacabado <strong>, l\u00ednea Vintage Berti Studio byBerti Pavimenti Legno<\/strong>, con colocaci\u00f3n de espiga h\u00fangara<\/p>\n\n\n\n<p>El parqu\u00e9 en cuesti\u00f3n estaba incluido en el &#8221;<strong>Borghese Ecl\u00e9ctico. C\u00f3digo de acceso: exc\u00e9ntrico chic <\/strong>&#8221;:<\/p>\n\n\n\n<p>&#8221;<em>Tonos parisinos para un espacio de sabor vagamente haussmaniano. Los estucos de las paredes y los rosetones del techo dibujan los l\u00edmites de un lugar que se nutre de acentos. En un ambiente vestido de colores vivos, conviven piezas escogidas entre lo mejor del<strong>dise\u00f1o art\u00edstico<\/strong> y detalles preciosos como el cuero, el oro y el lat\u00f3n.  <\/em>.&#8221;<\/p>\n<\/div>\n<\/div>\n\n\n\n<div class=\"wp-block-column is-layout-flow wp-container-core-column-is-layout-22223934 wp-block-column-is-layout-flow\" style=\"flex-basis:50%\">\n<figure class=\"wp-block-image size-full is-style-default\"><img loading=\"lazy\" decoding=\"async\" width=\"600\" height=\"803\" src=\"https:\/\/www.berti.net\/wp-content\/uploads\/2013\/11\/Berti-pavimenti-legno_parquet-elledecor04-.jpg\" alt=\"\" class=\"wp-image-8935\" srcset=\"https:\/\/berti.net\/wp-content\/uploads\/2013\/11\/Berti-pavimenti-legno_parquet-elledecor04-.jpg 600w, https:\/\/berti.net\/wp-content\/uploads\/2013\/11\/Berti-pavimenti-legno_parquet-elledecor04--224x300.jpg 224w\" sizes=\"auto, (max-width: 600px) 100vw, 600px\" \/><\/figure>\n\n\n\n<figure class=\"wp-block-image size-full is-style-default\"><img loading=\"lazy\" decoding=\"async\" width=\"600\" height=\"754\" src=\"https:\/\/www.berti.net\/wp-content\/uploads\/2013\/11\/Berti-pavimenti-legno_parquet-elledecor03-.jpg\" alt=\"\" class=\"wp-image-8938\" srcset=\"https:\/\/berti.net\/wp-content\/uploads\/2013\/11\/Berti-pavimenti-legno_parquet-elledecor03-.jpg 600w, https:\/\/berti.net\/wp-content\/uploads\/2013\/11\/Berti-pavimenti-legno_parquet-elledecor03--239x300.jpg 239w\" sizes=\"auto, (max-width: 600px) 100vw, 600px\" \/><\/figure>\n<\/div>\n<\/div>\n\n\n\n<div class=\"wp-block-group post-categories has-global-padding is-content-justification-left is-layout-constrained wp-container-core-group-is-layout-836d34cb wp-block-group-is-layout-constrained\" style=\"margin-top:var(--wp--preset--spacing--70);font-size:11px\">\n<div class=\"wp-block-group is-content-justification-center is-nowrap is-layout-flex wp-container-core-group-is-layout-60758a6d wp-block-group-is-layout-flex\">\n<p>Revista \/<\/p>\n\n\n<div class=\"taxonomy-category wp-block-post-terms\"><a href=\"https:\/\/berti.net\/es\/magazine\/category\/productos\/\" rel=\"tag\">Productos<\/a><span class=\"wp-block-post-terms__separator\">, <\/span><a href=\"https:\/\/berti.net\/es\/magazine\/category\/proyectos\/\" rel=\"tag\">Proyectos<\/a><\/div><\/div>\n<\/div>\n<\/div>\n\n<p><\/p>\n","protected":false},"excerpt":{"rendered":"<p>El parquet Berti fue protagonista el mes pasado en Verona durante la exposici\u00f3n Abitare il tempo, un evento tradicional del mueble italiano.<\/p>\n","protected":false},"author":9,"featured_media":18198,"comment_status":"closed","ping_status":"closed","sticky":false,"template":"","format":"standard","meta":{"footnotes":""},"categories":[108,142],"tags":[],"class_list":["post-18196","post","type-post","status-publish","format-standard","has-post-thumbnail","hentry","category-productos","category-proyectos"],"_links":{"self":[{"href":"https:\/\/berti.net\/es\/wp-json\/wp\/v2\/posts\/18196","targetHints":{"allow":["GET"]}}],"collection":[{"href":"https:\/\/berti.net\/es\/wp-json\/wp\/v2\/posts"}],"about":[{"href":"https:\/\/berti.net\/es\/wp-json\/wp\/v2\/types\/post"}],"author":[{"embeddable":true,"href":"https:\/\/berti.net\/es\/wp-json\/wp\/v2\/users\/9"}],"replies":[{"embeddable":true,"href":"https:\/\/berti.net\/es\/wp-json\/wp\/v2\/comments?post=18196"}],"version-history":[{"count":2,"href":"https:\/\/berti.net\/es\/wp-json\/wp\/v2\/posts\/18196\/revisions"}],"predecessor-version":[{"id":21136,"href":"https:\/\/berti.net\/es\/wp-json\/wp\/v2\/posts\/18196\/revisions\/21136"}],"wp:featuredmedia":[{"embeddable":true,"href":"https:\/\/berti.net\/es\/wp-json\/wp\/v2\/media\/18198"}],"wp:attachment":[{"href":"https:\/\/berti.net\/es\/wp-json\/wp\/v2\/media?parent=18196"}],"wp:term":[{"taxonomy":"category","embeddable":true,"href":"https:\/\/berti.net\/es\/wp-json\/wp\/v2\/categories?post=18196"},{"taxonomy":"post_tag","embeddable":true,"href":"https:\/\/berti.net\/es\/wp-json\/wp\/v2\/tags?post=18196"}],"curies":[{"name":"wp","href":"https:\/\/api.w.org\/{rel}","templated":true}]}}