{"id":18124,"date":"2013-07-03T07:49:01","date_gmt":"2013-07-03T07:49:01","guid":{"rendered":"https:\/\/www.berti.net\/magazine\/berti-consiglia-colocacion-de-parquet\/"},"modified":"2025-05-19T09:32:57","modified_gmt":"2025-05-19T09:32:57","slug":"berti-consiglia-colocacion-de-parquet","status":"publish","type":"post","link":"https:\/\/berti.net\/es\/magazine\/berti-consiglia-colocacion-de-parquet\/","title":{"rendered":"Berti Consiglia: colocaci\u00f3n de parquet"},"content":{"rendered":"\n<div class=\"wp-block-group post-detail-pattern is-container has-base-2-color has-contrast-background-color has-text-color has-background has-link-color wp-elements-6ff8bb5759ec31f522c3660a9880412c has-global-padding is-layout-constrained wp-block-group-is-layout-constrained\" style=\"margin-top:0;margin-bottom:0;padding-top:var(--wp--preset--spacing--70);padding-bottom:var(--wp--preset--spacing--70)\">\n<div class=\"wp-block-columns alignwide is-layout-flex wp-container-core-columns-is-layout-d125203f wp-block-columns-is-layout-flex\" style=\"margin-bottom:var(--wp--preset--spacing--50)\">\n<div class=\"wp-block-column is-vertically-aligned-stretch is-layout-flow wp-block-column-is-layout-flow\" style=\"padding-right:0;flex-basis:50%\">\n<div class=\"wp-block-group is-vertical is-content-justification-stretch is-layout-flex wp-container-core-group-is-layout-e9e70883 wp-block-group-is-layout-flex\" style=\"min-height:100%\">\n<div class=\"wp-block-group post-categories is-nowrap is-layout-flex wp-container-core-group-is-layout-3155b93e wp-block-group-is-layout-flex\" style=\"margin-top:var(--wp--preset--spacing--20);font-size:11px\">\n<p>Revista \/<\/p>\n\n\n<div class=\"taxonomy-category wp-block-post-terms\"><a href=\"https:\/\/berti.net\/es\/magazine\/category\/productos\/\" rel=\"tag\">Productos<\/a><span class=\"wp-block-post-terms__separator\">, <\/span><a href=\"https:\/\/berti.net\/es\/magazine\/category\/eventos\/\" rel=\"tag\">Eventos<\/a><\/div><\/div>\n\n\n<div style=\"font-style:normal;font-weight:600;text-transform:uppercase;\" class=\"has-link-color wp-elements-32859cd979b45056895d81c5660c23a0 wp-block-post-date has-text-color has-base-color has-s-font-size\"><time datetime=\"2013-07-03T07:49:01+00:00\">3 July 2013<\/time><\/div>\n\n\n<h1 class=\"wp-block-heading post-title\"><strong>Berti Consiglia<\/strong>: <strong>colocaci\u00f3n de<\/strong> parquet<\/h1>\n\n\n\n<h2 class=\"wp-block-heading post-subtitle\" style=\"margin-bottom:var(--wp--preset--spacing--20)\">Una vez elegida la esencia y el formato de tu parquet, <strong>llega el momento de la colocaci\u00f3n<\/strong>. Es una decisi\u00f3n que hay que tomar <strong>antes de encargar el<\/strong> parquet, ya que el tipo de colocaci\u00f3n tambi\u00e9n afecta a la <strong>cantidad de<\/strong> <strong>parquet<\/strong> que hay que <strong>encargar<\/strong>.<\/h2>\n\n\n\n<figure class=\"wp-block-image size-full is-style-default\"><img loading=\"lazy\" decoding=\"async\" width=\"1035\" height=\"352\" src=\"https:\/\/www.berti.net\/wp-content\/uploads\/2013\/07\/Berti-consiglia-scelta-posa.jpg\" alt=\"\" class=\"wp-image-9135\" srcset=\"https:\/\/berti.net\/wp-content\/uploads\/2013\/07\/Berti-consiglia-scelta-posa.jpg 1035w, https:\/\/berti.net\/wp-content\/uploads\/2013\/07\/Berti-consiglia-scelta-posa-300x102.jpg 300w, https:\/\/berti.net\/wp-content\/uploads\/2013\/07\/Berti-consiglia-scelta-posa-1024x348.jpg 1024w, https:\/\/berti.net\/wp-content\/uploads\/2013\/07\/Berti-consiglia-scelta-posa-768x261.jpg 768w\" sizes=\"auto, (max-width: 1035px) 100vw, 1035px\" \/><\/figure>\n\n\n\n<p>La <a href=\"https:\/\/www.berti.net\/faq\/faq\/tecniche\/tipologie-di-posa\" target=\"_blank\" rel=\"noreferrer noopener\"><strong>colocaci\u00f3n del parquet<\/strong><\/a> es una fase delicada y exigente: siempre se recomienda contactar con personal especializado. De lo contrario, existe el riesgo de que el material cuidadosamente elegido, que se encuentra entre los m\u00e1s valiosos y t\u00e9cnicamente avanzados, se vea comprometido por una instalaci\u00f3n poco profesional. <\/p>\n\n\n\n<figure class=\"wp-block-image size-full is-style-default\"><img loading=\"lazy\" decoding=\"async\" width=\"1095\" height=\"800\" src=\"https:\/\/www.berti.net\/wp-content\/uploads\/2013\/07\/Berti-pavimenti-parquet-geometria-di-posa.jpg\" alt=\"\" class=\"wp-image-9139\" srcset=\"https:\/\/berti.net\/wp-content\/uploads\/2013\/07\/Berti-pavimenti-parquet-geometria-di-posa.jpg 1095w, https:\/\/berti.net\/wp-content\/uploads\/2013\/07\/Berti-pavimenti-parquet-geometria-di-posa-300x219.jpg 300w, https:\/\/berti.net\/wp-content\/uploads\/2013\/07\/Berti-pavimenti-parquet-geometria-di-posa-1024x748.jpg 1024w, https:\/\/berti.net\/wp-content\/uploads\/2013\/07\/Berti-pavimenti-parquet-geometria-di-posa-768x561.jpg 768w\" sizes=\"auto, (max-width: 1095px) 100vw, 1095px\" \/><\/figure>\n\n\n\n<p>Dicho esto, la colocaci\u00f3n puede entenderse en dos sentidos: la geometr\u00eda de colocaci\u00f3n y el tipo de colocaci\u00f3n. Mientras que la primera es un factor m\u00e1s est\u00e9tico, el tipo de colocaci\u00f3n depende del sustrato existente y de las limitaciones t\u00e9cnicas. <\/p>\n\n\n\n<p><strong>LA GEOMETR\u00cdA DE COLOCACI\u00d3N<\/strong><\/p>\n\n\n\n<p>La <a href=\"https:\/\/www.berti.net\/faq\/faq\/tecniche\/cose-la-geometria-di-posa\" target=\"_blank\" rel=\"noreferrer noopener\"><strong>geometr\u00eda de colocaci\u00f3n<\/strong><\/a> es el patr\u00f3n que se crea mediante la combinaci\u00f3n de los elementos individuales que componen tu suelo de madera. Existen muchos <a href=\"https:\/\/www.berti.net\/faq\/faq\/tecniche\/cose-la-geometria-di-posa\" target=\"_blank\" rel=\"noreferrer noopener\">tipos diferentes de colocaci\u00f3n<\/a>, y en teor\u00eda podr\u00edamos decir que el \u00fanico l\u00edmite es tu imaginaci\u00f3n. El aspecto final que caracterizar\u00e1 a tu parquet depende de muchos factores: el tama\u00f1o de los m\u00f3dulos de madera, la elecci\u00f3n de mosaicos geom\u00e9tricos o no geom\u00e9tricos y la inventiva empleada en la combinaci\u00f3n. En general, para las colocaciones que siguen el curso de las paredes, hay que tener en cuenta menos residuos (aprox. 4\/5%); para las colocaciones en diagonal, hay que pedir aproximadamente un 10% m\u00e1s de residuos.   <\/p>\n\n\n\n<figure class=\"wp-block-image size-full is-style-default\"><img loading=\"lazy\" decoding=\"async\" width=\"492\" height=\"395\" src=\"https:\/\/www.berti.net\/wp-content\/uploads\/2013\/07\/Berti-posa-a-spina-01.jpg\" alt=\"\" class=\"wp-image-9142\" srcset=\"https:\/\/berti.net\/wp-content\/uploads\/2013\/07\/Berti-posa-a-spina-01.jpg 492w, https:\/\/berti.net\/wp-content\/uploads\/2013\/07\/Berti-posa-a-spina-01-300x241.jpg 300w\" sizes=\"auto, (max-width: 492px) 100vw, 492px\" \/><\/figure>\n\n\n\n<figure class=\"wp-block-image size-full is-style-default\"><img loading=\"lazy\" decoding=\"async\" width=\"422\" height=\"608\" src=\"https:\/\/www.berti.net\/wp-content\/uploads\/2013\/07\/Berti-posa-a-spina-02.jpg\" alt=\"\" class=\"wp-image-9145\" srcset=\"https:\/\/berti.net\/wp-content\/uploads\/2013\/07\/Berti-posa-a-spina-02.jpg 422w, https:\/\/berti.net\/wp-content\/uploads\/2013\/07\/Berti-posa-a-spina-02-208x300.jpg 208w\" sizes=\"auto, (max-width: 422px) 100vw, 422px\" \/><\/figure>\n\n\n\n<p>Al encargar tu parquet, es importante no olvidar los rodapi\u00e9s: estas <strong>piezas especiales<\/strong> no s\u00f3lo tienen una funci\u00f3n est\u00e9tica, sino que sirven sobre todo para ocultar el hueco que quedar\u00e1 durante la colocaci\u00f3n, que se utiliza para compensar la dilataci\u00f3n del parquet y las posibles juntas de dilataci\u00f3n.<\/p>\n\n\n\n<p><a href=\"https:\/\/www.berti.net\/faq\/faq\/tecniche\/cose-la-geometria-di-posa\" target=\"_blank\" rel=\"noreferrer noopener\">Las geometr\u00edas de colocaci\u00f3n<\/a> dependen de la <strong>conformaci\u00f3n de los elementos de madera<\/strong>: los tablones, y en general las tablas caracterizadas por una estructura m\u00e1s alargada, se prestan a colocaciones bastante uniformes, como la colocaci\u00f3n de <em>encofrado regular<\/em>, donde encontramos los tablones dispuestos formando franjas horizontales o diagonales, o la colocaci\u00f3n <em>de cubierta de barco<\/em>, caracterizada en cambio por un patr\u00f3n m\u00e1s irregular. Una de las geometr\u00edas m\u00e1s lineales es, sin duda, la <em>espiga<\/em>: los elementos son de menor tama\u00f1o y, por tanto, es posible crear formas m\u00e1s complejas, jugando tambi\u00e9n con la combinaci\u00f3n de maderas de distintas especies, tonalidades, colores. <\/p>\n\n\n\n<figure class=\"wp-block-image size-full is-style-default\"><img loading=\"lazy\" decoding=\"async\" width=\"1200\" height=\"799\" src=\"https:\/\/www.berti.net\/wp-content\/uploads\/2013\/07\/Berti-parquet-posa-a-correre1.jpg\" alt=\"\" class=\"wp-image-9152\" srcset=\"https:\/\/berti.net\/wp-content\/uploads\/2013\/07\/Berti-parquet-posa-a-correre1.jpg 1200w, https:\/\/berti.net\/wp-content\/uploads\/2013\/07\/Berti-parquet-posa-a-correre1-300x200.jpg 300w, https:\/\/berti.net\/wp-content\/uploads\/2013\/07\/Berti-parquet-posa-a-correre1-1024x682.jpg 1024w, https:\/\/berti.net\/wp-content\/uploads\/2013\/07\/Berti-parquet-posa-a-correre1-768x511.jpg 768w\" sizes=\"auto, (max-width: 1200px) 100vw, 1200px\" \/><\/figure>\n<\/div>\n<\/div>\n\n\n\n<div class=\"wp-block-column is-layout-flow wp-container-core-column-is-layout-22223934 wp-block-column-is-layout-flow\" style=\"flex-basis:50%\">\n<figure class=\"wp-block-image size-full is-style-default\"><img loading=\"lazy\" decoding=\"async\" width=\"600\" height=\"799\" src=\"https:\/\/www.berti.net\/wp-content\/uploads\/2013\/07\/Berti-posa-a-spina-di-pesce.jpg\" alt=\"\" class=\"wp-image-9149\" srcset=\"https:\/\/berti.net\/wp-content\/uploads\/2013\/07\/Berti-posa-a-spina-di-pesce.jpg 600w, https:\/\/berti.net\/wp-content\/uploads\/2013\/07\/Berti-posa-a-spina-di-pesce-225x300.jpg 225w\" sizes=\"auto, (max-width: 600px) 100vw, 600px\" \/><\/figure>\n\n\n\n<p class=\"wp-embed-aspect-16-9 wp-has-aspect-ratio\" style=\"margin-bottom:var(--wp--preset--spacing--20)\"><strong>TIPOS DE COLOCACI\u00d3N<\/strong><\/p>\n\n\n\n<p class=\"wp-embed-aspect-16-9 wp-has-aspect-ratio\" style=\"margin-bottom:var(--wp--preset--spacing--20)\">La <strong>elecci\u00f3n del <a href=\"https:\/\/www.berti.net\/faq\/faq\/tecniche\/tipologie-di-posa\" target=\"_blank\" rel=\"noreferrer noopener\">tipo de colocaci\u00f3n<\/a><\/strong> depende del tipo de habitaci\u00f3n en la que se vaya a colocar el nuevo suelo de madera. En el caso de que no haya limitaciones de grosor, la elecci\u00f3n es m\u00e1s amplia y, en primer lugar, puedes elegir entre colocaci\u00f3n flotante o encolada. Hay dos t\u00e9cnicas principales para colocar parquet preacabado: la <a href=\"https:\/\/www.berti.net\/faq\/faq\/tecniche\/tipologie-di-posa\" target=\"_blank\" rel=\"noreferrer noopener\">colocaci\u00f3n flotante y la colocaci\u00f3n encolada<\/a>.  <\/p>\n\n\n\n<p class=\"wp-embed-aspect-16-9 wp-has-aspect-ratio\" style=\"margin-bottom:var(--wp--preset--spacing--20)\">Para todas las lamas de parquet preacabado <strong>Berti<\/strong> es posible solicitar un <strong>acabado aceitado<\/strong>. Puedes elegir entre un producto que se suministra sin acabar y que, por tanto, se acabar\u00e1 con aceite natural en la obra, o bien Berti fabrica parquet preacabado que se aceita en l\u00ednea utilizando aceite de uretano UV.<\/p>\n\n\n\n<figure class=\"wp-block-image size-full is-style-default\"><img loading=\"lazy\" decoding=\"async\" width=\"554\" height=\"176\" src=\"https:\/\/www.berti.net\/wp-content\/uploads\/2013\/07\/posa-incollata.png\" alt=\"\" class=\"wp-image-9156\" srcset=\"https:\/\/berti.net\/wp-content\/uploads\/2013\/07\/posa-incollata.png 554w, https:\/\/berti.net\/wp-content\/uploads\/2013\/07\/posa-incollata-300x95.png 300w\" sizes=\"auto, (max-width: 554px) 100vw, 554px\" \/><\/figure>\n\n\n\n<p class=\"wp-embed-aspect-16-9 wp-has-aspect-ratio\" style=\"margin-bottom:var(--wp--preset--spacing--20)\">La opci\u00f3n m\u00e1s com\u00fan es la <strong>colocaci\u00f3n por encolado<\/strong>, que proporciona una mayor estabilidad, ya que las tablas de parquet se fijan y encolan al suelo o solado subyacente. Es <a href=\"https:\/\/www.berti.net\/faq\/faq\/tecniche\/qual%E2%80%99e-la-tipologia-di-posa-piu-adatta-per-un-sistema-di-riscaldamento-a-pavimento\" target=\"_blank\" rel=\"noreferrer noopener\">la opci\u00f3n m\u00e1s aconsejable en cuanto al tipo de colocaci\u00f3n cuando se prev\u00e9 instalar un sistema de calefacci\u00f3n por suelo radiante<\/a>, porque de este modo no se deja ning\u00fan espacio de aire entre la solera y las planchas de parquet, con lo que se evita cualquier p\u00e9rdida de calor.<\/p>\n\n\n\n<figure class=\"wp-block-image size-full is-style-default\"><img loading=\"lazy\" decoding=\"async\" width=\"1200\" height=\"1600\" src=\"https:\/\/www.berti.net\/wp-content\/uploads\/2013\/07\/Berti-pavimenti-legno-posa-incollata-parquet.jpg\" alt=\"\" class=\"wp-image-9159\" srcset=\"https:\/\/berti.net\/wp-content\/uploads\/2013\/07\/Berti-pavimenti-legno-posa-incollata-parquet.jpg 1200w, https:\/\/berti.net\/wp-content\/uploads\/2013\/07\/Berti-pavimenti-legno-posa-incollata-parquet-225x300.jpg 225w, https:\/\/berti.net\/wp-content\/uploads\/2013\/07\/Berti-pavimenti-legno-posa-incollata-parquet-768x1024.jpg 768w, https:\/\/berti.net\/wp-content\/uploads\/2013\/07\/Berti-pavimenti-legno-posa-incollata-parquet-1152x1536.jpg 1152w\" sizes=\"auto, (max-width: 1200px) 100vw, 1200px\" \/><\/figure>\n\n\n\n<p class=\"wp-embed-aspect-16-9 wp-has-aspect-ratio\" style=\"margin-bottom:var(--wp--preset--spacing--20)\">Por \u00faltimo, se puede elegir la <a href=\"https:\/\/www.berti.net\/faq\/faq\/generiche\/e-migliore-la-posa-galleggiante\/flottante-o-la-posa-mediante-incollaggio\" target=\"_blank\" rel=\"noreferrer noopener\"><strong>instalaci\u00f3n<\/strong><\/a> flotante o flotante, que permite que el suelo que hay debajo no se altere. Con este tipo de colocaci\u00f3n, las tablas de parquet se colocan simplemente sobre el subsuelo, las tablas se fijan firmemente con una fina capa de cola que se aplica en las juntas. En este caso, hay que prever la inserci\u00f3n de un colch\u00f3n entre el suelo y el parquet, que puede tener varias funciones, como la insonorizaci\u00f3n o el aislamiento t\u00e9rmico para actuar como barrera contra la humedad.  <\/p>\n\n\n\n<figure class=\"wp-block-image size-full is-style-default\"><img loading=\"lazy\" decoding=\"async\" width=\"606\" height=\"170\" src=\"https:\/\/www.berti.net\/wp-content\/uploads\/2013\/07\/Posa-flottante.png\" alt=\"\" class=\"wp-image-9162\" srcset=\"https:\/\/berti.net\/wp-content\/uploads\/2013\/07\/Posa-flottante.png 606w, https:\/\/berti.net\/wp-content\/uploads\/2013\/07\/Posa-flottante-300x84.png 300w\" sizes=\"auto, (max-width: 606px) 100vw, 606px\" \/><\/figure>\n\n\n\n<p class=\"wp-embed-aspect-16-9 wp-has-aspect-ratio\" style=\"margin-bottom:var(--wp--preset--spacing--20)\">Sea cual sea el m\u00e9todo de colocaci\u00f3n que elijas, un elemento de importancia fundamental es el <strong>subsuelo<\/strong>: debe estar en excelentes condiciones y, por tanto, ser compacto, estar libre de grietas, curado y seco, liso y limpio. La temperatura de la habitaci\u00f3n no debe ser inferior a 18\u00b0\/22\u00b0 y la humedad debe estar entre el 45% y el 65%. <\/p>\n\n\n\n<p class=\"wp-embed-aspect-16-9 wp-has-aspect-ratio\" style=\"margin-bottom:var(--wp--preset--spacing--20)\">Hemos dado una breve visi\u00f3n general de las posibilidades de colocaci\u00f3n, y hemos tocado temas t\u00e9cnicos amplios y complejos. Te remitimos a <a href=\"https:\/\/www.berti.net\/faq\/faq\" target=\"_blank\" rel=\"noreferrer noopener\">las FAQ de Berti para que consultes las preguntas m\u00e1s frecuentes sobre el parquet<\/a>. Y, por supuesto, a las pr\u00f3ximas entregas de <em>Berti consiglia<\/em>, donde profundizaremos en algunos de los aspectos presentados.  <\/p>\n<\/div>\n<\/div>\n\n\n\n<div class=\"wp-block-group post-categories has-global-padding is-content-justification-left is-layout-constrained wp-container-core-group-is-layout-836d34cb wp-block-group-is-layout-constrained\" style=\"margin-top:var(--wp--preset--spacing--70);font-size:11px\">\n<div class=\"wp-block-group is-content-justification-center is-nowrap is-layout-flex wp-container-core-group-is-layout-60758a6d wp-block-group-is-layout-flex\">\n<p>Revista \/<\/p>\n\n\n<div class=\"taxonomy-category wp-block-post-terms\"><a href=\"https:\/\/berti.net\/es\/magazine\/category\/productos\/\" rel=\"tag\">Productos<\/a><span class=\"wp-block-post-terms__separator\">, <\/span><a href=\"https:\/\/berti.net\/es\/magazine\/category\/eventos\/\" rel=\"tag\">Eventos<\/a><\/div><\/div>\n<\/div>\n<\/div>\n\n<p><\/p>\n","protected":false},"excerpt":{"rendered":"<p>Una vez elegida la esencia y el formato de tu parquet, llega el momento de la colocaci\u00f3n.<\/p>\n","protected":false},"author":9,"featured_media":18125,"comment_status":"closed","ping_status":"closed","sticky":false,"template":"","format":"standard","meta":{"footnotes":""},"categories":[108,143],"tags":[],"class_list":["post-18124","post","type-post","status-publish","format-standard","has-post-thumbnail","hentry","category-productos","category-eventos"],"_links":{"self":[{"href":"https:\/\/berti.net\/es\/wp-json\/wp\/v2\/posts\/18124","targetHints":{"allow":["GET"]}}],"collection":[{"href":"https:\/\/berti.net\/es\/wp-json\/wp\/v2\/posts"}],"about":[{"href":"https:\/\/berti.net\/es\/wp-json\/wp\/v2\/types\/post"}],"author":[{"embeddable":true,"href":"https:\/\/berti.net\/es\/wp-json\/wp\/v2\/users\/9"}],"replies":[{"embeddable":true,"href":"https:\/\/berti.net\/es\/wp-json\/wp\/v2\/comments?post=18124"}],"version-history":[{"count":2,"href":"https:\/\/berti.net\/es\/wp-json\/wp\/v2\/posts\/18124\/revisions"}],"predecessor-version":[{"id":21157,"href":"https:\/\/berti.net\/es\/wp-json\/wp\/v2\/posts\/18124\/revisions\/21157"}],"wp:featuredmedia":[{"embeddable":true,"href":"https:\/\/berti.net\/es\/wp-json\/wp\/v2\/media\/18125"}],"wp:attachment":[{"href":"https:\/\/berti.net\/es\/wp-json\/wp\/v2\/media?parent=18124"}],"wp:term":[{"taxonomy":"category","embeddable":true,"href":"https:\/\/berti.net\/es\/wp-json\/wp\/v2\/categories?post=18124"},{"taxonomy":"post_tag","embeddable":true,"href":"https:\/\/berti.net\/es\/wp-json\/wp\/v2\/tags?post=18124"}],"curies":[{"name":"wp","href":"https:\/\/api.w.org\/{rel}","templated":true}]}}