{"id":18110,"date":"2013-05-07T10:18:01","date_gmt":"2013-05-07T10:18:01","guid":{"rendered":"https:\/\/www.berti.net\/magazine\/la-gama-de-parquet-vepal-se-renueva-y-amplia\/"},"modified":"2025-05-19T09:35:55","modified_gmt":"2025-05-19T09:35:55","slug":"la-gama-de-parquet-vepal-se-renueva-y-amplia","status":"publish","type":"post","link":"https:\/\/berti.net\/es\/magazine\/la-gama-de-parquet-vepal-se-renueva-y-amplia\/","title":{"rendered":"La gama de parquet Vepal se renueva y ampl\u00eda"},"content":{"rendered":"\n<div class=\"wp-block-group post-detail-pattern is-container has-base-2-color has-contrast-background-color has-text-color has-background has-link-color wp-elements-3f939661e3bcac887ee93304707ad9e6 has-global-padding is-layout-constrained wp-block-group-is-layout-constrained\" style=\"margin-top:0;margin-bottom:0;padding-top:var(--wp--preset--spacing--70);padding-bottom:var(--wp--preset--spacing--70)\">\n<div class=\"wp-block-columns alignwide is-layout-flex wp-container-core-columns-is-layout-d125203f wp-block-columns-is-layout-flex\" style=\"margin-bottom:var(--wp--preset--spacing--50)\">\n<div class=\"wp-block-column is-vertically-aligned-stretch is-layout-flow wp-block-column-is-layout-flow\" style=\"padding-right:0;flex-basis:50%\">\n<div class=\"wp-block-group is-vertical is-content-justification-stretch is-layout-flex wp-container-core-group-is-layout-e9e70883 wp-block-group-is-layout-flex\" style=\"min-height:100%\">\n<div class=\"wp-block-group post-categories is-nowrap is-layout-flex wp-container-core-group-is-layout-3155b93e wp-block-group-is-layout-flex\" style=\"margin-top:var(--wp--preset--spacing--20);font-size:11px\">\n<p>Revista \/<\/p>\n\n\n<div class=\"taxonomy-category wp-block-post-terms\"><a href=\"https:\/\/berti.net\/es\/magazine\/category\/productos\/\" rel=\"tag\">Productos<\/a><span class=\"wp-block-post-terms__separator\">, <\/span><a href=\"https:\/\/berti.net\/es\/magazine\/category\/proyectos\/\" rel=\"tag\">Proyectos<\/a><\/div><\/div>\n\n\n<div style=\"font-style:normal;font-weight:600;text-transform:uppercase;\" class=\"has-link-color wp-elements-32859cd979b45056895d81c5660c23a0 wp-block-post-date has-text-color has-base-color has-s-font-size\"><time datetime=\"2013-05-07T10:18:01+00:00\">7 May 2013<\/time><\/div>\n\n\n<h1 class=\"wp-block-heading post-title\">La gama de <strong>parquet Vepal<\/strong> se renueva y ampl\u00eda<\/h1>\n\n\n\n<h2 class=\"wp-block-heading post-subtitle\" style=\"margin-bottom:var(--wp--preset--spacing--20)\">Gracias a la <strong>renovaci\u00f3n<\/strong> de la <strong>gama Vepal<\/strong>, las opciones a disposici\u00f3n de nuestros clientes <strong>se ampl\u00edan<\/strong> para ofrecer <strong>nuevos productos<\/strong>, fabricados con <strong>tecnolog\u00edas avanzadas<\/strong>, para satisfacer las necesidades m\u00e1s diversas.<\/h2>\n\n\n\n<figure class=\"wp-block-image size-full is-style-default\"><img loading=\"lazy\" decoding=\"async\" width=\"330\" height=\"322\" src=\"https:\/\/www.berti.net\/wp-content\/uploads\/2013\/05\/vapal-gamma-prefiniti-laminati-decking1.jpg\" alt=\"\" class=\"wp-image-9349\" srcset=\"https:\/\/berti.net\/wp-content\/uploads\/2013\/05\/vapal-gamma-prefiniti-laminati-decking1.jpg 330w, https:\/\/berti.net\/wp-content\/uploads\/2013\/05\/vapal-gamma-prefiniti-laminati-decking1-300x293.jpg 300w\" sizes=\"auto, (max-width: 330px) 100vw, 330px\" \/><\/figure>\n\n\n\n<p><strong>La gama de Vepal<\/strong> ya est\u00e1 completa: puedes elegir entre parquet preacabado, laminado y suelos de exterior con Decking Wpc.<\/p>\n\n\n\n<p>La gama &#8221;TDN 30&#8243; Loc se renueva por completo: a partir de ahora, podr\u00e1s comprar tablones de una nueva colecci\u00f3n, que se llama <strong>TDN 3 STRIPS<\/strong>. Dentro de esta categor\u00eda encontramos tres tipos de acabado de parquet: Roble Barnizado Liso, Roble Barnizado Cepillado y Roble Blanqueado Barnizado Liso. El suelo tiene una estructura de 3 capas, con un grosor total de 10 mm y un grosor de madera noble de 2,5 mm.  <\/p>\n\n\n\n<figure class=\"wp-block-image size-full is-style-default\"><img loading=\"lazy\" decoding=\"async\" width=\"911\" height=\"194\" src=\"https:\/\/www.berti.net\/wp-content\/uploads\/2013\/05\/tdn-3-strips2.jpg\" alt=\"\" class=\"wp-image-9359\" srcset=\"https:\/\/berti.net\/wp-content\/uploads\/2013\/05\/tdn-3-strips2.jpg 911w, https:\/\/berti.net\/wp-content\/uploads\/2013\/05\/tdn-3-strips2-300x64.jpg 300w, https:\/\/berti.net\/wp-content\/uploads\/2013\/05\/tdn-3-strips2-768x164.jpg 768w\" sizes=\"auto, (max-width: 911px) 100vw, 911px\" \/><\/figure>\n\n\n\n<p>La l\u00ednea <strong>Tavole<\/strong> re\u00fane las propuestas que hasta ayer se conoc\u00edan como Maxilistone &#8221;40&#8243; Derullato. Nada ha cambiado aparte del nombre de la colecci\u00f3n, que sigue ofreciendo un producto preacabado tricapa con un grosor de 4 mm de madera noble, declinado en distintos acabados. <\/p>\n\n\n\n<figure class=\"wp-block-image size-full is-style-default\"><img loading=\"lazy\" decoding=\"async\" width=\"911\" height=\"204\" src=\"https:\/\/www.berti.net\/wp-content\/uploads\/2013\/05\/vepal-tavole2.jpg\" alt=\"\" class=\"wp-image-9362\" srcset=\"https:\/\/berti.net\/wp-content\/uploads\/2013\/05\/vepal-tavole2.jpg 911w, https:\/\/berti.net\/wp-content\/uploads\/2013\/05\/vepal-tavole2-300x67.jpg 300w, https:\/\/berti.net\/wp-content\/uploads\/2013\/05\/vepal-tavole2-768x172.jpg 768w\" sizes=\"auto, (max-width: 911px) 100vw, 911px\" \/><\/figure>\n\n\n\n<p>La colecci\u00f3n<em> Vepal Colors<\/em> experimenta un profundo cambio: a partir de ahora, contar\u00e1 con dos familias de productos distintas: por un lado,<em> Vepal Colors Barnizado<\/em>, que sigue ofreciendo lamas de parquet preacabadas de 3 capas, equipadas con un enclavamiento machihembrado que permite la colocaci\u00f3n encolada o flotante. Los acabados disponibles han cambiado: ahora puedes elegir entre distintas variantes de roble. Por otro lado, te ofrecemos el nuevo <em>Vepal Colors Oliato<\/em>, tablones maxilaminados con exclusivos acabados al aceite que dan a la superficie un brillo aterciopelado. Las lamas tienen numerosos nudos y grietas, que dan al parquet Vepal Colors Oliato un aspecto r\u00fastico y original: para un suelo con personalidad propia. El resultado es un parquet con un acabado natural al aceite. Cada lama tiene una anchura de 189 mm y una longitud de entre 1860 y 1900 mm.     <\/p>\n\n\n\n<figure class=\"wp-block-image size-full is-style-default\"><img loading=\"lazy\" decoding=\"async\" width=\"912\" height=\"347\" src=\"https:\/\/www.berti.net\/wp-content\/uploads\/2013\/05\/Vepal-colors1.jpg\" alt=\"\" class=\"wp-image-9365\" srcset=\"https:\/\/berti.net\/wp-content\/uploads\/2013\/05\/Vepal-colors1.jpg 912w, https:\/\/berti.net\/wp-content\/uploads\/2013\/05\/Vepal-colors1-300x114.jpg 300w, https:\/\/berti.net\/wp-content\/uploads\/2013\/05\/Vepal-colors1-768x292.jpg 768w\" sizes=\"auto, (max-width: 912px) 100vw, 912px\" \/><\/figure>\n\n\n\n<p>Prefinito Vepal<strong> 10<\/strong>, el producto m\u00e1s vendido de Vepal, ser\u00e1 ahora EcoPrefinito Vepal<strong> 10<\/strong>, al que hay que a\u00f1adir <strong>EcoPrefinito Vepal 11<\/strong>, un parquet preacabado compuesto por 2 capas para un grosor total de 11 mm, disponible en acabados Roble Barnizado y Barnizado Cepillado.<\/p>\n\n\n\n<figure class=\"wp-block-image size-full is-style-default\"><img loading=\"lazy\" decoding=\"async\" width=\"912\" height=\"189\" src=\"https:\/\/www.berti.net\/wp-content\/uploads\/2013\/05\/vepal-eco-prefinito1.jpg\" alt=\"\" class=\"wp-image-9369\" srcset=\"https:\/\/berti.net\/wp-content\/uploads\/2013\/05\/vepal-eco-prefinito1.jpg 912w, https:\/\/berti.net\/wp-content\/uploads\/2013\/05\/vepal-eco-prefinito1-300x62.jpg 300w, https:\/\/berti.net\/wp-content\/uploads\/2013\/05\/vepal-eco-prefinito1-768x159.jpg 768w\" sizes=\"auto, (max-width: 912px) 100vw, 912px\" \/><\/figure>\n\n\n\n<p>En cuanto a los Laminados, hay novedades importantes e interesantes para esta gama de suelos que no son de madera.<\/p>\n\n\n\n<p>Los Laminados <strong>Platinum<\/strong> son laminados que destacan por sus caracter\u00edsticas t\u00e9cnicas de alto nivel: demuestran una excelente resistencia a las pisadas y a los impactos. Al mismo tiempo, los Laminados Platinum de Vepal son una elecci\u00f3n refinada y moderna, gracias a la gama de decoraciones esenciales y elegantes que reproducen con precisi\u00f3n el efecto de las tablas de roble. Todos los Laminados Platinum pertenecen a la clase de resistencia a la abrasi\u00f3n AC5, son capaces de soportar cargas pesadas y pueden colocarse en grandes oficinas y tiendas, as\u00ed como en todas las zonas residenciales.  <\/p>\n\n\n\n<figure class=\"wp-block-image size-full is-style-default\"><img loading=\"lazy\" decoding=\"async\" width=\"1563\" height=\"189\" src=\"https:\/\/www.berti.net\/wp-content\/uploads\/2013\/05\/vepal-laminati-platinum2.jpg\" alt=\"\" class=\"wp-image-9372\" srcset=\"https:\/\/berti.net\/wp-content\/uploads\/2013\/05\/vepal-laminati-platinum2.jpg 1563w, https:\/\/berti.net\/wp-content\/uploads\/2013\/05\/vepal-laminati-platinum2-300x36.jpg 300w, https:\/\/berti.net\/wp-content\/uploads\/2013\/05\/vepal-laminati-platinum2-1024x124.jpg 1024w, https:\/\/berti.net\/wp-content\/uploads\/2013\/05\/vepal-laminati-platinum2-768x93.jpg 768w, https:\/\/berti.net\/wp-content\/uploads\/2013\/05\/vepal-laminati-platinum2-1536x186.jpg 1536w\" sizes=\"auto, (max-width: 1563px) 100vw, 1563px\" \/><\/figure>\n\n\n\n<p>En cuanto a <strong>los Laminados<\/strong> Premium, hay nuevas incorporaciones tanto en las decoraciones como en los formatos disponibles. Ahora hemos a\u00f1adido Rovere Cognac y Rovere Sambuca, que se caracterizan por una decoraci\u00f3n que reproduce el efecto vivido y antiguo de los tablones gracias a vetas y nudos que reproducen fielmente las caracter\u00edsticas naturales de la madera. Para tener la incre\u00edble sensaci\u00f3n de caminar sobre aut\u00e9nticos tablones de madera hechos a mano.  <\/p>\n\n\n\n<figure class=\"wp-block-image size-full is-style-default\"><img loading=\"lazy\" decoding=\"async\" width=\"1563\" height=\"350\" src=\"https:\/\/www.berti.net\/wp-content\/uploads\/2013\/05\/vepal-laminati-premium1.jpg\" alt=\"\" class=\"wp-image-9375\" srcset=\"https:\/\/berti.net\/wp-content\/uploads\/2013\/05\/vepal-laminati-premium1.jpg 1563w, https:\/\/berti.net\/wp-content\/uploads\/2013\/05\/vepal-laminati-premium1-300x67.jpg 300w, https:\/\/berti.net\/wp-content\/uploads\/2013\/05\/vepal-laminati-premium1-1024x229.jpg 1024w, https:\/\/berti.net\/wp-content\/uploads\/2013\/05\/vepal-laminati-premium1-768x172.jpg 768w, https:\/\/berti.net\/wp-content\/uploads\/2013\/05\/vepal-laminati-premium1-1536x344.jpg 1536w\" sizes=\"auto, (max-width: 1563px) 100vw, 1563px\" \/><\/figure>\n<\/div>\n<\/div>\n\n\n\n<div class=\"wp-block-column is-layout-flow wp-container-core-column-is-layout-22223934 wp-block-column-is-layout-flow\" style=\"flex-basis:50%\">\n<p>En cuanto a <strong>los laminados Trend<\/strong>, no ha habido cambios en la gama.<\/p>\n\n\n\n<figure class=\"wp-block-image size-full is-style-default\"><img loading=\"lazy\" decoding=\"async\" width=\"1563\" height=\"344\" src=\"https:\/\/www.berti.net\/wp-content\/uploads\/2013\/05\/vepal-laminati-trend1.jpg\" alt=\"\" class=\"wp-image-9379\" srcset=\"https:\/\/berti.net\/wp-content\/uploads\/2013\/05\/vepal-laminati-trend1.jpg 1563w, https:\/\/berti.net\/wp-content\/uploads\/2013\/05\/vepal-laminati-trend1-300x66.jpg 300w, https:\/\/berti.net\/wp-content\/uploads\/2013\/05\/vepal-laminati-trend1-1024x225.jpg 1024w, https:\/\/berti.net\/wp-content\/uploads\/2013\/05\/vepal-laminati-trend1-768x169.jpg 768w, https:\/\/berti.net\/wp-content\/uploads\/2013\/05\/vepal-laminati-trend1-1536x338.jpg 1536w\" sizes=\"auto, (max-width: 1563px) 100vw, 1563px\" \/><\/figure>\n\n\n\n<p>Los <strong>Laminados F\u00e1ciles<\/strong> se han reducido: quedan 4 tipos diferentes de decorados en la gama, mientras que los dem\u00e1s estar\u00e1n disponibles hasta fin de existencias.<\/p>\n\n\n\n<figure class=\"wp-block-image size-full is-style-default\"><img loading=\"lazy\" decoding=\"async\" width=\"1563\" height=\"192\" src=\"https:\/\/www.berti.net\/wp-content\/uploads\/2013\/05\/vepal-laminati-easy1.jpg\" alt=\"\" class=\"wp-image-9382\" srcset=\"https:\/\/berti.net\/wp-content\/uploads\/2013\/05\/vepal-laminati-easy1.jpg 1563w, https:\/\/berti.net\/wp-content\/uploads\/2013\/05\/vepal-laminati-easy1-300x37.jpg 300w, https:\/\/berti.net\/wp-content\/uploads\/2013\/05\/vepal-laminati-easy1-1024x126.jpg 1024w, https:\/\/berti.net\/wp-content\/uploads\/2013\/05\/vepal-laminati-easy1-768x94.jpg 768w, https:\/\/berti.net\/wp-content\/uploads\/2013\/05\/vepal-laminati-easy1-1536x189.jpg 1536w\" sizes=\"auto, (max-width: 1563px) 100vw, 1563px\" \/><\/figure>\n\n\n\n<p>Decking es la gama de tarimas de exterior de Vepal: la soluci\u00f3n para tu suelo que destaca por la alta calidad de sus materiales y procesos de producci\u00f3n. La gama incluye ahora el producto <strong>Decking WPC<\/strong>, fabricado a partir de un compuesto de fibras de madera y polietileno. <\/p>\n\n\n\n<figure class=\"wp-block-image size-full is-style-default\"><img loading=\"lazy\" decoding=\"async\" width=\"1047\" height=\"448\" src=\"https:\/\/www.berti.net\/wp-content\/uploads\/2013\/05\/vepal-decking-Wpc.png\" alt=\"\" class=\"wp-image-9385\" srcset=\"https:\/\/berti.net\/wp-content\/uploads\/2013\/05\/vepal-decking-Wpc.png 1047w, https:\/\/berti.net\/wp-content\/uploads\/2013\/05\/vepal-decking-Wpc-300x128.png 300w, https:\/\/berti.net\/wp-content\/uploads\/2013\/05\/vepal-decking-Wpc-1024x438.png 1024w, https:\/\/berti.net\/wp-content\/uploads\/2013\/05\/vepal-decking-Wpc-768x329.png 768w\" sizes=\"auto, (max-width: 1047px) 100vw, 1047px\" \/><\/figure>\n\n\n\n<p>Ponte en contacto con nuestro departamento de ventas para obtener todos los detalles. Tambi\u00e9n puedes consultar el cat\u00e1logo\/lista Vepal, disponible pr\u00f3ximamente en todos los distribuidores autorizados Berti y Vepal. Tambi\u00e9n estamos trabajando en la actualizaci\u00f3n del <a href=\"https:\/\/www.vepal.it\/\" target=\"_blank\" rel=\"noreferrer noopener\">sitio web de Vepal<\/a>, que incluir\u00e1 todas las novedades que acabamos de presentarte en primicia.  <\/p>\n\n\n\n<p><a href=\"https:\/\/issuu.com\/bertiamministratore\/docs\/vepal_catalogo_prodotti_2013_parquet_laminato\/1?mode=window&amp;backgroundColor=%23222222\" target=\"_blank\" rel=\"noreferrer noopener\">Para consultar el cat\u00e1logo Vepal 2013, v\u00e1lido a partir del 1\/06\/2013, haz clic en el siguiente enlace.<\/a><\/p>\n<\/div>\n<\/div>\n\n\n\n<div class=\"wp-block-group post-categories has-global-padding is-content-justification-left is-layout-constrained wp-container-core-group-is-layout-836d34cb wp-block-group-is-layout-constrained\" style=\"margin-top:var(--wp--preset--spacing--70);font-size:11px\">\n<div class=\"wp-block-group is-content-justification-center is-nowrap is-layout-flex wp-container-core-group-is-layout-60758a6d wp-block-group-is-layout-flex\">\n<p>Revista \/<\/p>\n\n\n<div class=\"taxonomy-category wp-block-post-terms\"><a href=\"https:\/\/berti.net\/es\/magazine\/category\/productos\/\" rel=\"tag\">Productos<\/a><span class=\"wp-block-post-terms__separator\">, <\/span><a href=\"https:\/\/berti.net\/es\/magazine\/category\/proyectos\/\" rel=\"tag\">Proyectos<\/a><\/div><\/div>\n<\/div>\n<\/div>\n\n<p><\/p>\n","protected":false},"excerpt":{"rendered":"<p>Gracias a la renovaci\u00f3n de la gama Vepal, se ampl\u00edan las opciones a disposici\u00f3n de nuestros clientes<\/p>\n","protected":false},"author":9,"featured_media":18112,"comment_status":"closed","ping_status":"closed","sticky":false,"template":"","format":"standard","meta":{"footnotes":""},"categories":[108,142],"tags":[],"class_list":["post-18110","post","type-post","status-publish","format-standard","has-post-thumbnail","hentry","category-productos","category-proyectos"],"_links":{"self":[{"href":"https:\/\/berti.net\/es\/wp-json\/wp\/v2\/posts\/18110","targetHints":{"allow":["GET"]}}],"collection":[{"href":"https:\/\/berti.net\/es\/wp-json\/wp\/v2\/posts"}],"about":[{"href":"https:\/\/berti.net\/es\/wp-json\/wp\/v2\/types\/post"}],"author":[{"embeddable":true,"href":"https:\/\/berti.net\/es\/wp-json\/wp\/v2\/users\/9"}],"replies":[{"embeddable":true,"href":"https:\/\/berti.net\/es\/wp-json\/wp\/v2\/comments?post=18110"}],"version-history":[{"count":2,"href":"https:\/\/berti.net\/es\/wp-json\/wp\/v2\/posts\/18110\/revisions"}],"predecessor-version":[{"id":21233,"href":"https:\/\/berti.net\/es\/wp-json\/wp\/v2\/posts\/18110\/revisions\/21233"}],"wp:featuredmedia":[{"embeddable":true,"href":"https:\/\/berti.net\/es\/wp-json\/wp\/v2\/media\/18112"}],"wp:attachment":[{"href":"https:\/\/berti.net\/es\/wp-json\/wp\/v2\/media?parent=18110"}],"wp:term":[{"taxonomy":"category","embeddable":true,"href":"https:\/\/berti.net\/es\/wp-json\/wp\/v2\/categories?post=18110"},{"taxonomy":"post_tag","embeddable":true,"href":"https:\/\/berti.net\/es\/wp-json\/wp\/v2\/tags?post=18110"}],"curies":[{"name":"wp","href":"https:\/\/api.w.org\/{rel}","templated":true}]}}