{"id":18093,"date":"2013-04-24T12:22:29","date_gmt":"2013-04-24T12:22:29","guid":{"rendered":"https:\/\/www.berti.net\/magazine\/chatcoffee-con-vincenzo-provenzano\/"},"modified":"2025-05-19T09:35:43","modified_gmt":"2025-05-19T09:35:43","slug":"chatcoffee-con-vincenzo-provenzano","status":"publish","type":"post","link":"https:\/\/berti.net\/es\/magazine\/chatcoffee-con-vincenzo-provenzano\/","title":{"rendered":"Chat&amp;Coffee con&#8230; Vincenzo Provenzano"},"content":{"rendered":"\n<div class=\"wp-block-group post-detail-pattern is-container has-base-2-color has-contrast-background-color has-text-color has-background has-link-color wp-elements-3824cc7ff881c0453d59d9c30f768598 has-global-padding is-layout-constrained wp-block-group-is-layout-constrained\" style=\"margin-top:0;margin-bottom:0;padding-top:var(--wp--preset--spacing--70);padding-bottom:var(--wp--preset--spacing--70)\">\n<div class=\"wp-block-columns alignwide is-layout-flex wp-container-core-columns-is-layout-d125203f wp-block-columns-is-layout-flex\" style=\"margin-bottom:var(--wp--preset--spacing--50)\">\n<div class=\"wp-block-column is-vertically-aligned-stretch is-layout-flow wp-block-column-is-layout-flow\" style=\"padding-right:0;flex-basis:50%\">\n<div class=\"wp-block-group is-vertical is-content-justification-stretch is-layout-flex wp-container-core-group-is-layout-e9e70883 wp-block-group-is-layout-flex\" style=\"min-height:100%\">\n<div class=\"wp-block-group post-categories is-nowrap is-layout-flex wp-container-core-group-is-layout-3155b93e wp-block-group-is-layout-flex\" style=\"margin-top:var(--wp--preset--spacing--20);font-size:11px\">\n<p>Revista \/<\/p>\n\n\n<div class=\"taxonomy-category wp-block-post-terms\"><a href=\"https:\/\/berti.net\/es\/magazine\/category\/productos\/\" rel=\"tag\">Productos<\/a><span class=\"wp-block-post-terms__separator\">, <\/span><a href=\"https:\/\/berti.net\/es\/magazine\/category\/proyectos\/\" rel=\"tag\">Proyectos<\/a><\/div><\/div>\n\n\n<div style=\"font-style:normal;font-weight:600;text-transform:uppercase;\" class=\"has-link-color wp-elements-32859cd979b45056895d81c5660c23a0 wp-block-post-date has-text-color has-base-color has-s-font-size\"><time datetime=\"2013-04-24T12:22:29+00:00\">24 April 2013<\/time><\/div>\n\n\n<h1 class=\"wp-block-heading post-title\"><strong>Chat&amp;Coffee<\/strong> con&#8230;<strong>Vincenzo Provenzano<\/strong><\/h1>\n\n\n\n<h2 class=\"wp-block-heading post-subtitle\" style=\"margin-bottom:var(--wp--preset--spacing--20)\"><strong><a href=\"https:\/\/www.berti.net\/es\/\" target=\"_blank\" rel=\"noreferrer noopener\">Berti<\/a> <\/strong>reanuda la columna <a href=\"https:\/\/blog.berti.net\/category\/chat-coffee\" target=\"_blank\" rel=\"noreferrer noopener\"><strong>Chat&amp;Caf\u00e9<\/strong><\/a>para descubrir a un joven talento del mundo del dise\u00f1o que, como nosotros, considera el parqu\u00e9 como uno de los protagonistas en las elecciones de interiorismo. Se trata de <strong>Vincenzo Provenzano<\/strong>, que trabaja en Yeda desde 2010 como Arquitecto Jefe del <a href=\"https:\/\/www.udg.com.sa\/site.htm\" target=\"_blank\" rel=\"noreferrer noopener\">estudio <strong>UDG<\/strong> (Urban Design Group).<\/a> Tras una formaci\u00f3n inicial en oficinas t\u00e9cnicas locales, se especializ\u00f3 en sostenibilidad y arquitectura ecol\u00f3gica. Lleva en Jeddah (KSA) desde 2010. Nos reunimos con \u00e9l para charlar y conocer desde dentro un mercado tan interesante y siempre fuente de nuevos desarrollos y proyectos como Arabia Saud\u00ed.    <\/h2>\n\n\n\n<figure class=\"wp-block-image size-full is-style-default\"><img loading=\"lazy\" decoding=\"async\" width=\"800\" height=\"1208\" src=\"https:\/\/www.berti.net\/wp-content\/uploads\/2013\/04\/Vincenzo-Provenzano2.jpg\" alt=\"\" class=\"wp-image-9393\" srcset=\"https:\/\/berti.net\/wp-content\/uploads\/2013\/04\/Vincenzo-Provenzano2.jpg 800w, https:\/\/berti.net\/wp-content\/uploads\/2013\/04\/Vincenzo-Provenzano2-199x300.jpg 199w, https:\/\/berti.net\/wp-content\/uploads\/2013\/04\/Vincenzo-Provenzano2-678x1024.jpg 678w, https:\/\/berti.net\/wp-content\/uploads\/2013\/04\/Vincenzo-Provenzano2-768x1160.jpg 768w\" sizes=\"auto, (max-width: 800px) 100vw, 800px\" \/><\/figure>\n\n\n\n<p><em><strong>\u00bfQu\u00e9 motiva a un joven arquitecto italiano a trasladarse al extranjero?<\/strong><\/em><\/p>\n\n\n\n<p>Podr\u00eda decir trivialmente que en una \u00e9poca de crisis como la que vivimos actualmente, la principal motivaci\u00f3n para ir al extranjero es simplemente encontrar <strong>trabajo<\/strong>.<\/p>\n\n\n\n<p>En realidad, el problema es mucho m\u00e1s complejo de lo que parece, ya que en Italia los arquitectos de las \u00faltimas generaciones han encontrado en general varios obst\u00e1culos para entrar en el mundo laboral, tanto en el sector privado como en las administraciones locales.<\/p>\n\n\n\n<p>Por lo que respecta concretamente al sector privado, en mi opini\u00f3n en los \u00faltimos a\u00f1os se ha producido en Italia una disminuci\u00f3n progresiva de la autoridad de la figura del arquitecto. A esto hay que a\u00f1adir la consideraci\u00f3n del impresionante declive sufrido por el sector de la construcci\u00f3n, que tambi\u00e9n se ha producido en Europa. <\/p>\n\n\n\n<p>Pero al final, lo que m\u00e1s nos impulsa a dar un giro brusco a nuestras vidas, a menudo cansados de las dificultades que encontramos en nuestra patria, es el deseo de trabajar en una realidad m\u00e1s <strong>din\u00e1mica<\/strong> que la italiana: en mi caso, tengo la oportunidad de realizar proyectos en un pa\u00eds en constante expansi\u00f3n y con una importante disponibilidad econ\u00f3mica como Arabia Saud\u00ed. Lo mismo ocurre, por otra parte, en muchos otros campos. Muchos j\u00f3venes profesionales e investigadores, que en Italia no tienen la oportunidad de establecerse, se van al extranjero, donde consiguen surgir porque les animan situaciones m\u00e1s favorables.  <\/p>\n\n\n\n<p><em><strong>\u00bfQu\u00e9 te parece trabajar en Arabia Saud\u00ed? \u00bfCu\u00e1les son los retos y las oportunidades en este mercado? <\/strong><\/em><\/p>\n\n\n\n<p>Dir\u00eda que puedo considerarme bastante afortunado: tengo la oportunidad de trabajar como Arquitecto Jefe en una realidad joven, profesional y en constante <strong>crecimiento<\/strong>. De hecho, UDG (Urban Design Group) se fund\u00f3 como estudio de <em>dise\u00f1o de interiores<\/em>, pero poco a poco se est\u00e1 estableciendo tambi\u00e9n en el campo de la arquitectura. Mi reto es precisamente el de conquistar cada vez m\u00e1s espacio en este sector proponiendo un dise\u00f1o de calidad que rompa y emerja de la realidad local del dise\u00f1o, que a menudo se queda estancada en conceptos que ya no son tan actuales. Evidentemente, aqu\u00ed tengo a menudo la <strong>oportunidad<\/strong> de encargarme de proyectos bastante importantes: no s\u00f3lo por su tama\u00f1o, que supera con creces nuestros est\u00e1ndares, sino tambi\u00e9n por la calidad de los materiales utilizados y los elementos hechos a medida.  <\/p>\n\n\n\n<p><em><strong>\u00bfQu\u00e9 importancia tiene el Made in Italy y c\u00f3mo se percibe en el extranjero?<\/strong><\/em><\/p>\n\n\n\n<p>Aqu\u00ed en Arabia Saud\u00ed y en Oriente Medio en general, <em>el Made in Italy<\/em> goza de gran <strong>prestigio<\/strong>: los clientes saben que si quieren materiales de calidad, en cuanto a acabados o mobiliario, sin duda deben dirigirse al mercado italiano, que es sin\u00f3nimo indiscutible de <strong>lujo<\/strong>.<\/p>\n\n\n\n<p>Los dise\u00f1adores italianos tambi\u00e9n gozan de cierta <strong>autoridad<\/strong>: esto se debe no s\u00f3lo a la estima en que se tiene a nuestro pa\u00eds aqu\u00ed y en todo el mundo, sino tambi\u00e9n a la formaci\u00f3n que hemos recibido en nuestras universidades, que con demasiada frecuencia despreciamos.<\/p>\n\n\n\n<p><em><strong>\u00bfPuedes hablarnos de uno de tus proyectos en particular?<\/strong><\/em><\/p>\n\n\n\n<p>El proyecto en el que he estado trabajando recientemente, y que est\u00e1 a punto de concluir, es un complejo de cuatro viviendas junto al mar en una zona recientemente ampliada al norte de Yeda.<\/p>\n\n\n\n<p>Se cre\u00f3 como ampliaci\u00f3n de un <strong>complejo de estilo balin\u00e9s<\/strong> de nueva construcci\u00f3n con vistas al Mar Rojo: la petici\u00f3n del cliente era ampliar el complejo creando una secci\u00f3n independiente de cuatro villas para sus hijos.<\/p>\n\n\n\n<p>Como la parcela disponible es estrecha y larga, con el lado corto orientado al mar, el principal problema que se plante\u00f3 fue dotar a todas las viviendas de vistas al mar.<\/p>\n\n\n\n<p>Mi propuesta pretend\u00eda resolver este problema, junto con el deseo de proponer una arquitectura balinesa en clave contempor\u00e1nea, no s\u00f3lo en la forma, sino sobre todo en el fondo. Part\u00ed, por tanto, de aquellos elementos morfol\u00f3gicos que determinan la especificidad de los edificios balineses, sin detenerme necesariamente en los elementos decorativos t\u00edpicos de sus lugares de origen. <\/p>\n\n\n\n<p>As\u00ed, las cuatro viviendas se han integrado en un \u00fanico complejo (basado en un m\u00f3dulo de 1,20\u00d71,20 metros) articulado en distintos vol\u00famenes dispuestos en forma de U en torno a un patio central, abierto s\u00f3lo en direcci\u00f3n al mar. Los elementos b\u00e1sicos est\u00e1n representados por diferentes plataformas situadas en distintos niveles inclinados hacia el mar, de m\u00e1rmol Bianco Inici, que alternan con distintos estanques, partes ajardinadas y una piscina integrada en un p\u00f3rtico en la planta baja. <\/p>\n\n\n\n<p>El conjunto se ha concebido como un juego de <strong>masas y vac\u00edos<\/strong> alternados, tratando de mantener la mayor continuidad posible entre el espacio interior y el exterior: las masas est\u00e1n representadas por paralelep\u00edpedos de piedra sin aberturas en los que se sit\u00faan los ba\u00f1os y otros servicios; los vac\u00edos, en cambio, consisten en grandes ventanas correderas de cristal con marcos de iroko y convenientemente tratadas para filtrar los rayos del sol.<\/p>\n<\/div>\n<\/div>\n\n\n\n<div class=\"wp-block-column is-layout-flow wp-container-core-column-is-layout-22223934 wp-block-column-is-layout-flow\" style=\"flex-basis:50%\">\n<p>Los materiales elegidos son esencialmente tres: piedra, m\u00e1rmol y madera. Se utiliz\u00f3<strong> piedra<\/strong> reci\u00e9n pulida para el revestimiento de las fachadas y algunas salas interiores. <strong>El m\u00e1rmol<\/strong> (de tama\u00f1o 60\u00d7120 cm y 120\u00d7120 cm, con acabado de acero satinado) se utiliz\u00f3 para la mayor\u00eda de los revestimientos interiores y exteriores del suelo. <strong>La madera<\/strong>, en cambio, se utiliz\u00f3 para algunos revestimientos interiores y exteriores y para los suelos de las habitaciones. El <strong>parquet<\/strong> utilizado es de roble moka, fabricado por <strong><a href=\"https:\/\/www.berti.net\/es\/\" target=\"_blank\" rel=\"noreferrer noopener\">Berti<\/a><\/strong> espec\u00edficamente para este proyecto: necesitaba una madera oscura que tuviera el mismo tono que los marcos de las ventanas y las vigas vistas, pero que al mismo tiempo fuera resistente a la humedad para que tambi\u00e9n pudiera utilizarse en los cuartos de ba\u00f1o, que en muchos casos dan a los respectivos dormitorios. Berti era la mejor respuesta a esta necesidad. Se trata de un <strong><a href=\"https:\/\/www.berti.net\/collezioni\/berti\/parquet-prefiniti-antico\" target=\"_blank\" rel=\"noreferrer noopener\">roble termoendurecido<\/a><\/strong>que ha sido sometido a un sofisticado proceso destinado a aumentar la cohesi\u00f3n y la compacidad de las fibras, al tiempo que proporciona excelentes propiedades mec\u00e1nicas y resistencia. El proceso de termotratamiento confiere a la madera un color uniforme y m\u00e1s oscuro: ajustando el tiempo y la temperatura, fue posible conseguir el tono adecuado para la habitaci\u00f3n.       <\/p>\n\n\n\n<figure class=\"wp-block-image size-full is-style-default\"><img loading=\"lazy\" decoding=\"async\" width=\"800\" height=\"526\" src=\"https:\/\/www.berti.net\/wp-content\/uploads\/2013\/04\/rendering-villa-jeddah-UDG-Berti-parquet_1.jpg\" alt=\"\" class=\"wp-image-9396\" srcset=\"https:\/\/berti.net\/wp-content\/uploads\/2013\/04\/rendering-villa-jeddah-UDG-Berti-parquet_1.jpg 800w, https:\/\/berti.net\/wp-content\/uploads\/2013\/04\/rendering-villa-jeddah-UDG-Berti-parquet_1-300x197.jpg 300w, https:\/\/berti.net\/wp-content\/uploads\/2013\/04\/rendering-villa-jeddah-UDG-Berti-parquet_1-768x505.jpg 768w\" sizes=\"auto, (max-width: 800px) 100vw, 800px\" \/><\/figure>\n\n\n\n<figure class=\"wp-block-image size-full is-style-default\"><img loading=\"lazy\" decoding=\"async\" width=\"800\" height=\"526\" src=\"https:\/\/www.berti.net\/wp-content\/uploads\/2013\/04\/rendering-villa-jeddah-UDG-Berti-parquet_2.jpg\" alt=\"\" class=\"wp-image-9399\" srcset=\"https:\/\/berti.net\/wp-content\/uploads\/2013\/04\/rendering-villa-jeddah-UDG-Berti-parquet_2.jpg 800w, https:\/\/berti.net\/wp-content\/uploads\/2013\/04\/rendering-villa-jeddah-UDG-Berti-parquet_2-300x197.jpg 300w, https:\/\/berti.net\/wp-content\/uploads\/2013\/04\/rendering-villa-jeddah-UDG-Berti-parquet_2-768x505.jpg 768w\" sizes=\"auto, (max-width: 800px) 100vw, 800px\" \/><\/figure>\n\n\n\n<figure class=\"wp-block-image size-full is-style-default\"><img loading=\"lazy\" decoding=\"async\" width=\"800\" height=\"526\" src=\"https:\/\/www.berti.net\/wp-content\/uploads\/2013\/04\/rendering-villa-jeddah-UDG-Berti-parquet_3.jpg\" alt=\"\" class=\"wp-image-9402\" srcset=\"https:\/\/berti.net\/wp-content\/uploads\/2013\/04\/rendering-villa-jeddah-UDG-Berti-parquet_3.jpg 800w, https:\/\/berti.net\/wp-content\/uploads\/2013\/04\/rendering-villa-jeddah-UDG-Berti-parquet_3-300x197.jpg 300w, https:\/\/berti.net\/wp-content\/uploads\/2013\/04\/rendering-villa-jeddah-UDG-Berti-parquet_3-768x505.jpg 768w\" sizes=\"auto, (max-width: 800px) 100vw, 800px\" \/><\/figure>\n\n\n\n<figure class=\"wp-block-image size-full is-style-default\"><img loading=\"lazy\" decoding=\"async\" width=\"800\" height=\"526\" src=\"https:\/\/www.berti.net\/wp-content\/uploads\/2013\/04\/rendering-villa-jeddah-UDG-Berti-parquet_4.jpg\" alt=\"\" class=\"wp-image-9405\" srcset=\"https:\/\/berti.net\/wp-content\/uploads\/2013\/04\/rendering-villa-jeddah-UDG-Berti-parquet_4.jpg 800w, https:\/\/berti.net\/wp-content\/uploads\/2013\/04\/rendering-villa-jeddah-UDG-Berti-parquet_4-300x197.jpg 300w, https:\/\/berti.net\/wp-content\/uploads\/2013\/04\/rendering-villa-jeddah-UDG-Berti-parquet_4-768x505.jpg 768w\" sizes=\"auto, (max-width: 800px) 100vw, 800px\" \/><\/figure>\n\n\n\n<figure class=\"wp-block-image size-full is-style-default\"><img loading=\"lazy\" decoding=\"async\" width=\"800\" height=\"526\" src=\"https:\/\/www.berti.net\/wp-content\/uploads\/2013\/04\/rendering-villa-jeddah-UDG-Berti-parquet_5.jpg\" alt=\"\" class=\"wp-image-9408\" srcset=\"https:\/\/berti.net\/wp-content\/uploads\/2013\/04\/rendering-villa-jeddah-UDG-Berti-parquet_5.jpg 800w, https:\/\/berti.net\/wp-content\/uploads\/2013\/04\/rendering-villa-jeddah-UDG-Berti-parquet_5-300x197.jpg 300w, https:\/\/berti.net\/wp-content\/uploads\/2013\/04\/rendering-villa-jeddah-UDG-Berti-parquet_5-768x505.jpg 768w\" sizes=\"auto, (max-width: 800px) 100vw, 800px\" \/><\/figure>\n<\/div>\n<\/div>\n\n\n\n<div class=\"wp-block-group post-categories has-global-padding is-content-justification-left is-layout-constrained wp-container-core-group-is-layout-836d34cb wp-block-group-is-layout-constrained\" style=\"margin-top:var(--wp--preset--spacing--70);font-size:11px\">\n<div class=\"wp-block-group is-content-justification-center is-nowrap is-layout-flex wp-container-core-group-is-layout-60758a6d wp-block-group-is-layout-flex\">\n<p>Revista \/<\/p>\n\n\n<div class=\"taxonomy-category wp-block-post-terms\"><a href=\"https:\/\/berti.net\/es\/magazine\/category\/productos\/\" rel=\"tag\">Productos<\/a><span class=\"wp-block-post-terms__separator\">, <\/span><a href=\"https:\/\/berti.net\/es\/magazine\/category\/proyectos\/\" rel=\"tag\">Proyectos<\/a><\/div><\/div>\n<\/div>\n<\/div>\n\n<p><\/p>\n","protected":false},"excerpt":{"rendered":"<p>Berti retoma la columna Chat&amp;Coffee para descubrir a un joven talento del mundo del dise\u00f1o: Vincenzo Provenzano.<\/p>\n","protected":false},"author":9,"featured_media":18095,"comment_status":"closed","ping_status":"closed","sticky":false,"template":"","format":"standard","meta":{"footnotes":""},"categories":[108,142],"tags":[],"class_list":["post-18093","post","type-post","status-publish","format-standard","has-post-thumbnail","hentry","category-productos","category-proyectos"],"_links":{"self":[{"href":"https:\/\/berti.net\/es\/wp-json\/wp\/v2\/posts\/18093","targetHints":{"allow":["GET"]}}],"collection":[{"href":"https:\/\/berti.net\/es\/wp-json\/wp\/v2\/posts"}],"about":[{"href":"https:\/\/berti.net\/es\/wp-json\/wp\/v2\/types\/post"}],"author":[{"embeddable":true,"href":"https:\/\/berti.net\/es\/wp-json\/wp\/v2\/users\/9"}],"replies":[{"embeddable":true,"href":"https:\/\/berti.net\/es\/wp-json\/wp\/v2\/comments?post=18093"}],"version-history":[{"count":2,"href":"https:\/\/berti.net\/es\/wp-json\/wp\/v2\/posts\/18093\/revisions"}],"predecessor-version":[{"id":21225,"href":"https:\/\/berti.net\/es\/wp-json\/wp\/v2\/posts\/18093\/revisions\/21225"}],"wp:featuredmedia":[{"embeddable":true,"href":"https:\/\/berti.net\/es\/wp-json\/wp\/v2\/media\/18095"}],"wp:attachment":[{"href":"https:\/\/berti.net\/es\/wp-json\/wp\/v2\/media?parent=18093"}],"wp:term":[{"taxonomy":"category","embeddable":true,"href":"https:\/\/berti.net\/es\/wp-json\/wp\/v2\/categories?post=18093"},{"taxonomy":"post_tag","embeddable":true,"href":"https:\/\/berti.net\/es\/wp-json\/wp\/v2\/tags?post=18093"}],"curies":[{"name":"wp","href":"https:\/\/api.w.org\/{rel}","templated":true}]}}