{"id":18061,"date":"2012-11-20T08:25:37","date_gmt":"2012-11-20T08:25:37","guid":{"rendered":"https:\/\/www.berti.net\/magazine\/los-parquets-berti-entran-en-el-florian\/"},"modified":"2025-05-19T09:35:29","modified_gmt":"2025-05-19T09:35:29","slug":"los-parquets-berti-entran-en-el-florian","status":"publish","type":"post","link":"https:\/\/berti.net\/es\/magazine\/los-parquets-berti-entran-en-el-florian\/","title":{"rendered":"Los parquets Berti entran en El Flori\u00e1n"},"content":{"rendered":"\n<div class=\"wp-block-group post-detail-pattern is-container has-base-2-color has-contrast-background-color has-text-color has-background has-link-color wp-elements-124ac0333402c774a39bf37e9cd45357 has-global-padding is-layout-constrained wp-block-group-is-layout-constrained\" style=\"margin-top:0;margin-bottom:0;padding-top:var(--wp--preset--spacing--70);padding-bottom:var(--wp--preset--spacing--70)\">\n<div class=\"wp-block-columns alignwide is-layout-flex wp-container-core-columns-is-layout-d125203f wp-block-columns-is-layout-flex\" style=\"margin-bottom:var(--wp--preset--spacing--50)\">\n<div class=\"wp-block-column is-vertically-aligned-stretch is-layout-flow wp-block-column-is-layout-flow\" style=\"padding-right:0;flex-basis:50%\">\n<div class=\"wp-block-group is-vertical is-content-justification-stretch is-layout-flex wp-container-core-group-is-layout-e9e70883 wp-block-group-is-layout-flex\" style=\"min-height:100%\">\n<div class=\"wp-block-group post-categories is-nowrap is-layout-flex wp-container-core-group-is-layout-3155b93e wp-block-group-is-layout-flex\" style=\"margin-top:var(--wp--preset--spacing--20);font-size:11px\">\n<p>Revista \/<\/p>\n\n\n<div class=\"taxonomy-category wp-block-post-terms\"><a href=\"https:\/\/berti.net\/es\/magazine\/category\/productos\/\" rel=\"tag\">Productos<\/a><span class=\"wp-block-post-terms__separator\">, <\/span><a href=\"https:\/\/berti.net\/es\/magazine\/category\/proyectos\/\" rel=\"tag\">Proyectos<\/a><\/div><\/div>\n\n\n<div style=\"font-style:normal;font-weight:600;text-transform:uppercase;\" class=\"has-link-color wp-elements-32859cd979b45056895d81c5660c23a0 wp-block-post-date has-text-color has-base-color has-s-font-size\"><time datetime=\"2012-11-20T08:25:37+00:00\">20 November 2012<\/time><\/div>\n\n\n<h1 class=\"wp-block-heading post-title\">Los parquets Berti entran en <strong>El Flori\u00e1n<\/strong><\/h1>\n\n\n\n<h2 class=\"wp-block-heading post-subtitle\" style=\"margin-bottom:var(--wp--preset--spacing--20)\">Las se\u00f1as de identidad de este ambicioso proyecto al que <a href=\"https:\/\/www.berti.net\/es\/\" target=\"_blank\" rel=\"noreferrer noopener\"><strong>Berti<\/strong><\/a> son un dise\u00f1o vanguardista y una ubicaci\u00f3n privilegiada <strong>en<\/strong> Toronto: est\u00e1 situado en el 76 de Davenport Rd, en Toronto, y fue realizado por <strong>Diamante Development Corporation.<\/strong><a href=\"https:\/\/www.theflorian.com\/\" target=\"_blank\" rel=\"noreferrer noopener\"><strong>El Florian<\/strong><\/a> es, de hecho, una <strong>opci\u00f3n de lujo<\/strong> para quienes necesiten alojarse en la ciudad canadiense con un servicio de <strong>excelencia<\/strong> y <strong>exclusividad<\/strong>. Est\u00e1 situado cerca de zonas verdes y a pocos minutos de los lugares de inter\u00e9s de la ciudad. El complejo tiene<strong> 22 plantas<\/strong> con un total de <strong>90 pisos<\/strong>.  <\/h2>\n\n\n\n<figure class=\"wp-block-image size-full is-style-default\"><img loading=\"lazy\" decoding=\"async\" width=\"1229\" height=\"533\" src=\"https:\/\/www.berti.net\/wp-content\/uploads\/2012\/11\/Florian-rendering_1.jpg\" alt=\"\" class=\"wp-image-10017\" srcset=\"https:\/\/berti.net\/wp-content\/uploads\/2012\/11\/Florian-rendering_1.jpg 1229w, https:\/\/berti.net\/wp-content\/uploads\/2012\/11\/Florian-rendering_1-812x352.jpg 812w, https:\/\/berti.net\/wp-content\/uploads\/2012\/11\/Florian-rendering_1-768x333.jpg 768w\" sizes=\"auto, (max-width: 1229px) 100vw, 1229px\" \/><\/figure>\n\n\n\n<figure class=\"wp-block-image size-full is-style-default\"><img loading=\"lazy\" decoding=\"async\" width=\"800\" height=\"533\" src=\"https:\/\/www.berti.net\/wp-content\/uploads\/2012\/11\/Matteo-Berti-Paolo-Palamara-Andrea-Berti.jpg\" alt=\"\" class=\"wp-image-10020\" srcset=\"https:\/\/berti.net\/wp-content\/uploads\/2012\/11\/Matteo-Berti-Paolo-Palamara-Andrea-Berti.jpg 800w, https:\/\/berti.net\/wp-content\/uploads\/2012\/11\/Matteo-Berti-Paolo-Palamara-Andrea-Berti-768x512.jpg 768w\" sizes=\"auto, (max-width: 800px) 100vw, 800px\" \/><\/figure>\n\n\n\n<p class=\"has-xxs-font-size\">Matteo Berti, Paolo Palamara, Andrea Berti<\/p>\n\n\n\n<figure class=\"wp-block-image size-full is-style-default\"><img loading=\"lazy\" decoding=\"async\" width=\"800\" height=\"1206\" src=\"https:\/\/www.berti.net\/wp-content\/uploads\/2012\/11\/Berti-parquet-the-florian_6.jpg\" alt=\"\" class=\"wp-image-10023\" srcset=\"https:\/\/berti.net\/wp-content\/uploads\/2012\/11\/Berti-parquet-the-florian_6.jpg 800w, https:\/\/berti.net\/wp-content\/uploads\/2012\/11\/Berti-parquet-the-florian_6-539x812.jpg 539w, https:\/\/berti.net\/wp-content\/uploads\/2012\/11\/Berti-parquet-the-florian_6-768x1158.jpg 768w\" sizes=\"auto, (max-width: 800px) 100vw, 800px\" \/><\/figure>\n\n\n\n<p>El edificio fue dise\u00f1ado por el <strong>estudio de arquitectura canadiense Young + Wright<\/strong> \/ <strong>IBI Group Architects<\/strong>, que re\u00fane a un colectivo de dise\u00f1adores, gestores e ingenieros que trabajan juntos para crear espacios acogedores para las personas, en los que los materiales se eligen para dar sentido y habitabilidad a los espacios. Los acabados interiores han sido cuidadosamente estudiados y seleccionados para representar ideas nuevas y futuristas. En este sentido, la decisi\u00f3n de utilizar el parquet preacabado Berti debe considerarse un homenaje a la b\u00fasqueda constante de la calidad intr\u00ednseca a los productos fabricados \u00edntegramente en Italia.  <\/p>\n\n\n\n<p>Aqu\u00ed tienes algunas instant\u00e1neas del &#8221;piso t\u00edpico&#8221;, que satisfar\u00e1 tanto los gustos de los hu\u00e9spedes m\u00e1s tradicionalistas como los de los m\u00e1s cercanos a una est\u00e9tica moderna. En cada suite, la luz es la protagonista, gracias a los grandes ventanales y los techos altos: los hu\u00e9spedes pueden beneficiarse de un ambiente en el que se mezclan h\u00e1bilmente la ligereza y la sofisticaci\u00f3n. <\/p>\n\n\n\n<figure class=\"wp-block-image size-full is-style-default\"><img loading=\"lazy\" decoding=\"async\" width=\"800\" height=\"533\" src=\"https:\/\/www.berti.net\/wp-content\/uploads\/2012\/11\/Berti-parquet-the-florian_4.jpg\" alt=\"\" class=\"wp-image-10026\" srcset=\"https:\/\/berti.net\/wp-content\/uploads\/2012\/11\/Berti-parquet-the-florian_4.jpg 800w, https:\/\/berti.net\/wp-content\/uploads\/2012\/11\/Berti-parquet-the-florian_4-768x512.jpg 768w\" sizes=\"auto, (max-width: 800px) 100vw, 800px\" \/><\/figure>\n\n\n\n<p><strong>Berti <\/strong>suministr\u00f3 unos<strong> 2.000 metros cuadrados de parquet preacabado<\/strong> en lamas de tres y dos capas, en diferentes maderas y acabados, entre ellos: <a href=\"https:\/\/www.berti.net\/pavimenti-in-legno-parquet_it_0_1_1161.html\" target=\"_blank\" rel=\"noreferrer noopener\">Berti<\/a> Antico Rovere y Cabreuva, Berti Lux Iroko y <a href=\"https:\/\/www.berti.net\/pavimenti-in-legno-parquet_it_0_2_1162.html\" target=\"_blank\" rel=\"noreferrer noopener\">BertiStudio<\/a> Avantgarde Metal Antracita.<\/p>\n\n\n\n<p>Todos los acabados y molduras han sido cuidadosamente seleccionados para contar con materiales de la m\u00e1s alta calidad. Una combinaci\u00f3n de espacio abierto y confort creada y dise\u00f1ada para una experiencia vital sin igual. <\/p>\n\n\n\n<figure class=\"wp-block-image size-full is-style-default\"><img loading=\"lazy\" decoding=\"async\" width=\"737\" height=\"533\" src=\"https:\/\/www.berti.net\/wp-content\/uploads\/2012\/11\/Berti-parquet-the-florian_101.jpg\" alt=\"\" class=\"wp-image-10029\"\/><\/figure>\n<\/div>\n<\/div>\n\n\n\n<div class=\"wp-block-column is-layout-flow wp-container-core-column-is-layout-22223934 wp-block-column-is-layout-flow\" style=\"flex-basis:50%\">\n<figure class=\"wp-block-image size-full is-style-default\"><img loading=\"lazy\" decoding=\"async\" width=\"800\" height=\"1206\" src=\"https:\/\/www.berti.net\/wp-content\/uploads\/2012\/11\/Berti-parquet-the-florian_7.jpg\" alt=\"\" class=\"wp-image-10032\" srcset=\"https:\/\/berti.net\/wp-content\/uploads\/2012\/11\/Berti-parquet-the-florian_7.jpg 800w, https:\/\/berti.net\/wp-content\/uploads\/2012\/11\/Berti-parquet-the-florian_7-539x812.jpg 539w, https:\/\/berti.net\/wp-content\/uploads\/2012\/11\/Berti-parquet-the-florian_7-768x1158.jpg 768w\" sizes=\"auto, (max-width: 800px) 100vw, 800px\" \/><\/figure>\n\n\n\n<figure class=\"wp-block-image size-full is-style-default\"><img loading=\"lazy\" decoding=\"async\" width=\"800\" height=\"1206\" src=\"https:\/\/www.berti.net\/wp-content\/uploads\/2012\/11\/Berti-parquet-the-florian_9.jpg\" alt=\"\" class=\"wp-image-10035\" srcset=\"https:\/\/berti.net\/wp-content\/uploads\/2012\/11\/Berti-parquet-the-florian_9.jpg 800w, https:\/\/berti.net\/wp-content\/uploads\/2012\/11\/Berti-parquet-the-florian_9-539x812.jpg 539w, https:\/\/berti.net\/wp-content\/uploads\/2012\/11\/Berti-parquet-the-florian_9-768x1158.jpg 768w\" sizes=\"auto, (max-width: 800px) 100vw, 800px\" \/><\/figure>\n\n\n\n<figure class=\"wp-block-image size-full is-style-default\"><img loading=\"lazy\" decoding=\"async\" width=\"737\" height=\"533\" src=\"https:\/\/www.berti.net\/wp-content\/uploads\/2012\/11\/Berti-parquet-the-florian_11.jpg\" alt=\"\" class=\"wp-image-10038\"\/><\/figure>\n\n\n\n<figure class=\"wp-block-image size-full is-style-default\"><img loading=\"lazy\" decoding=\"async\" width=\"800\" height=\"533\" src=\"https:\/\/www.berti.net\/wp-content\/uploads\/2012\/11\/Berti-parquet-the-florian_3.jpg\" alt=\"\" class=\"wp-image-10041\" srcset=\"https:\/\/berti.net\/wp-content\/uploads\/2012\/11\/Berti-parquet-the-florian_3.jpg 800w, https:\/\/berti.net\/wp-content\/uploads\/2012\/11\/Berti-parquet-the-florian_3-768x512.jpg 768w\" sizes=\"auto, (max-width: 800px) 100vw, 800px\" \/><\/figure>\n\n\n\n<figure class=\"wp-block-image size-full is-style-default\"><img loading=\"lazy\" decoding=\"async\" width=\"1177\" height=\"533\" src=\"https:\/\/www.berti.net\/wp-content\/uploads\/2012\/11\/Berti-parquet-the-florian_1.jpg\" alt=\"\" class=\"wp-image-10044\" srcset=\"https:\/\/berti.net\/wp-content\/uploads\/2012\/11\/Berti-parquet-the-florian_1.jpg 1177w, https:\/\/berti.net\/wp-content\/uploads\/2012\/11\/Berti-parquet-the-florian_1-812x368.jpg 812w, https:\/\/berti.net\/wp-content\/uploads\/2012\/11\/Berti-parquet-the-florian_1-768x348.jpg 768w\" sizes=\"auto, (max-width: 1177px) 100vw, 1177px\" \/><\/figure>\n<\/div>\n<\/div>\n\n\n\n<div class=\"wp-block-group post-categories has-global-padding is-content-justification-left is-layout-constrained wp-container-core-group-is-layout-836d34cb wp-block-group-is-layout-constrained\" style=\"margin-top:var(--wp--preset--spacing--70);font-size:11px\">\n<div class=\"wp-block-group is-content-justification-center is-nowrap is-layout-flex wp-container-core-group-is-layout-60758a6d wp-block-group-is-layout-flex\">\n<p>Revista \/<\/p>\n\n\n<div class=\"taxonomy-category wp-block-post-terms\"><a href=\"https:\/\/berti.net\/es\/magazine\/category\/productos\/\" rel=\"tag\">Productos<\/a><span class=\"wp-block-post-terms__separator\">, <\/span><a href=\"https:\/\/berti.net\/es\/magazine\/category\/proyectos\/\" rel=\"tag\">Proyectos<\/a><\/div><\/div>\n<\/div>\n<\/div>\n\n<p><\/p>\n","protected":false},"excerpt":{"rendered":"<p>El Florian: Las se\u00f1as de identidad de este ambicioso proyecto en el que particip\u00f3 Berti son un dise\u00f1o vanguardista y una ubicaci\u00f3n de primera clase en Toronto<\/p>\n","protected":false},"author":9,"featured_media":18062,"comment_status":"closed","ping_status":"closed","sticky":false,"template":"","format":"standard","meta":{"footnotes":""},"categories":[108,142],"tags":[],"class_list":["post-18061","post","type-post","status-publish","format-standard","has-post-thumbnail","hentry","category-productos","category-proyectos"],"_links":{"self":[{"href":"https:\/\/berti.net\/es\/wp-json\/wp\/v2\/posts\/18061","targetHints":{"allow":["GET"]}}],"collection":[{"href":"https:\/\/berti.net\/es\/wp-json\/wp\/v2\/posts"}],"about":[{"href":"https:\/\/berti.net\/es\/wp-json\/wp\/v2\/types\/post"}],"author":[{"embeddable":true,"href":"https:\/\/berti.net\/es\/wp-json\/wp\/v2\/users\/9"}],"replies":[{"embeddable":true,"href":"https:\/\/berti.net\/es\/wp-json\/wp\/v2\/comments?post=18061"}],"version-history":[{"count":2,"href":"https:\/\/berti.net\/es\/wp-json\/wp\/v2\/posts\/18061\/revisions"}],"predecessor-version":[{"id":21210,"href":"https:\/\/berti.net\/es\/wp-json\/wp\/v2\/posts\/18061\/revisions\/21210"}],"wp:featuredmedia":[{"embeddable":true,"href":"https:\/\/berti.net\/es\/wp-json\/wp\/v2\/media\/18062"}],"wp:attachment":[{"href":"https:\/\/berti.net\/es\/wp-json\/wp\/v2\/media?parent=18061"}],"wp:term":[{"taxonomy":"category","embeddable":true,"href":"https:\/\/berti.net\/es\/wp-json\/wp\/v2\/categories?post=18061"},{"taxonomy":"post_tag","embeddable":true,"href":"https:\/\/berti.net\/es\/wp-json\/wp\/v2\/tags?post=18061"}],"curies":[{"name":"wp","href":"https:\/\/api.w.org\/{rel}","templated":true}]}}