{"id":18047,"date":"2013-03-20T14:18:36","date_gmt":"2013-03-20T14:18:36","guid":{"rendered":"https:\/\/www.berti.net\/magazine\/parquet-berti-el-bienestar-a-tus-pies\/"},"modified":"2025-05-19T09:35:29","modified_gmt":"2025-05-19T09:35:29","slug":"parquet-berti-el-bienestar-a-tus-pies","status":"publish","type":"post","link":"https:\/\/berti.net\/es\/magazine\/parquet-berti-el-bienestar-a-tus-pies\/","title":{"rendered":"Parquet Berti: el bienestar a tus pies"},"content":{"rendered":"\n<div class=\"wp-block-group post-detail-pattern is-container has-base-2-color has-contrast-background-color has-text-color has-background has-link-color wp-elements-6a0a9361e5a4b0c50a0fb59121c94fee has-global-padding is-layout-constrained wp-block-group-is-layout-constrained\" style=\"margin-top:0;margin-bottom:0;padding-top:var(--wp--preset--spacing--70);padding-bottom:var(--wp--preset--spacing--70)\">\n<div class=\"wp-block-columns alignwide is-layout-flex wp-container-core-columns-is-layout-d125203f wp-block-columns-is-layout-flex\" style=\"margin-bottom:var(--wp--preset--spacing--50)\">\n<div class=\"wp-block-column is-vertically-aligned-stretch is-layout-flow wp-block-column-is-layout-flow\" style=\"padding-right:0;flex-basis:50%\">\n<div class=\"wp-block-group is-vertical is-content-justification-stretch is-layout-flex wp-container-core-group-is-layout-e9e70883 wp-block-group-is-layout-flex\" style=\"min-height:100%\">\n<div class=\"wp-block-group post-categories is-nowrap is-layout-flex wp-container-core-group-is-layout-3155b93e wp-block-group-is-layout-flex\" style=\"margin-top:var(--wp--preset--spacing--20);font-size:11px\">\n<p>Revista \/<\/p>\n\n\n<div class=\"taxonomy-category wp-block-post-terms\"><a href=\"https:\/\/berti.net\/es\/magazine\/category\/productos\/\" rel=\"tag\">Productos<\/a><span class=\"wp-block-post-terms__separator\">, <\/span><a href=\"https:\/\/berti.net\/es\/magazine\/category\/proyectos\/\" rel=\"tag\">Proyectos<\/a><\/div><\/div>\n\n\n<div style=\"font-style:normal;font-weight:600;text-transform:uppercase;\" class=\"has-link-color wp-elements-32859cd979b45056895d81c5660c23a0 wp-block-post-date has-text-color has-base-color has-s-font-size\"><time datetime=\"2013-03-20T14:18:36+00:00\">20 March 2013<\/time><\/div>\n\n\n<h1 class=\"wp-block-heading post-title\"><strong>Parquet Berti<\/strong>: el bienestar a tus pies<\/h1>\n\n\n\n<h2 class=\"wp-block-heading post-subtitle\" style=\"margin-bottom:var(--wp--preset--spacing--20)\">La tradici\u00f3n del <strong><a href=\"https:\/\/www.berti.net\/collezioni\" target=\"_blank\" rel=\"noreferrer noopener\">parqu\u00e9<\/a><\/strong> es antigua y goza de prestigio desde hace siglos como elecci\u00f3n para amueblar y habitar el hogar o los espacios p\u00fablicos.<\/h2>\n\n\n\n<figure class=\"wp-block-image size-full is-style-default\"><img loading=\"lazy\" decoding=\"async\" width=\"550\" height=\"366\" src=\"https:\/\/www.berti.net\/wp-content\/uploads\/2013\/03\/Berti-pavimenti-legno-palladio-prestigio.jpg\" alt=\"\" class=\"wp-image-9460\" srcset=\"https:\/\/berti.net\/wp-content\/uploads\/2013\/03\/Berti-pavimenti-legno-palladio-prestigio.jpg 550w, https:\/\/berti.net\/wp-content\/uploads\/2013\/03\/Berti-pavimenti-legno-palladio-prestigio-300x200.jpg 300w\" sizes=\"auto, (max-width: 550px) 100vw, 550px\" \/><\/figure>\n\n\n\n<p>La madera es un <strong>material vivo<\/strong> que siempre ha tenido la capacidad de transmitir una sensaci\u00f3n inmediata de calidez y acogimiento, caracterizando cualquier estancia o ambiente. Para quienes desean la tradici\u00f3n que se expresa a trav\u00e9s de la <strong>calidez<\/strong> y el prestigio de las vetas de madera. No siempre es f\u00e1cil elegir el tipo de parquet y la especie de madera que mejor se adapta a las necesidades de cada uno, dada la cantidad de variables y requisitos que influyen en dicha elecci\u00f3n. Porque el suelo de madera ser\u00e1 la superficie que pisaremos en los a\u00f1os venideros, por donde se mover\u00e1 nuestra vida. Los dise\u00f1adores, proyectistas y especialistas del sector dedican tiempo a la investigaci\u00f3n y los estudios para hacer evolucionar este material, sobre todo en lo que respecta al medio ambiente y el respeto a la naturaleza.    <\/p>\n\n\n\n<figure class=\"wp-block-image size-full is-style-default\"><img loading=\"lazy\" decoding=\"async\" width=\"550\" height=\"733\" src=\"https:\/\/www.berti.net\/wp-content\/uploads\/2013\/03\/Berti-pavimenti-legno-materiale-vivo1.jpg\" alt=\"\" class=\"wp-image-9463\" srcset=\"https:\/\/berti.net\/wp-content\/uploads\/2013\/03\/Berti-pavimenti-legno-materiale-vivo1.jpg 550w, https:\/\/berti.net\/wp-content\/uploads\/2013\/03\/Berti-pavimenti-legno-materiale-vivo1-225x300.jpg 225w\" sizes=\"auto, (max-width: 550px) 100vw, 550px\" \/><\/figure>\n\n\n\n<figure class=\"wp-block-image size-full is-style-default\"><img loading=\"lazy\" decoding=\"async\" width=\"550\" height=\"536\" src=\"https:\/\/www.berti.net\/wp-content\/uploads\/2013\/03\/Berti-parquet-prefinito-calore1.jpg\" alt=\"\" class=\"wp-image-9466\" srcset=\"https:\/\/berti.net\/wp-content\/uploads\/2013\/03\/Berti-parquet-prefinito-calore1.jpg 550w, https:\/\/berti.net\/wp-content\/uploads\/2013\/03\/Berti-parquet-prefinito-calore1-300x292.jpg 300w\" sizes=\"auto, (max-width: 550px) 100vw, 550px\" \/><\/figure>\n\n\n\n<p>Aunque en la actualidad florecen continuamente alternativas a la madera &#8221;cl\u00e1sica&#8221;, como materiales pl\u00e1sticos y sint\u00e9ticos y baldosas que reproducen el efecto &#8221;madera&#8221;, el parquet no agota su atractivo natural <strong>y revive y se<\/strong> adapta tanto a propuestas modernas como m\u00e1s cl\u00e1sicas, consiguiendo en cada caso realzar sus cualidades est\u00e9ticas.<\/p>\n\n\n\n<figure class=\"wp-block-image size-full is-style-default\"><img loading=\"lazy\" decoding=\"async\" width=\"550\" height=\"383\" src=\"https:\/\/www.berti.net\/wp-content\/uploads\/2013\/03\/parquet-tradizionale-moderno1.jpg\" alt=\"\" class=\"wp-image-9469\" srcset=\"https:\/\/berti.net\/wp-content\/uploads\/2013\/03\/parquet-tradizionale-moderno1.jpg 550w, https:\/\/berti.net\/wp-content\/uploads\/2013\/03\/parquet-tradizionale-moderno1-300x209.jpg 300w\" sizes=\"auto, (max-width: 550px) 100vw, 550px\" \/><\/figure>\n<\/div>\n<\/div>\n\n\n\n<div class=\"wp-block-column is-layout-flow wp-container-core-column-is-layout-22223934 wp-block-column-is-layout-flow\" style=\"flex-basis:50%\">\n<p>Una tendencia que se est\u00e1 imponiendo desde hace unos a\u00f1os se refiere tambi\u00e9n al <a href=\"https:\/\/www.berti.net\/collezioni\/berti\/parquet-prefiniti-antico\" target=\"_blank\" rel=\"noreferrer noopener\"><strong>tama\u00f1o<\/strong><\/a> de las tablas y tablones, que se prefieren en formatos grandes para dar respiraci\u00f3n y profundidad de visi\u00f3n incluso en estancias poco ventiladas.<\/p>\n\n\n\n<figure class=\"wp-block-image size-full is-style-default\"><img loading=\"lazy\" decoding=\"async\" width=\"550\" height=\"366\" src=\"https:\/\/www.berti.net\/wp-content\/uploads\/2013\/03\/Berti-parquet-tavole-grandi-dimensioni.jpg\" alt=\"\" class=\"wp-image-9473\" srcset=\"https:\/\/berti.net\/wp-content\/uploads\/2013\/03\/Berti-parquet-tavole-grandi-dimensioni.jpg 550w, https:\/\/berti.net\/wp-content\/uploads\/2013\/03\/Berti-parquet-tavole-grandi-dimensioni-300x200.jpg 300w\" sizes=\"auto, (max-width: 550px) 100vw, 550px\" \/><\/figure>\n\n\n\n<p>Elegir el parquet como material para el suelo es una elecci\u00f3n de elegancia, y es f\u00e1cil de mantener y limpiar adecuadamente (como puedes ver en nuestras <a href=\"https:\/\/www.berti.net\/faq\/faq\/manutenzione\" target=\"_blank\" rel=\"noreferrer noopener\">Preguntas frecuentes sobre el mantenimiento de<\/a> Berti).<br\/>El parquet es, por tanto, sin\u00f3nimo de belleza y <strong>bienestar<\/strong>: siempre es c\u00e1lido al tacto, c\u00f3modo para caminar, fonoabsorbente y, por tanto, amortigua el ruido, mejora la eficiencia t\u00e9rmica a la vez que regula la humedad del aire y, por \u00faltimo, evita la acumulaci\u00f3n de cargas electrost\u00e1ticas.<br\/>Vivir bien es un arte, que como tal requiere cierto compromiso: empieza con buen pie eligiendo los suelos de madera preacabados de <a href=\"https:\/\/www.berti.net\/es\/\" target=\"_blank\" rel=\"noreferrer noopener\">Berti<\/a>.<\/p>\n\n\n\n<figure class=\"wp-block-image size-full is-style-default\"><img loading=\"lazy\" decoding=\"async\" width=\"550\" height=\"366\" src=\"https:\/\/www.berti.net\/wp-content\/uploads\/2013\/03\/berti-parquet-benessere.jpg\" alt=\"\" class=\"wp-image-9476\" srcset=\"https:\/\/berti.net\/wp-content\/uploads\/2013\/03\/berti-parquet-benessere.jpg 550w, https:\/\/berti.net\/wp-content\/uploads\/2013\/03\/berti-parquet-benessere-300x200.jpg 300w\" sizes=\"auto, (max-width: 550px) 100vw, 550px\" \/><\/figure>\n<\/div>\n<\/div>\n\n\n\n<div class=\"wp-block-group post-categories has-global-padding is-content-justification-left is-layout-constrained wp-container-core-group-is-layout-836d34cb wp-block-group-is-layout-constrained\" style=\"margin-top:var(--wp--preset--spacing--70);font-size:11px\">\n<div class=\"wp-block-group is-content-justification-center is-nowrap is-layout-flex wp-container-core-group-is-layout-60758a6d wp-block-group-is-layout-flex\">\n<p>Revista \/<\/p>\n\n\n<div class=\"taxonomy-category wp-block-post-terms\"><a href=\"https:\/\/berti.net\/es\/magazine\/category\/productos\/\" rel=\"tag\">Productos<\/a><span class=\"wp-block-post-terms__separator\">, <\/span><a href=\"https:\/\/berti.net\/es\/magazine\/category\/proyectos\/\" rel=\"tag\">Proyectos<\/a><\/div><\/div>\n<\/div>\n<\/div>\n\n<p><\/p>\n","protected":false},"excerpt":{"rendered":"<p>La tradici\u00f3n del parquet es antigua y goza de prestigio desde hace siglos como elecci\u00f3n para amueblar y habitar el hogar o los espacios p\u00fablicos.<\/p>\n","protected":false},"author":9,"featured_media":18051,"comment_status":"closed","ping_status":"closed","sticky":false,"template":"","format":"standard","meta":{"footnotes":""},"categories":[108,142],"tags":[],"class_list":["post-18047","post","type-post","status-publish","format-standard","has-post-thumbnail","hentry","category-productos","category-proyectos"],"_links":{"self":[{"href":"https:\/\/berti.net\/es\/wp-json\/wp\/v2\/posts\/18047","targetHints":{"allow":["GET"]}}],"collection":[{"href":"https:\/\/berti.net\/es\/wp-json\/wp\/v2\/posts"}],"about":[{"href":"https:\/\/berti.net\/es\/wp-json\/wp\/v2\/types\/post"}],"author":[{"embeddable":true,"href":"https:\/\/berti.net\/es\/wp-json\/wp\/v2\/users\/9"}],"replies":[{"embeddable":true,"href":"https:\/\/berti.net\/es\/wp-json\/wp\/v2\/comments?post=18047"}],"version-history":[{"count":2,"href":"https:\/\/berti.net\/es\/wp-json\/wp\/v2\/posts\/18047\/revisions"}],"predecessor-version":[{"id":21215,"href":"https:\/\/berti.net\/es\/wp-json\/wp\/v2\/posts\/18047\/revisions\/21215"}],"wp:featuredmedia":[{"embeddable":true,"href":"https:\/\/berti.net\/es\/wp-json\/wp\/v2\/media\/18051"}],"wp:attachment":[{"href":"https:\/\/berti.net\/es\/wp-json\/wp\/v2\/media?parent=18047"}],"wp:term":[{"taxonomy":"category","embeddable":true,"href":"https:\/\/berti.net\/es\/wp-json\/wp\/v2\/categories?post=18047"},{"taxonomy":"post_tag","embeddable":true,"href":"https:\/\/berti.net\/es\/wp-json\/wp\/v2\/tags?post=18047"}],"curies":[{"name":"wp","href":"https:\/\/api.w.org\/{rel}","templated":true}]}}