{"id":18009,"date":"2013-02-05T07:41:27","date_gmt":"2013-02-05T07:41:27","guid":{"rendered":"https:\/\/www.berti.net\/magazine\/berti-presenta-entre-diseno-y-reciclaje-diy-tacto-y-locura\/"},"modified":"2025-05-19T09:33:44","modified_gmt":"2025-05-19T09:33:44","slug":"berti-presenta-entre-diseno-y-reciclaje-diy-tacto-y-locura","status":"publish","type":"post","link":"https:\/\/berti.net\/es\/magazine\/berti-presenta-entre-diseno-y-reciclaje-diy-tacto-y-locura\/","title":{"rendered":"Berti presenta: entre dise\u00f1o y reciclaje, diy, tacto y locura"},"content":{"rendered":"\n<div class=\"wp-block-group post-detail-pattern is-container has-base-2-color has-contrast-background-color has-text-color has-background has-link-color wp-elements-ff4550101cc15c7a669a2b15364a403e has-global-padding is-layout-constrained wp-block-group-is-layout-constrained\" style=\"margin-top:0;margin-bottom:0;padding-top:var(--wp--preset--spacing--70);padding-bottom:var(--wp--preset--spacing--70)\">\n<div class=\"wp-block-columns alignwide is-layout-flex wp-container-core-columns-is-layout-d125203f wp-block-columns-is-layout-flex\" style=\"margin-bottom:var(--wp--preset--spacing--50)\">\n<div class=\"wp-block-column is-vertically-aligned-stretch is-layout-flow wp-block-column-is-layout-flow\" style=\"padding-right:0;flex-basis:50%\">\n<div class=\"wp-block-group is-vertical is-content-justification-stretch is-layout-flex wp-container-core-group-is-layout-e9e70883 wp-block-group-is-layout-flex\" style=\"min-height:100%\">\n<div class=\"wp-block-group post-categories is-nowrap is-layout-flex wp-container-core-group-is-layout-3155b93e wp-block-group-is-layout-flex\" style=\"margin-top:var(--wp--preset--spacing--20);font-size:11px\">\n<p>Revista \/<\/p>\n\n\n<div class=\"taxonomy-category wp-block-post-terms\"><a href=\"https:\/\/berti.net\/es\/magazine\/category\/productos\/\" rel=\"tag\">Productos<\/a><span class=\"wp-block-post-terms__separator\">, <\/span><a href=\"https:\/\/berti.net\/es\/magazine\/category\/proyectos\/\" rel=\"tag\">Proyectos<\/a><\/div><\/div>\n\n\n<div style=\"font-style:normal;font-weight:600;text-transform:uppercase;\" class=\"has-link-color wp-elements-32859cd979b45056895d81c5660c23a0 wp-block-post-date has-text-color has-base-color has-s-font-size\"><time datetime=\"2013-02-05T07:41:27+00:00\">5 February 2013<\/time><\/div>\n\n\n<h1 class=\"wp-block-heading post-title\"><strong>Berti presenta<\/strong>: entre dise\u00f1o y reciclaje, diy, tacto y locura<\/h1>\n\n\n\n<h2 class=\"wp-block-heading post-subtitle\" style=\"margin-bottom:var(--wp--preset--spacing--20)\">Nos hemos divertido espiando varios blogs y portales de dise\u00f1o en estas primeras semanas de 2013 para ver cu\u00e1les son las principales <strong>tendencias<\/strong> para la pr\u00f3xima temporada, especialmente en lo que respecta al<strong>dise\u00f1o de interiores.<\/strong><\/h2>\n\n\n\n<p>Hemos &#8221;remezclado&#8221; indicaciones, consejos, visiones y previsiones, obteniendo as\u00ed una serie de tendencias realmente interesantes y evocadoras que hemos enumerado aqu\u00ed en diez puntos seg\u00fan nuestra preferencia de gusto personal. As\u00ed que aqu\u00ed tienes el top ten de Berti Pavimenti Legno en cuanto a dise\u00f1o y tendencias: <\/p>\n\n\n\n<p>1) Colores vegetales, tejidos <strong>ecol\u00f3gicos<\/strong>, materiales <strong>reciclados<\/strong> y<strong>estilo DIY<\/strong>para mesas, l\u00e1mparas y objetos diversos: el parqu\u00e9 ofrece muchas ideas a este respecto.<\/p>\n\n\n\n<figure class=\"wp-block-image size-full is-style-default\"><img loading=\"lazy\" decoding=\"async\" width=\"937\" height=\"649\" src=\"https:\/\/www.berti.net\/wp-content\/uploads\/2013\/02\/Berti-parquet-diy.jpg\" alt=\"\" class=\"wp-image-9960\" srcset=\"https:\/\/berti.net\/wp-content\/uploads\/2013\/02\/Berti-parquet-diy.jpg 937w, https:\/\/berti.net\/wp-content\/uploads\/2013\/02\/Berti-parquet-diy-812x562.jpg 812w, https:\/\/berti.net\/wp-content\/uploads\/2013\/02\/Berti-parquet-diy-768x532.jpg 768w\" sizes=\"auto, (max-width: 937px) 100vw, 937px\" \/><\/figure>\n\n\n\n<p>2) Mobiliario <strong>cubierto de musgo<\/strong> y espacios verdes para jardines urbanos: el musgo tiene la ventaja de que no hay que regarlo y no crece.<\/p>\n\n\n\n<p>3) Las formas de <strong>animales<\/strong> como microtendencia: l\u00e1mparas con forma de perro, mesas con forma de vaca y avestruz, animales estampados en telas, taburetes peludos y papel pintado lleno de mariposas.<\/p>\n\n\n\n<figure class=\"wp-block-image size-full is-style-default\"><img loading=\"lazy\" decoding=\"async\" width=\"375\" height=\"500\" src=\"https:\/\/www.berti.net\/wp-content\/uploads\/2013\/02\/berti_trends02.jpg\" alt=\"\" class=\"wp-image-9963\"\/><\/figure>\n\n\n\n<p>4) Es precisamente <strong>el papel pintado<\/strong> el que marca una vuelta al pasado, un redescubrimiento con sabor a vintage, ligado tambi\u00e9n al uso de flores (o animales, de hecho) como motivo de decoraci\u00f3n.<\/p>\n\n\n\n<figure class=\"wp-block-image size-full is-style-default\"><img loading=\"lazy\" decoding=\"async\" width=\"554\" height=\"831\" src=\"https:\/\/www.berti.net\/wp-content\/uploads\/2013\/02\/885979affeb072fec51ca31321053150.jpg\" alt=\"\" class=\"wp-image-9966\" srcset=\"https:\/\/berti.net\/wp-content\/uploads\/2013\/02\/885979affeb072fec51ca31321053150.jpg 554w, https:\/\/berti.net\/wp-content\/uploads\/2013\/02\/885979affeb072fec51ca31321053150-541x812.jpg 541w\" sizes=\"auto, (max-width: 554px) 100vw, 554px\" \/><\/figure>\n\n\n\n<figure class=\"wp-block-image size-full is-style-default\"><img loading=\"lazy\" decoding=\"async\" width=\"426\" height=\"640\" src=\"https:\/\/www.berti.net\/wp-content\/uploads\/2013\/02\/d4a669beceee3ac26fd94efa30515cce.jpg\" alt=\"\" class=\"wp-image-9969\"\/><\/figure>\n\n\n\n<p>5) <strong>Encaje y puntilla<\/strong>: para seguir con el tema vintage, tambi\u00e9n se &#8221;desempolvar\u00e1n&#8221; estos materiales y su elaboraci\u00f3n.<\/p>\n\n\n\n<figure class=\"wp-block-image size-full is-style-default\"><img loading=\"lazy\" decoding=\"async\" width=\"348\" height=\"500\" src=\"https:\/\/www.berti.net\/wp-content\/uploads\/2013\/02\/Berti-parquet-design-lace.jpg\" alt=\"\" class=\"wp-image-9972\"\/><\/figure>\n\n\n\n<p>6) <strong>Verde<\/strong> &#8211; Pantone Verde Esmeralda &#8211; fue votado color del a\u00f1o 2013, y ser\u00e1 uno de los principales protagonistas de tejidos y accesorios, junto con <strong>el amarillo.<\/strong><\/p>\n\n\n\n<figure class=\"wp-block-image size-full is-style-default\"><img loading=\"lazy\" decoding=\"async\" width=\"924\" height=\"638\" src=\"https:\/\/www.berti.net\/wp-content\/uploads\/2013\/02\/Berti-parquet-emerald-green.jpg\" alt=\"\" class=\"wp-image-9975\" srcset=\"https:\/\/berti.net\/wp-content\/uploads\/2013\/02\/Berti-parquet-emerald-green.jpg 924w, https:\/\/berti.net\/wp-content\/uploads\/2013\/02\/Berti-parquet-emerald-green-812x561.jpg 812w, https:\/\/berti.net\/wp-content\/uploads\/2013\/02\/Berti-parquet-emerald-green-768x530.jpg 768w\" sizes=\"auto, (max-width: 924px) 100vw, 924px\" \/><\/figure>\n<\/div>\n<\/div>\n\n\n\n<div class=\"wp-block-column is-layout-flow wp-container-core-column-is-layout-22223934 wp-block-column-is-layout-flow\" style=\"flex-basis:50%\">\n<figure class=\"wp-block-image size-full is-style-default\"><img loading=\"lazy\" decoding=\"async\" width=\"862\" height=\"407\" src=\"https:\/\/www.berti.net\/wp-content\/uploads\/2013\/02\/Berti-parquet-design-trend-giallo.jpg\" alt=\"\" class=\"wp-image-9978\" srcset=\"https:\/\/berti.net\/wp-content\/uploads\/2013\/02\/Berti-parquet-design-trend-giallo.jpg 862w, https:\/\/berti.net\/wp-content\/uploads\/2013\/02\/Berti-parquet-design-trend-giallo-812x383.jpg 812w, https:\/\/berti.net\/wp-content\/uploads\/2013\/02\/Berti-parquet-design-trend-giallo-768x363.jpg 768w\" sizes=\"auto, (max-width: 862px) 100vw, 862px\" \/><\/figure>\n\n\n\n<p>7) Detalles y mobiliario <strong>de lat\u00f3n<\/strong>: de nuevo, un redescubrimiento con sabor retro, un ambiente t\u00edpico de los a\u00f1os 70 que ahora vuelve a resurgir.<\/p>\n\n\n\n<p>8 ) El sentido <strong>del tacto<\/strong>: cualidades t\u00e1ctiles de los tejidos y objetos, importancia de las texturas y la textura .<\/p>\n\n\n\n<p>9) Destacar el papel de la figura <strong>masculina<\/strong>, ya que los hombres pasan cada vez m\u00e1s tiempo en casa y, por tanto, participan m\u00e1s activamente en las decisiones sobre dise\u00f1o y mobiliario.<\/p>\n\n\n\n<p>10) Un toque de <strong>originalidad<\/strong>, <strong>alegr\u00eda<\/strong> y <strong>locura<\/strong>: ya no bastar\u00e1 con comprar una silla, sino que tendr\u00e1 que ser una silla que te haga sonre\u00edr. Se utilizar\u00e1n materiales y objetos aparentemente fuera de contexto que se recontextualizar\u00e1n seg\u00fan significados personales, de forma espont\u00e1nea y casi infantil: tazas medidoras como macetas, tenedores y cucharas colgando de la ara\u00f1a, sof\u00e1s cubiertos con viejos vaqueros. <\/p>\n\n\n\n<figure class=\"wp-block-image size-full is-style-default\"><img loading=\"lazy\" decoding=\"async\" width=\"696\" height=\"515\" src=\"https:\/\/www.berti.net\/wp-content\/uploads\/2013\/02\/Berti-parquet-arredi-design-originali.jpg\" alt=\"\" class=\"wp-image-9981\"\/><\/figure>\n\n\n\n<p>Esperamos que hayas disfrutado de este r\u00e1pido resumen de aportaciones est\u00e9ticas que te hemos proporcionado; no siempre es f\u00e1cil orientarse entre todas estas novedades y modas c\u00edclicas, pero nos gusta estar atentos a todo lo que ocurre en nuestro sector.<\/p>\n\n\n\n<p>Pronto se nos ocurrir\u00e1n nuevas ideas interesantes y originales, para ampliar la perspectiva desde los suelos de madera y las opciones espec\u00edficas para los revestimientos de suelos e investigar las opciones que acompa\u00f1an a los suelos de parqu\u00e9 y complementan el mobiliario de nuestros espacios.<\/p>\n\n\n\n<p>(foto v\u00eda <a href=\"https:\/\/it.pinterest.com\/berti_official\/\" target=\"_blank\" rel=\"noopener\"><strong>Pinterest<\/strong><\/a>)<\/p>\n<\/div>\n<\/div>\n\n\n\n<div class=\"wp-block-group post-categories has-global-padding is-content-justification-left is-layout-constrained wp-container-core-group-is-layout-836d34cb wp-block-group-is-layout-constrained\" style=\"margin-top:var(--wp--preset--spacing--70);font-size:11px\">\n<div class=\"wp-block-group is-content-justification-center is-nowrap is-layout-flex wp-container-core-group-is-layout-60758a6d wp-block-group-is-layout-flex\">\n<p>Revista \/<\/p>\n\n\n<div class=\"taxonomy-category wp-block-post-terms\"><a href=\"https:\/\/berti.net\/es\/magazine\/category\/productos\/\" rel=\"tag\">Productos<\/a><span class=\"wp-block-post-terms__separator\">, <\/span><a href=\"https:\/\/berti.net\/es\/magazine\/category\/proyectos\/\" rel=\"tag\">Proyectos<\/a><\/div><\/div>\n<\/div>\n<\/div>\n\n<p><\/p>\n","protected":false},"excerpt":{"rendered":"<p>Nos hemos divertido espiando en estas primeras semanas de 2013 en varios blogs y portales de dise\u00f1o para ver cu\u00e1les son las principales tendencias para la pr\u00f3xima temporada<\/p>\n","protected":false},"author":9,"featured_media":18013,"comment_status":"closed","ping_status":"closed","sticky":false,"template":"","format":"standard","meta":{"footnotes":""},"categories":[108,142],"tags":[],"class_list":["post-18009","post","type-post","status-publish","format-standard","has-post-thumbnail","hentry","category-productos","category-proyectos"],"_links":{"self":[{"href":"https:\/\/berti.net\/es\/wp-json\/wp\/v2\/posts\/18009","targetHints":{"allow":["GET"]}}],"collection":[{"href":"https:\/\/berti.net\/es\/wp-json\/wp\/v2\/posts"}],"about":[{"href":"https:\/\/berti.net\/es\/wp-json\/wp\/v2\/types\/post"}],"author":[{"embeddable":true,"href":"https:\/\/berti.net\/es\/wp-json\/wp\/v2\/users\/9"}],"replies":[{"embeddable":true,"href":"https:\/\/berti.net\/es\/wp-json\/wp\/v2\/comments?post=18009"}],"version-history":[{"count":2,"href":"https:\/\/berti.net\/es\/wp-json\/wp\/v2\/posts\/18009\/revisions"}],"predecessor-version":[{"id":21171,"href":"https:\/\/berti.net\/es\/wp-json\/wp\/v2\/posts\/18009\/revisions\/21171"}],"wp:featuredmedia":[{"embeddable":true,"href":"https:\/\/berti.net\/es\/wp-json\/wp\/v2\/media\/18013"}],"wp:attachment":[{"href":"https:\/\/berti.net\/es\/wp-json\/wp\/v2\/media?parent=18009"}],"wp:term":[{"taxonomy":"category","embeddable":true,"href":"https:\/\/berti.net\/es\/wp-json\/wp\/v2\/categories?post=18009"},{"taxonomy":"post_tag","embeddable":true,"href":"https:\/\/berti.net\/es\/wp-json\/wp\/v2\/tags?post=18009"}],"curies":[{"name":"wp","href":"https:\/\/api.w.org\/{rel}","templated":true}]}}