{"id":17995,"date":"2012-12-05T08:12:37","date_gmt":"2012-12-05T08:12:37","guid":{"rendered":"https:\/\/www.berti.net\/magazine\/de-vuelta-de-la-feria-deco-2012\/"},"modified":"2025-05-19T09:33:43","modified_gmt":"2025-05-19T09:33:43","slug":"de-vuelta-de-la-feria-deco-2012","status":"publish","type":"post","link":"https:\/\/berti.net\/es\/magazine\/de-vuelta-de-la-feria-deco-2012\/","title":{"rendered":"De vuelta de la Feria Deco 2012"},"content":{"rendered":"\n<div class=\"wp-block-group post-detail-pattern is-container has-base-2-color has-contrast-background-color has-text-color has-background has-link-color wp-elements-fdd2c93d6b1568378bc52863443ee444 has-global-padding is-layout-constrained wp-block-group-is-layout-constrained\" style=\"margin-top:0;margin-bottom:0;padding-top:var(--wp--preset--spacing--70);padding-bottom:var(--wp--preset--spacing--70)\">\n<div class=\"wp-block-columns alignwide is-layout-flex wp-container-core-columns-is-layout-d125203f wp-block-columns-is-layout-flex\" style=\"margin-bottom:var(--wp--preset--spacing--50)\">\n<div class=\"wp-block-column is-vertically-aligned-stretch is-layout-flow wp-block-column-is-layout-flow\" style=\"padding-right:0;flex-basis:50%\">\n<div class=\"wp-block-group is-vertical is-content-justification-stretch is-layout-flex wp-container-core-group-is-layout-e9e70883 wp-block-group-is-layout-flex\" style=\"min-height:100%\">\n<div class=\"wp-block-group post-categories is-nowrap is-layout-flex wp-container-core-group-is-layout-3155b93e wp-block-group-is-layout-flex\" style=\"margin-top:var(--wp--preset--spacing--20);font-size:11px\">\n<p>Revista \/<\/p>\n\n\n<div class=\"taxonomy-category wp-block-post-terms\"><a href=\"https:\/\/berti.net\/es\/magazine\/category\/productos\/\" rel=\"tag\">Productos<\/a><span class=\"wp-block-post-terms__separator\">, <\/span><a href=\"https:\/\/berti.net\/es\/magazine\/category\/eventos\/\" rel=\"tag\">Eventos<\/a><\/div><\/div>\n\n\n<div style=\"font-style:normal;font-weight:600;text-transform:uppercase;\" class=\"has-link-color wp-elements-32859cd979b45056895d81c5660c23a0 wp-block-post-date has-text-color has-base-color has-s-font-size\"><time datetime=\"2012-12-05T08:12:37+00:00\">5 December 2012<\/time><\/div>\n\n\n<h1 class=\"wp-block-heading post-title\">De vuelta de la <strong>Feria Deco 2012<\/strong><\/h1>\n\n\n\n<h2 class=\"wp-block-heading post-subtitle\" style=\"margin-bottom:var(--wp--preset--spacing--20)\">Tercera participaci\u00f3n consecutiva de <a href=\"https:\/\/www.berti.net\/home_it_0_8_0.html\" target=\"_blank\" rel=\"noreferrer noopener\">Berti<\/a> en la <a href=\"https:\/\/www.decofair.com\/\" target=\"_blank\" rel=\"noreferrer noopener\"><strong>FERIA DECO<\/strong><\/a>la prestigiosa feria de dise\u00f1o de interiores celebrada en <strong>Jeddah<\/strong>, <strong>Arabia Saud\u00ed<\/strong>, del 25 al 29 de noviembre.<\/h2>\n\n\n\n<figure class=\"wp-block-image size-full is-style-default\"><img loading=\"lazy\" decoding=\"async\" width=\"500\" height=\"333\" src=\"https:\/\/www.berti.net\/wp-content\/uploads\/2012\/12\/berti_decofair2012a1.jpg\" alt=\"\" class=\"wp-image-9987\"\/><\/figure>\n\n\n\n<p>Las dos ediciones anteriores estuvieron llenas de ideas y puntos de vista, y esta vez hemos jugado sobre seguro, presentando un conjunto de productos mucho m\u00e1s centrado que en a\u00f1os anteriores.<\/p>\n\n\n\n<p>A nuestro lado, como siempre, un equipo de grandes colaboradores, formado por el equipo de <a href=\"https:\/\/www.alkayandecor.com\/\" target=\"_blank\" rel=\"noreferrer noopener\">Alkayan Decor<\/a>, presente con <strong>Corrado Mulfari<\/strong>, <strong>Rami y Mouneeb Banbouk<\/strong>, y <strong>Sharifa Adham<\/strong>.<\/p>\n\n\n\n<figure class=\"wp-block-image size-full is-style-default\"><img loading=\"lazy\" decoding=\"async\" width=\"500\" height=\"333\" src=\"https:\/\/www.berti.net\/wp-content\/uploads\/2012\/12\/berti_decofair2012c2.jpg\" alt=\"\" class=\"wp-image-9990\"\/><\/figure>\n\n\n\n<p>La <strong>Feria Deco<\/strong> se confirm\u00f3 como un escaparate de gran prestigio, con un p\u00fablico especializado y extremadamente atento y entendido, interesante tambi\u00e9n en t\u00e9rminos num\u00e9ricos, dados los m\u00e1s de <strong>10.000<\/strong> asistentes a lo largo de los cinco d\u00edas del evento.<\/p>\n\n\n\n<figure class=\"wp-block-image size-full is-style-default\"><img loading=\"lazy\" decoding=\"async\" width=\"1500\" height=\"996\" src=\"https:\/\/www.berti.net\/wp-content\/uploads\/2012\/12\/berti_decofair2012a3.jpg\" alt=\"\" class=\"wp-image-10002\" srcset=\"https:\/\/berti.net\/wp-content\/uploads\/2012\/12\/berti_decofair2012a3.jpg 1500w, https:\/\/berti.net\/wp-content\/uploads\/2012\/12\/berti_decofair2012a3-812x539.jpg 812w, https:\/\/berti.net\/wp-content\/uploads\/2012\/12\/berti_decofair2012a3-768x510.jpg 768w\" sizes=\"auto, (max-width: 1500px) 100vw, 1500px\" \/><\/figure>\n\n\n\n<figure class=\"wp-block-image size-full is-style-default\"><img loading=\"lazy\" decoding=\"async\" width=\"956\" height=\"1434\" src=\"https:\/\/www.berti.net\/wp-content\/uploads\/2012\/12\/berti_decofair2012a4.jpg\" alt=\"\" class=\"wp-image-10005\" srcset=\"https:\/\/berti.net\/wp-content\/uploads\/2012\/12\/berti_decofair2012a4.jpg 956w, https:\/\/berti.net\/wp-content\/uploads\/2012\/12\/berti_decofair2012a4-541x812.jpg 541w, https:\/\/berti.net\/wp-content\/uploads\/2012\/12\/berti_decofair2012a4-768x1152.jpg 768w\" sizes=\"auto, (max-width: 956px) 100vw, 956px\" \/><\/figure>\n\n\n\n<p>Entre las novedades presentadas hab\u00eda una serie de suelos de parqu\u00e9 con incrustaciones de acero que impresionaron al comercio, una confirmaci\u00f3n m\u00e1s de la creciente aceptaci\u00f3n de nuestros productos, especialmente a nivel internacional.<\/p>\n\n\n\n<p>Consulta la <a href=\"https:\/\/www.flickr.com\/photos\/bertipavimenti\/sets\/72157632163456330\/\" target=\"_blank\" rel=\"noreferrer noopener\">galer\u00eda completa de im\u00e1genes en <strong>Flickr<\/strong><\/a> y s\u00edguenos en nuestra <a href=\"https:\/\/www.facebook.com\/BertiPavimentiLegno\" target=\"_blank\" rel=\"noreferrer noopener\"><strong>p\u00e1gina de Facebook<\/strong><\/a>.<\/p>\n<\/div>\n<\/div>\n\n\n\n<div class=\"wp-block-column is-layout-flow wp-container-core-column-is-layout-22223934 wp-block-column-is-layout-flow\" style=\"flex-basis:50%\">\n<figure class=\"wp-block-image size-full is-style-default\"><img loading=\"lazy\" decoding=\"async\" width=\"800\" height=\"999\" src=\"https:\/\/www.berti.net\/wp-content\/uploads\/2012\/12\/berti_decofair2012a6.jpg\" alt=\"\" class=\"wp-image-10008\" srcset=\"https:\/\/berti.net\/wp-content\/uploads\/2012\/12\/berti_decofair2012a6.jpg 800w, https:\/\/berti.net\/wp-content\/uploads\/2012\/12\/berti_decofair2012a6-650x812.jpg 650w, https:\/\/berti.net\/wp-content\/uploads\/2012\/12\/berti_decofair2012a6-768x959.jpg 768w\" sizes=\"auto, (max-width: 800px) 100vw, 800px\" \/><\/figure>\n\n\n\n<figure class=\"wp-block-image size-full is-style-default\"><img loading=\"lazy\" decoding=\"async\" width=\"800\" height=\"1202\" src=\"https:\/\/www.berti.net\/wp-content\/uploads\/2012\/12\/berti_decofair2012a7.jpg\" alt=\"\" class=\"wp-image-10011\" srcset=\"https:\/\/berti.net\/wp-content\/uploads\/2012\/12\/berti_decofair2012a7.jpg 800w, https:\/\/berti.net\/wp-content\/uploads\/2012\/12\/berti_decofair2012a7-540x812.jpg 540w, https:\/\/berti.net\/wp-content\/uploads\/2012\/12\/berti_decofair2012a7-768x1154.jpg 768w\" sizes=\"auto, (max-width: 800px) 100vw, 800px\" \/><\/figure>\n<\/div>\n<\/div>\n\n\n\n<div class=\"wp-block-group post-categories has-global-padding is-content-justification-left is-layout-constrained wp-container-core-group-is-layout-836d34cb wp-block-group-is-layout-constrained\" style=\"margin-top:var(--wp--preset--spacing--70);font-size:11px\">\n<div class=\"wp-block-group is-content-justification-center is-nowrap is-layout-flex wp-container-core-group-is-layout-60758a6d wp-block-group-is-layout-flex\">\n<p>Revista \/<\/p>\n\n\n<div class=\"taxonomy-category wp-block-post-terms\"><a href=\"https:\/\/berti.net\/es\/magazine\/category\/productos\/\" rel=\"tag\">Productos<\/a><span class=\"wp-block-post-terms__separator\">, <\/span><a href=\"https:\/\/berti.net\/es\/magazine\/category\/eventos\/\" rel=\"tag\">Eventos<\/a><\/div><\/div>\n<\/div>\n<\/div>\n\n<p><\/p>\n","protected":false},"excerpt":{"rendered":"<p>La tercera participaci\u00f3n consecutiva de Berti en la FERIA DECO fue definitivamente positiva<\/p>\n","protected":false},"author":9,"featured_media":17998,"comment_status":"closed","ping_status":"closed","sticky":false,"template":"","format":"standard","meta":{"footnotes":""},"categories":[108,143],"tags":[],"class_list":["post-17995","post","type-post","status-publish","format-standard","has-post-thumbnail","hentry","category-productos","category-eventos"],"_links":{"self":[{"href":"https:\/\/berti.net\/es\/wp-json\/wp\/v2\/posts\/17995","targetHints":{"allow":["GET"]}}],"collection":[{"href":"https:\/\/berti.net\/es\/wp-json\/wp\/v2\/posts"}],"about":[{"href":"https:\/\/berti.net\/es\/wp-json\/wp\/v2\/types\/post"}],"author":[{"embeddable":true,"href":"https:\/\/berti.net\/es\/wp-json\/wp\/v2\/users\/9"}],"replies":[{"embeddable":true,"href":"https:\/\/berti.net\/es\/wp-json\/wp\/v2\/comments?post=17995"}],"version-history":[{"count":2,"href":"https:\/\/berti.net\/es\/wp-json\/wp\/v2\/posts\/17995\/revisions"}],"predecessor-version":[{"id":21168,"href":"https:\/\/berti.net\/es\/wp-json\/wp\/v2\/posts\/17995\/revisions\/21168"}],"wp:featuredmedia":[{"embeddable":true,"href":"https:\/\/berti.net\/es\/wp-json\/wp\/v2\/media\/17998"}],"wp:attachment":[{"href":"https:\/\/berti.net\/es\/wp-json\/wp\/v2\/media?parent=17995"}],"wp:term":[{"taxonomy":"category","embeddable":true,"href":"https:\/\/berti.net\/es\/wp-json\/wp\/v2\/categories?post=17995"},{"taxonomy":"post_tag","embeddable":true,"href":"https:\/\/berti.net\/es\/wp-json\/wp\/v2\/tags?post=17995"}],"curies":[{"name":"wp","href":"https:\/\/api.w.org\/{rel}","templated":true}]}}