{"id":17994,"date":"2012-10-16T10:47:19","date_gmt":"2012-10-16T10:47:19","guid":{"rendered":"https:\/\/www.berti.net\/magazine\/asociacion-berti-y-pinum-puertas-y-ventanas\/"},"modified":"2025-05-19T09:35:06","modified_gmt":"2025-05-19T09:35:06","slug":"asociacion-berti-y-pinum-puertas-y-ventanas","status":"publish","type":"post","link":"https:\/\/berti.net\/es\/magazine\/asociacion-berti-y-pinum-puertas-y-ventanas\/","title":{"rendered":"Asociaci\u00f3n Berti y Pinum Puertas y Ventanas"},"content":{"rendered":"\n<div class=\"wp-block-group post-detail-pattern is-container has-base-2-color has-contrast-background-color has-text-color has-background has-link-color wp-elements-c8edf5524c0cb6d82a68d061ee490c6a has-global-padding is-layout-constrained wp-block-group-is-layout-constrained\" style=\"margin-top:0;margin-bottom:0;padding-top:var(--wp--preset--spacing--70);padding-bottom:var(--wp--preset--spacing--70)\">\n<div class=\"wp-block-columns alignwide is-layout-flex wp-container-core-columns-is-layout-d125203f wp-block-columns-is-layout-flex\" style=\"margin-bottom:var(--wp--preset--spacing--50)\">\n<div class=\"wp-block-column is-vertically-aligned-stretch is-layout-flow wp-block-column-is-layout-flow\" style=\"padding-right:0;flex-basis:50%\">\n<div class=\"wp-block-group is-vertical is-content-justification-stretch is-layout-flex wp-container-core-group-is-layout-e9e70883 wp-block-group-is-layout-flex\" style=\"min-height:100%\">\n<div class=\"wp-block-group post-categories is-nowrap is-layout-flex wp-container-core-group-is-layout-3155b93e wp-block-group-is-layout-flex\" style=\"margin-top:var(--wp--preset--spacing--20);font-size:11px\">\n<p>Revista \/<\/p>\n\n\n<div class=\"taxonomy-category wp-block-post-terms\"><a href=\"https:\/\/berti.net\/es\/magazine\/category\/productos\/\" rel=\"tag\">Productos<\/a><span class=\"wp-block-post-terms__separator\">, <\/span><a href=\"https:\/\/berti.net\/es\/magazine\/category\/proyectos\/\" rel=\"tag\">Proyectos<\/a><\/div><\/div>\n\n\n<div style=\"font-style:normal;font-weight:600;text-transform:uppercase;\" class=\"has-link-color wp-elements-32859cd979b45056895d81c5660c23a0 wp-block-post-date has-text-color has-base-color has-s-font-size\"><time datetime=\"2012-10-16T10:47:19+00:00\">16 October 2012<\/time><\/div>\n\n\n<h1 class=\"wp-block-heading post-title\">Asociaci\u00f3n <strong>Berti <\/strong>y <strong>Pinum Puertas y Ventanas<\/strong><\/h1>\n\n\n\n<h2 class=\"wp-block-heading post-subtitle\" style=\"margin-bottom:var(--wp--preset--spacing--20)\"><strong>Una colaboraci\u00f3n<\/strong> para la exclusiva fiesta del <strong>20<\/strong> aniversario de <strong><a href=\"https:\/\/www.pinum.ro\/it\/home.html\" target=\"_blank\" rel=\"noreferrer noopener\">Pinum<\/a><\/strong> en <strong>Ruman\u00eda<\/strong><\/h2>\n\n\n\n<p><strong>Berti Pavimenti Legno<\/strong> siempre ha buscado y promovido colaboraciones con otras marcas: somos muy conscientes del valor a\u00f1adido que se crea a trav\u00e9s de las colaboraciones y el intercambio de ideas; hacemos de la apertura de miras y el encuentro de diferentes culturas y naciones uno de nuestros puntos fuertes.<\/p>\n\n\n\n<figure class=\"wp-block-image size-full is-style-default\"><img loading=\"lazy\" decoding=\"async\" width=\"426\" height=\"640\" src=\"https:\/\/www.berti.net\/wp-content\/uploads\/2012\/10\/Berti-Pavimenti-legno-Bucarest-Party.04.jpg\" alt=\"\" class=\"wp-image-10122\"\/><\/figure>\n\n\n\n<p>Las zonas fuera de Italia siempre nos han permitido participar en proyectos importantes y exclusivos, d\u00e1ndonos la oportunidad de expresar plenamente nuestro potencial t\u00e9cnico y de producci\u00f3n.<\/p>\n\n\n\n<p>Con motivo del 20 aniversario de Puertas y Ventanas Pinum, tuvimos el honor de participar como socios de esta empresa de difusi\u00f3n mundial, que lleva m\u00e1s de 40 a\u00f1os activa en la industria de la madera y ha marcado la pauta como fabricante de puertas y ventanas de primera clase.<\/p>\n\n\n\n<figure class=\"wp-block-image size-full is-style-default\"><img loading=\"lazy\" decoding=\"async\" width=\"640\" height=\"426\" src=\"https:\/\/www.berti.net\/wp-content\/uploads\/2012\/10\/Berti-Pavimenti-legno-Bucarest-Party.jpg\" alt=\"\" class=\"wp-image-10125\"\/><\/figure>\n\n\n\n<p>La noche del 3 de octubre, la planta 19 de la Torre Nusco acogi\u00f3 el <a href=\"https:\/\/www.flickr.com\/photos\/bertipavimenti\/sets\/72157631751955747\/with\/8079758379\/\" target=\"_blank\" rel=\"noreferrer noopener\"><strong>magn\u00edfico evento<\/strong><\/a> organizado por Puertas y Ventanas Pinum para celebrar sus 20 a\u00f1os de actividad en Ruman\u00eda. La &#8221;puerta&#8221; fue la aut\u00e9ntica protagonista del evento, que se centr\u00f3 en el recorrido hist\u00f3rico hasta la fecha. <\/p>\n\n\n\n<p>De hecho, el evento estuvo dedicado a la presentaci\u00f3n del nuevo producto &#8216;Porta Venere&#8217;, caracterizado por su composici\u00f3n con m\u00e1s de 30.000 cristales Swarovski de diferentes colores. Una espl\u00e9ndida oportunidad para Berti de poder combinar lujo y mano de obra de calidad: justo al lado de la &#8216;Porta Venere&#8217; se coloc\u00f3 la incrustaci\u00f3n realizada por Berti en Wave, una combinaci\u00f3n creada con suelos preacabados y tecnolog\u00eda l\u00e1ser. <\/p>\n\n\n\n<figure class=\"wp-block-image size-full is-style-default\"><img loading=\"lazy\" decoding=\"async\" width=\"640\" height=\"426\" src=\"https:\/\/www.berti.net\/wp-content\/uploads\/2012\/10\/Berti-Pavimenti-legno-Bucarest-Party.10.jpg\" alt=\"\" class=\"wp-image-10128\"\/><\/figure>\n<\/div>\n<\/div>\n\n\n\n<div class=\"wp-block-column is-layout-flow wp-container-core-column-is-layout-22223934 wp-block-column-is-layout-flow\" style=\"flex-basis:50%\">\n<p>La<a href=\"https:\/\/www.berti.net\/pavimenti-in-legno-parquet\/parquet-artistici%3A-intarsio_it_0_1_80.html\" target=\"_blank\" rel=\"noreferrer noopener\">incrustaci\u00f3n Rizzardi<\/a>, h\u00e1bilmente elaborada por el departamento de l\u00e1ser de Berti e insertada en el doble marco formado por los bordes preacabados Azzoni y Borletti, tambi\u00e9n ocup\u00f3 un lugar destacado en la sala principal donde se celebr\u00f3 el evento.<\/p>\n\n\n\n<figure class=\"wp-block-image size-full is-resized is-style-default\"><img loading=\"lazy\" decoding=\"async\" width=\"640\" height=\"426\" src=\"https:\/\/www.berti.net\/wp-content\/uploads\/2012\/10\/Berti-Pavimenti-legno-Bucarest-Party.44.jpg\" alt=\"\" class=\"wp-image-10131\" style=\"width:550px;height:auto\"\/><\/figure>\n\n\n\n<p>Un matrimonio por amor entre puertas y parqu\u00e9, dos sectores simbi\u00f3ticos que conviven y se desarrollan en paralelo. Berti y Pinum inician una colaboraci\u00f3n que promete interesantes novedades. <\/p>\n\n\n\n<p>Al acto asistieron m\u00e1s de 500 personas, entre ellas arquitectos, dise\u00f1adores, representantes de la industria del mueble y varias celebridades internacionales.<\/p>\n<\/div>\n<\/div>\n\n\n\n<div class=\"wp-block-group post-categories has-global-padding is-content-justification-left is-layout-constrained wp-container-core-group-is-layout-836d34cb wp-block-group-is-layout-constrained\" style=\"margin-top:var(--wp--preset--spacing--70);font-size:11px\">\n<div class=\"wp-block-group is-content-justification-center is-nowrap is-layout-flex wp-container-core-group-is-layout-60758a6d wp-block-group-is-layout-flex\">\n<p>Revista \/<\/p>\n\n\n<div class=\"taxonomy-category wp-block-post-terms\"><a href=\"https:\/\/berti.net\/es\/magazine\/category\/productos\/\" rel=\"tag\">Productos<\/a><span class=\"wp-block-post-terms__separator\">, <\/span><a href=\"https:\/\/berti.net\/es\/magazine\/category\/proyectos\/\" rel=\"tag\">Proyectos<\/a><\/div><\/div>\n<\/div>\n<\/div>\n\n<p><\/p>\n","protected":false},"excerpt":{"rendered":"<p>Una colaboraci\u00f3n para la exclusiva fiesta del 20 aniversario de Pinum en Ruman\u00eda<\/p>\n","protected":false},"author":9,"featured_media":17996,"comment_status":"closed","ping_status":"closed","sticky":false,"template":"","format":"standard","meta":{"footnotes":""},"categories":[108,142],"tags":[],"class_list":["post-17994","post","type-post","status-publish","format-standard","has-post-thumbnail","hentry","category-productos","category-proyectos"],"_links":{"self":[{"href":"https:\/\/berti.net\/es\/wp-json\/wp\/v2\/posts\/17994","targetHints":{"allow":["GET"]}}],"collection":[{"href":"https:\/\/berti.net\/es\/wp-json\/wp\/v2\/posts"}],"about":[{"href":"https:\/\/berti.net\/es\/wp-json\/wp\/v2\/types\/post"}],"author":[{"embeddable":true,"href":"https:\/\/berti.net\/es\/wp-json\/wp\/v2\/users\/9"}],"replies":[{"embeddable":true,"href":"https:\/\/berti.net\/es\/wp-json\/wp\/v2\/comments?post=17994"}],"version-history":[{"count":2,"href":"https:\/\/berti.net\/es\/wp-json\/wp\/v2\/posts\/17994\/revisions"}],"predecessor-version":[{"id":21195,"href":"https:\/\/berti.net\/es\/wp-json\/wp\/v2\/posts\/17994\/revisions\/21195"}],"wp:featuredmedia":[{"embeddable":true,"href":"https:\/\/berti.net\/es\/wp-json\/wp\/v2\/media\/17996"}],"wp:attachment":[{"href":"https:\/\/berti.net\/es\/wp-json\/wp\/v2\/media?parent=17994"}],"wp:term":[{"taxonomy":"category","embeddable":true,"href":"https:\/\/berti.net\/es\/wp-json\/wp\/v2\/categories?post=17994"},{"taxonomy":"post_tag","embeddable":true,"href":"https:\/\/berti.net\/es\/wp-json\/wp\/v2\/tags?post=17994"}],"curies":[{"name":"wp","href":"https:\/\/api.w.org\/{rel}","templated":true}]}}