{"id":17979,"date":"2012-10-04T12:55:34","date_gmt":"2012-10-04T12:55:34","guid":{"rendered":"https:\/\/www.berti.net\/magazine\/nuevo-parquet-para-vepal-vepal-colors\/"},"modified":"2025-05-19T09:35:06","modified_gmt":"2025-05-19T09:35:06","slug":"nuevo-parquet-para-vepal-vepal-colors","status":"publish","type":"post","link":"https:\/\/berti.net\/es\/magazine\/nuevo-parquet-para-vepal-vepal-colors\/","title":{"rendered":"Nuevo parquet para Vepal: Vepal Colors"},"content":{"rendered":"\n<div class=\"wp-block-group post-detail-pattern is-container has-base-2-color has-contrast-background-color has-text-color has-background has-link-color wp-elements-b9e49b7f59bf11e324e252e30cf83792 has-global-padding is-layout-constrained wp-block-group-is-layout-constrained\" style=\"margin-top:0;margin-bottom:0;padding-top:var(--wp--preset--spacing--70);padding-bottom:var(--wp--preset--spacing--70)\">\n<div class=\"wp-block-columns alignwide is-layout-flex wp-container-core-columns-is-layout-d125203f wp-block-columns-is-layout-flex\" style=\"margin-bottom:var(--wp--preset--spacing--50)\">\n<div class=\"wp-block-column is-vertically-aligned-stretch is-layout-flow wp-block-column-is-layout-flow\" style=\"padding-right:0;flex-basis:50%\">\n<div class=\"wp-block-group is-vertical is-content-justification-stretch is-layout-flex wp-container-core-group-is-layout-e9e70883 wp-block-group-is-layout-flex\" style=\"min-height:100%\">\n<div class=\"wp-block-group post-categories is-nowrap is-layout-flex wp-container-core-group-is-layout-3155b93e wp-block-group-is-layout-flex\" style=\"margin-top:var(--wp--preset--spacing--20);font-size:11px\">\n<p>Revista \/<\/p>\n\n\n<div class=\"taxonomy-category wp-block-post-terms\"><a href=\"https:\/\/berti.net\/es\/magazine\/category\/productos\/\" rel=\"tag\">Productos<\/a><span class=\"wp-block-post-terms__separator\">, <\/span><a href=\"https:\/\/berti.net\/es\/magazine\/category\/proyectos\/\" rel=\"tag\">Proyectos<\/a><\/div><\/div>\n\n\n<div style=\"font-style:normal;font-weight:600;text-transform:uppercase;\" class=\"has-link-color wp-elements-32859cd979b45056895d81c5660c23a0 wp-block-post-date has-text-color has-base-color has-s-font-size\"><time datetime=\"2012-10-04T12:55:34+00:00\">4 October 2012<\/time><\/div>\n\n\n<h1 class=\"wp-block-heading post-title\">Nuevo parquet para <strong>Vepal<\/strong>: Vepal Colors<\/h1>\n\n\n\n<h2 class=\"wp-block-heading post-subtitle\" style=\"margin-bottom:var(--wp--preset--spacing--20)\">Al presentar las novedades de la marca <strong>Vepal<\/strong> en el art\u00edculo: <strong>&#8221;Novedades de Vepal: Laminados Premium&#8221;<\/strong>, s\u00f3lo dimos una peque\u00f1a pista de las novedades de la gama <strong>Vepal Colors<\/strong>. Ha llegado el momento de presentarte en detalle esta gama de suelos de parquet de 3 capas preacabados, cada uno de ellos con un nuevo color dise\u00f1ado y creado en exclusiva para <strong>Vepal<\/strong>.<\/h2>\n\n\n\n<p>Los suelos de madera Vepal <strong>Colors<\/strong> representan una opci\u00f3n de parquet especialmente adecuada para el mobiliario de dise\u00f1o. Esta gama de productos Vepal, con acabados que recuerdan mucho al clima natural en el que crece la madera, permite crear ambientes suaves que transmiten sensaciones de confort y elegancia. <\/p>\n\n\n\n<p>El producto es una plancha de <strong>parquet preacabada de 3 capas<\/strong> con un grosor total de 13,5 mm, provista de juntas machihembradas que permiten la colocaci\u00f3n encolada o flotante. Cada lama mide 136 mm de ancho para una longitud que oscila entre 1820 y 2130 mm, y est\u00e1 compuesta por una capa de madera noble de 3 mm, una capa intermedia de abeto laminado cruzado de 7,5 mm de grosor y una tercera capa de contrapeso de abeto de 3 mm. <\/p>\n\n\n\n<p>Las opciones disponibles en la gama, cuyos detalles puedes ver en las macrofotos, incluyen 6 opciones cuyos nombres se inspiran en las capitales europeas m\u00e1s famosas: Ginebra, Madrid, Par\u00eds, \u00c1msterdam, Atenas y Dubl\u00edn. Una colecci\u00f3n con un sabor decididamente internacional. <\/p>\n\n\n\n<p>Ponte en contacto con nuestro departamento de ventas para conocer todos los detalles. Te dejamos con algunas fotos de los distintos acabados. <\/p>\n\n\n\n<figure class=\"wp-block-image size-full is-style-default\"><img loading=\"lazy\" decoding=\"async\" width=\"800\" height=\"533\" src=\"https:\/\/www.berti.net\/wp-content\/uploads\/2012\/10\/Vepal-Colors-Parigi.jpg\" alt=\"\" class=\"wp-image-10232\" srcset=\"https:\/\/berti.net\/wp-content\/uploads\/2012\/10\/Vepal-Colors-Parigi.jpg 800w, https:\/\/berti.net\/wp-content\/uploads\/2012\/10\/Vepal-Colors-Parigi-768x512.jpg 768w\" sizes=\"auto, (max-width: 800px) 100vw, 800px\" \/><\/figure>\n\n\n\n<figure class=\"wp-block-image size-full is-style-default\"><img loading=\"lazy\" decoding=\"async\" width=\"800\" height=\"533\" src=\"https:\/\/www.berti.net\/wp-content\/uploads\/2012\/10\/Vepal-Colors-Madrid.jpg\" alt=\"\" class=\"wp-image-10235\" srcset=\"https:\/\/berti.net\/wp-content\/uploads\/2012\/10\/Vepal-Colors-Madrid.jpg 800w, https:\/\/berti.net\/wp-content\/uploads\/2012\/10\/Vepal-Colors-Madrid-768x512.jpg 768w\" sizes=\"auto, (max-width: 800px) 100vw, 800px\" \/><\/figure>\n\n\n\n<figure class=\"wp-block-image size-full is-style-default\"><img loading=\"lazy\" decoding=\"async\" width=\"800\" height=\"533\" src=\"https:\/\/www.berti.net\/wp-content\/uploads\/2012\/10\/Vepal-Colors-Ginevra.jpg\" alt=\"\" class=\"wp-image-10238\" srcset=\"https:\/\/berti.net\/wp-content\/uploads\/2012\/10\/Vepal-Colors-Ginevra.jpg 800w, https:\/\/berti.net\/wp-content\/uploads\/2012\/10\/Vepal-Colors-Ginevra-768x512.jpg 768w\" sizes=\"auto, (max-width: 800px) 100vw, 800px\" \/><\/figure>\n<\/div>\n<\/div>\n\n\n\n<div class=\"wp-block-column is-layout-flow wp-container-core-column-is-layout-22223934 wp-block-column-is-layout-flow\" style=\"flex-basis:50%\">\n<figure class=\"wp-block-image size-full is-style-default\"><img loading=\"lazy\" decoding=\"async\" width=\"800\" height=\"533\" src=\"https:\/\/www.berti.net\/wp-content\/uploads\/2012\/10\/Vepal-Colors-Dublino.jpg\" alt=\"\" class=\"wp-image-10241\" srcset=\"https:\/\/berti.net\/wp-content\/uploads\/2012\/10\/Vepal-Colors-Dublino.jpg 800w, https:\/\/berti.net\/wp-content\/uploads\/2012\/10\/Vepal-Colors-Dublino-768x512.jpg 768w\" sizes=\"auto, (max-width: 800px) 100vw, 800px\" \/><\/figure>\n\n\n\n<figure class=\"wp-block-image size-full is-style-default\"><img loading=\"lazy\" decoding=\"async\" width=\"800\" height=\"533\" src=\"https:\/\/www.berti.net\/wp-content\/uploads\/2012\/10\/Vepal-Colors-Atene.jpg\" alt=\"\" class=\"wp-image-10244\" srcset=\"https:\/\/berti.net\/wp-content\/uploads\/2012\/10\/Vepal-Colors-Atene.jpg 800w, https:\/\/berti.net\/wp-content\/uploads\/2012\/10\/Vepal-Colors-Atene-768x512.jpg 768w\" sizes=\"auto, (max-width: 800px) 100vw, 800px\" \/><\/figure>\n\n\n\n<figure class=\"wp-block-image size-full is-style-default\"><img loading=\"lazy\" decoding=\"async\" width=\"800\" height=\"533\" src=\"https:\/\/www.berti.net\/wp-content\/uploads\/2012\/10\/Vepal-Colors-Amsterdam.jpg\" alt=\"\" class=\"wp-image-10247\" srcset=\"https:\/\/berti.net\/wp-content\/uploads\/2012\/10\/Vepal-Colors-Amsterdam.jpg 800w, https:\/\/berti.net\/wp-content\/uploads\/2012\/10\/Vepal-Colors-Amsterdam-768x512.jpg 768w\" sizes=\"auto, (max-width: 800px) 100vw, 800px\" \/><\/figure>\n<\/div>\n<\/div>\n\n\n\n<div class=\"wp-block-group post-categories has-global-padding is-content-justification-left is-layout-constrained wp-container-core-group-is-layout-836d34cb wp-block-group-is-layout-constrained\" style=\"margin-top:var(--wp--preset--spacing--70);font-size:11px\">\n<div class=\"wp-block-group is-content-justification-center is-nowrap is-layout-flex wp-container-core-group-is-layout-60758a6d wp-block-group-is-layout-flex\">\n<p>Revista \/<\/p>\n\n\n<div class=\"taxonomy-category wp-block-post-terms\"><a href=\"https:\/\/berti.net\/es\/magazine\/category\/productos\/\" rel=\"tag\">Productos<\/a><span class=\"wp-block-post-terms__separator\">, <\/span><a href=\"https:\/\/berti.net\/es\/magazine\/category\/proyectos\/\" rel=\"tag\">Proyectos<\/a><\/div><\/div>\n<\/div>\n<\/div>\n\n<p><\/p>\n","protected":false},"excerpt":{"rendered":"<p>Ha llegado el momento de presentarte en detalle esta gama de suelos de parquet de 3 capas preacabados, cada uno de ellos con un nuevo color dise\u00f1ado y creado en exclusiva para Vepal.<\/p>\n","protected":false},"author":9,"featured_media":17983,"comment_status":"closed","ping_status":"closed","sticky":false,"template":"","format":"standard","meta":{"footnotes":""},"categories":[108,142],"tags":[],"class_list":["post-17979","post","type-post","status-publish","format-standard","has-post-thumbnail","hentry","category-productos","category-proyectos"],"_links":{"self":[{"href":"https:\/\/berti.net\/es\/wp-json\/wp\/v2\/posts\/17979","targetHints":{"allow":["GET"]}}],"collection":[{"href":"https:\/\/berti.net\/es\/wp-json\/wp\/v2\/posts"}],"about":[{"href":"https:\/\/berti.net\/es\/wp-json\/wp\/v2\/types\/post"}],"author":[{"embeddable":true,"href":"https:\/\/berti.net\/es\/wp-json\/wp\/v2\/users\/9"}],"replies":[{"embeddable":true,"href":"https:\/\/berti.net\/es\/wp-json\/wp\/v2\/comments?post=17979"}],"version-history":[{"count":2,"href":"https:\/\/berti.net\/es\/wp-json\/wp\/v2\/posts\/17979\/revisions"}],"predecessor-version":[{"id":21190,"href":"https:\/\/berti.net\/es\/wp-json\/wp\/v2\/posts\/17979\/revisions\/21190"}],"wp:featuredmedia":[{"embeddable":true,"href":"https:\/\/berti.net\/es\/wp-json\/wp\/v2\/media\/17983"}],"wp:attachment":[{"href":"https:\/\/berti.net\/es\/wp-json\/wp\/v2\/media?parent=17979"}],"wp:term":[{"taxonomy":"category","embeddable":true,"href":"https:\/\/berti.net\/es\/wp-json\/wp\/v2\/categories?post=17979"},{"taxonomy":"post_tag","embeddable":true,"href":"https:\/\/berti.net\/es\/wp-json\/wp\/v2\/tags?post=17979"}],"curies":[{"name":"wp","href":"https:\/\/api.w.org\/{rel}","templated":true}]}}