{"id":17978,"date":"2012-06-12T12:42:59","date_gmt":"2012-06-12T12:42:59","guid":{"rendered":"https:\/\/www.berti.net\/magazine\/madera-por-todas-partes\/"},"modified":"2025-05-19T09:34:54","modified_gmt":"2025-05-19T09:34:54","slug":"madera-por-todas-partes","status":"publish","type":"post","link":"https:\/\/berti.net\/es\/magazine\/madera-por-todas-partes\/","title":{"rendered":"Madera por todas partes"},"content":{"rendered":"\n<div class=\"wp-block-group post-detail-pattern is-container has-base-2-color has-contrast-background-color has-text-color has-background has-link-color wp-elements-2530c153499bd7f550ff69b07dd10b70 has-global-padding is-layout-constrained wp-block-group-is-layout-constrained\" style=\"margin-top:0;margin-bottom:0;padding-top:var(--wp--preset--spacing--70);padding-bottom:var(--wp--preset--spacing--70)\">\n<div class=\"wp-block-columns alignwide is-layout-flex wp-container-core-columns-is-layout-d125203f wp-block-columns-is-layout-flex\" style=\"margin-bottom:var(--wp--preset--spacing--50)\">\n<div class=\"wp-block-column is-vertically-aligned-stretch is-layout-flow wp-block-column-is-layout-flow\" style=\"padding-right:0;flex-basis:50%\">\n<div class=\"wp-block-group is-vertical is-content-justification-stretch is-layout-flex wp-container-core-group-is-layout-e9e70883 wp-block-group-is-layout-flex\" style=\"min-height:100%\">\n<div class=\"wp-block-group post-categories is-nowrap is-layout-flex wp-container-core-group-is-layout-3155b93e wp-block-group-is-layout-flex\" style=\"margin-top:var(--wp--preset--spacing--20);font-size:11px\">\n<p>Revista \/<\/p>\n\n\n<div class=\"taxonomy-category wp-block-post-terms\"><a href=\"https:\/\/berti.net\/es\/magazine\/category\/productos\/\" rel=\"tag\">Productos<\/a><span class=\"wp-block-post-terms__separator\">, <\/span><a href=\"https:\/\/berti.net\/es\/magazine\/category\/proyectos\/\" rel=\"tag\">Proyectos<\/a><\/div><\/div>\n\n\n<div style=\"font-style:normal;font-weight:600;text-transform:uppercase;\" class=\"has-link-color wp-elements-32859cd979b45056895d81c5660c23a0 wp-block-post-date has-text-color has-base-color has-s-font-size\"><time datetime=\"2012-06-12T12:42:59+00:00\">12 June 2012<\/time><\/div>\n\n\n<h1 class=\"wp-block-heading post-title\"><strong>Madera<\/strong> por todas partes<\/h1>\n\n\n\n<h2 class=\"wp-block-heading post-subtitle\" style=\"margin-bottom:var(--wp--preset--spacing--20)\"><strong>La madera<\/strong>, sin duda el material <strong>m\u00e1s antiguo<\/strong> y <strong>cl\u00e1sico<\/strong>, vive actualmente una nueva juventud. Caracter\u00edsticas como la <strong>dureza<\/strong>, la <strong>estabilidad<\/strong> y <strong>la<\/strong> resistencia se transforman ahora en las <strong>virtudes del futuro<\/strong>.<\/h2>\n\n\n\n<p><strong>El dise\u00f1o<\/strong> opta por cambiar de perspectiva: se redescubren los cl\u00e1sicos haciendo hincapi\u00e9 en el estudio del pasado, hasta el punto de redescubrir la madera. Como todas las tendencias que siguen un ciclo, \u00e9sta ten\u00eda que volver tarde o temprano. En un mundo hipertecnol\u00f3gico y totalmente informatizado, a modo de contrapunto, se demandan elementos que recuerden al pasado, con un ojo puesto en la tecnolog\u00eda y un efecto vintage que capte la atenci\u00f3n en todos los sectores. En materia de planificaci\u00f3n y dise\u00f1o de interiores, la combinaci\u00f3n madera-dise\u00f1o vuelve a estar de moda tras un largo periodo en el que predominaron el acero y los materiales artificiales, pl\u00e1sticos y compuestos de alta tecnolog\u00eda.   <\/p>\n\n\n\n<figure class=\"wp-block-image size-full is-style-default\"><img loading=\"lazy\" decoding=\"async\" width=\"800\" height=\"533\" src=\"https:\/\/www.berti.net\/wp-content\/uploads\/2012\/06\/rivestimenti_amb-1.jpg\" alt=\"\" class=\"wp-image-10213\" srcset=\"https:\/\/berti.net\/wp-content\/uploads\/2012\/06\/rivestimenti_amb-1.jpg 800w, https:\/\/berti.net\/wp-content\/uploads\/2012\/06\/rivestimenti_amb-1-768x512.jpg 768w\" sizes=\"auto, (max-width: 800px) 100vw, 800px\" \/><\/figure>\n\n\n\n<p>Un material d\u00factil, f\u00e1cil de trabajar, ecol\u00f3gico y capaz de crear un ambiente caracterizado por la calidez natural de la madera. Hoy en d\u00eda, la madera conquista cada vez m\u00e1s espacios dentro de las casas, vamos camino de descubrir objetos y territorios inexplorados donde antes apenas estaba presente: desde paredes revestidas con <strong>paneles de madera<\/strong>, hasta mesas, sillas, camas&#8230; en fin, en todas partes. <\/p>\n\n\n\n<p>Un ejemplo excelente y que todos conocer\u00e9is ya: los <strong>revestimientos murales propuestos por <a href=\"https:\/\/blog.berti.net\/legno-everywhere\/www.berti.net\" target=\"_blank\" rel=\"noreferrer noopener\">Berti<\/a><\/strong>, en los que el parquet preacabado no tiene l\u00edmites de uso y conquista tambi\u00e9n el espacio de las paredes. De hecho, gracias a la amplia gama de especies de madera y acabados, y a las innovadoras estructuras modulares dise\u00f1adas por Berti para las paredes, es posible personalizar cada habitaci\u00f3n con creatividad. Tambi\u00e9n hay espacio para la fantas\u00eda moderna de fuentes de luz dise\u00f1adas y elegidas seg\u00fan el gusto de cada uno. Mediante el uso de la tecnolog\u00eda led-rgb en el parquet, el revestimiento de las paredes brilla as\u00ed con una nueva dimensi\u00f3n, proporcionando al ojo nuevas emociones.   <\/p>\n\n\n\n<figure class=\"wp-block-image size-full is-style-default\"><img loading=\"lazy\" decoding=\"async\" width=\"800\" height=\"802\" src=\"https:\/\/www.berti.net\/wp-content\/uploads\/2012\/06\/rivestimenti-led.jpg\" alt=\"\" class=\"wp-image-10217\" srcset=\"https:\/\/berti.net\/wp-content\/uploads\/2012\/06\/rivestimenti-led.jpg 800w, https:\/\/berti.net\/wp-content\/uploads\/2012\/06\/rivestimenti-led-406x406.jpg 406w, https:\/\/berti.net\/wp-content\/uploads\/2012\/06\/rivestimenti-led-768x770.jpg 768w\" sizes=\"auto, (max-width: 800px) 100vw, 800px\" \/><\/figure>\n\n\n\n<p>Pero tambi\u00e9n en una chaise <em>longue<\/em>: un ejemplo <em>Chaise Longue Body Raft de Cappellinirealizzata<\/em>con perfiles de madera de haya natural curvada.<\/p>\n\n\n\n<figure class=\"wp-block-image size-full is-style-default\"><img loading=\"lazy\" decoding=\"async\" width=\"600\" height=\"369\" src=\"https:\/\/www.berti.net\/wp-content\/uploads\/2012\/06\/chaise-longue.jpg\" alt=\"\" class=\"wp-image-10220\"\/><\/figure>\n<\/div>\n<\/div>\n\n\n\n<div class=\"wp-block-column is-layout-flow wp-container-core-column-is-layout-22223934 wp-block-column-is-layout-flow\" style=\"flex-basis:50%\">\n<p>Otra propuesta interesante es la ba\u00f1era <em>Ofur\u00f2, dise\u00f1ada por Matteo Thun para Rapsel<\/em>, que utiliza lamas de madera maciza de alerce siberiano y se inspira en las sugerencias de las ba\u00f1eras tradicionales japonesas, en las que el ritual del ba\u00f1o se repite a diario para purificar no s\u00f3lo el cuerpo, sino tambi\u00e9n la mente.<\/p>\n\n\n\n<figure class=\"wp-block-image size-full is-style-default\"><img loading=\"lazy\" decoding=\"async\" width=\"489\" height=\"399\" src=\"https:\/\/www.berti.net\/wp-content\/uploads\/2012\/06\/vasca_RAPSEL.jpg\" alt=\"\" class=\"wp-image-10223\"\/><\/figure>\n\n\n\n<p>Naturalmente, no faltan los accesorios de decoraci\u00f3n: <em>Luca Nichetto ha creado<\/em> la l\u00e1mpara <em>Troag <\/em> <em>para Foscarini<\/em>, que se inspira en la cultura sueca: el nombre indica un cuenco de madera en forma de canoa utilizado para triturar fruta. La madera multicapa es el material principal, trabajada en los bordes y curvada mediante calor para resaltar la veta de la madera, verdadera protagonista del dise\u00f1o conceptual. <\/p>\n\n\n\n<figure class=\"wp-block-image size-full is-style-default\"><img loading=\"lazy\" decoding=\"async\" width=\"489\" height=\"227\" src=\"https:\/\/www.berti.net\/wp-content\/uploads\/2012\/06\/5040_BIG_Troag_big.jpg\" alt=\"\" class=\"wp-image-10226\"\/><\/figure>\n\n\n\n<p>\u00bfPodemos hablar de <em>woodnoman\u00eda<\/em>? \u00a1Nos gustar\u00eda mucho pensar que s\u00ed! <\/p>\n<\/div>\n<\/div>\n\n\n\n<div class=\"wp-block-group post-categories has-global-padding is-content-justification-left is-layout-constrained wp-container-core-group-is-layout-836d34cb wp-block-group-is-layout-constrained\" style=\"margin-top:var(--wp--preset--spacing--70);font-size:11px\">\n<div class=\"wp-block-group is-content-justification-center is-nowrap is-layout-flex wp-container-core-group-is-layout-60758a6d wp-block-group-is-layout-flex\">\n<p>Revista \/<\/p>\n\n\n<div class=\"taxonomy-category wp-block-post-terms\"><a href=\"https:\/\/berti.net\/es\/magazine\/category\/productos\/\" rel=\"tag\">Productos<\/a><span class=\"wp-block-post-terms__separator\">, <\/span><a href=\"https:\/\/berti.net\/es\/magazine\/category\/proyectos\/\" rel=\"tag\">Proyectos<\/a><\/div><\/div>\n<\/div>\n<\/div>\n\n<p><\/p>\n","protected":false},"excerpt":{"rendered":"<p>La madera, sin duda el material m\u00e1s antiguo y cl\u00e1sico, vive actualmente una nueva juventud.<\/p>\n","protected":false},"author":9,"featured_media":17980,"comment_status":"closed","ping_status":"closed","sticky":false,"template":"","format":"standard","meta":{"footnotes":""},"categories":[108,142],"tags":[],"class_list":["post-17978","post","type-post","status-publish","format-standard","has-post-thumbnail","hentry","category-productos","category-proyectos"],"_links":{"self":[{"href":"https:\/\/berti.net\/es\/wp-json\/wp\/v2\/posts\/17978","targetHints":{"allow":["GET"]}}],"collection":[{"href":"https:\/\/berti.net\/es\/wp-json\/wp\/v2\/posts"}],"about":[{"href":"https:\/\/berti.net\/es\/wp-json\/wp\/v2\/types\/post"}],"author":[{"embeddable":true,"href":"https:\/\/berti.net\/es\/wp-json\/wp\/v2\/users\/9"}],"replies":[{"embeddable":true,"href":"https:\/\/berti.net\/es\/wp-json\/wp\/v2\/comments?post=17978"}],"version-history":[{"count":2,"href":"https:\/\/berti.net\/es\/wp-json\/wp\/v2\/posts\/17978\/revisions"}],"predecessor-version":[{"id":21179,"href":"https:\/\/berti.net\/es\/wp-json\/wp\/v2\/posts\/17978\/revisions\/21179"}],"wp:featuredmedia":[{"embeddable":true,"href":"https:\/\/berti.net\/es\/wp-json\/wp\/v2\/media\/17980"}],"wp:attachment":[{"href":"https:\/\/berti.net\/es\/wp-json\/wp\/v2\/media?parent=17978"}],"wp:term":[{"taxonomy":"category","embeddable":true,"href":"https:\/\/berti.net\/es\/wp-json\/wp\/v2\/categories?post=17978"},{"taxonomy":"post_tag","embeddable":true,"href":"https:\/\/berti.net\/es\/wp-json\/wp\/v2\/tags?post=17978"}],"curies":[{"name":"wp","href":"https:\/\/api.w.org\/{rel}","templated":true}]}}