{"id":17967,"date":"2012-05-31T13:03:54","date_gmt":"2012-05-31T13:03:54","guid":{"rendered":"https:\/\/www.berti.net\/magazine\/isabel-ii-cumple-60-anos-de-reinado-celebraciones-en-el-castillo-de-windsor\/"},"modified":"2025-05-19T09:34:43","modified_gmt":"2025-05-19T09:34:43","slug":"isabel-ii-cumple-60-anos-de-reinado-celebraciones-en-el-castillo-de-windsor","status":"publish","type":"post","link":"https:\/\/berti.net\/es\/magazine\/isabel-ii-cumple-60-anos-de-reinado-celebraciones-en-el-castillo-de-windsor\/","title":{"rendered":"Isabel II cumple 60 a\u00f1os de reinado: celebraciones en el Castillo de Windsor"},"content":{"rendered":"\n<div class=\"wp-block-group post-detail-pattern is-container has-base-2-color has-contrast-background-color has-text-color has-background has-link-color wp-elements-bc611449bd487c0787c96f4d4800d4ab has-global-padding is-layout-constrained wp-block-group-is-layout-constrained\" style=\"margin-top:0;margin-bottom:0;padding-top:var(--wp--preset--spacing--70);padding-bottom:var(--wp--preset--spacing--70)\">\n<div class=\"wp-block-columns alignwide is-layout-flex wp-container-core-columns-is-layout-d125203f wp-block-columns-is-layout-flex\" style=\"margin-bottom:var(--wp--preset--spacing--50)\">\n<div class=\"wp-block-column is-vertically-aligned-stretch is-layout-flow wp-block-column-is-layout-flow\" style=\"padding-right:0;flex-basis:50%\">\n<div class=\"wp-block-group is-vertical is-content-justification-stretch is-layout-flex wp-container-core-group-is-layout-e9e70883 wp-block-group-is-layout-flex\" style=\"min-height:100%\">\n<div class=\"wp-block-group post-categories is-nowrap is-layout-flex wp-container-core-group-is-layout-3155b93e wp-block-group-is-layout-flex\" style=\"margin-top:var(--wp--preset--spacing--20);font-size:11px\">\n<p>Revista \/<\/p>\n\n\n<div class=\"taxonomy-category wp-block-post-terms\"><a href=\"https:\/\/berti.net\/es\/magazine\/category\/productos\/\" rel=\"tag\">Productos<\/a><span class=\"wp-block-post-terms__separator\">, <\/span><a href=\"https:\/\/berti.net\/es\/magazine\/category\/eventos\/\" rel=\"tag\">Eventos<\/a><span class=\"wp-block-post-terms__separator\">, <\/span><a href=\"https:\/\/berti.net\/es\/magazine\/category\/proyectos\/\" rel=\"tag\">Proyectos<\/a><\/div><\/div>\n\n\n<div style=\"font-style:normal;font-weight:600;text-transform:uppercase;\" class=\"has-link-color wp-elements-32859cd979b45056895d81c5660c23a0 wp-block-post-date has-text-color has-base-color has-s-font-size\"><time datetime=\"2012-05-31T13:03:54+00:00\">31 May 2012<\/time><\/div>\n\n\n<h1 class=\"wp-block-heading post-title\"><strong>Isabel II<\/strong> cumple <strong>60 a\u00f1os de reinado<\/strong>: celebraciones en <strong>el Castillo de Windsor<\/strong><\/h1>\n\n\n\n<h2 class=\"wp-block-heading post-subtitle\" style=\"margin-bottom:var(--wp--preset--spacing--20)\"><strong>Isabel II de Inglaterra<\/strong> cumple el 2 de junio 60 a\u00f1os como reina, el segundo reinado m\u00e1s largo de la historia de la monarqu\u00eda brit\u00e1nica. En efecto, ha pasado mucho tiempo desde el 2 de junio de 1952, cuando Su Majestad Isabel fue coronada en una magn\u00edfica ceremonia en la Abad\u00eda de Westminster, una verdadera Coronaci\u00f3n cristiana.<\/h2>\n\n\n\n<p>El arzobispo celebrante se mostr\u00f3 firme en mantener el car\u00e1cter medieval tradicional que deb\u00eda seguirse durante el servicio de investidura. Sin embargo, era la primera vez que se permit\u00eda a la TV participar y emitir im\u00e1genes de un ritual que se ha convertido en un pedazo de la historia contempor\u00e1nea. <\/p>\n\n\n\n<figure class=\"wp-block-image size-full is-style-default\"><img loading=\"lazy\" decoding=\"async\" width=\"417\" height=\"521\" src=\"https:\/\/www.berti.net\/wp-content\/uploads\/2012\/05\/queen-elizabeth.jpg\" alt=\"\" class=\"wp-image-10254\"\/><\/figure>\n\n\n\n<p>Tras la Coronaci\u00f3n, ella y Felipe se trasladaron al Palacio de Buckingham, en el centro de Londres. Sin embargo, como muchos de sus predecesores, pasa mucho tiempo en <strong>el castillo de Windsor<\/strong>, situado al oeste de Londres, que se considera el hogar de todos los monarcas brit\u00e1nicos. La reina Isabel II suele optar por pasar muchos fines de semana del a\u00f1o en el castillo, utiliz\u00e1ndolo tanto para reuniones de Estado como privadas.  <\/p>\n\n\n\n<figure class=\"wp-block-image size-full is-style-default\"><img loading=\"lazy\" decoding=\"async\" width=\"300\" height=\"224\" src=\"https:\/\/www.berti.net\/wp-content\/uploads\/2012\/05\/il-castello-di-windsor.jpg\" alt=\"\" class=\"wp-image-10258\"\/><\/figure>\n\n\n\n<p><strong>Berti<\/strong> tuvo la oportunidad de <strong>reconstruir el suelo de parqu\u00e9 con incrustaciones<\/strong> decorado con dise\u00f1os y frisos de la Casa Real, respetando el suelo original que fue destruido por un incendio en noviembre de 1992. El procesamiento <strong>por<\/strong> l\u00e1ser siempre ha sido un sello distintivo del prestigio mundial de Berti, aprovechando las t\u00e9cnicas de dise\u00f1o de vanguardia del departamento t\u00e9cnico de Berti Pavimenti Legno. Adem\u00e1s de ser la primera en utilizar la tecnolog\u00eda l\u00e1ser aplicada a la taracea, la empresa dispone ahora de avanzados sistemas inform\u00e1ticos y sofisticada maquinaria de producci\u00f3n que le permiten ofrecer una amplia gama de soluciones y crear suelos de madera altamente personalizados que reflejan la personalidad de sus habitantes. Diferentes \u00e1reas, pero muy vers\u00e1tiles. Incluso para quienes no tienen una residencia real, como Isabel.    <\/p>\n\n\n\n<figure class=\"wp-block-image size-full is-style-default\"><img loading=\"lazy\" decoding=\"async\" width=\"353\" height=\"500\" src=\"https:\/\/www.berti.net\/wp-content\/uploads\/2012\/05\/6118616496_5c2bafc4de.jpg\" alt=\"\" class=\"wp-image-10261\"\/><figcaption class=\"wp-element-caption\">El Sal\u00f3n Carmes\u00ed &#8211; Apartamentos de Estado en el Castillo de Windsor Inglaterra<\/figcaption><\/figure>\n<\/div>\n<\/div>\n\n\n\n<div class=\"wp-block-column is-layout-flow wp-container-core-column-is-layout-22223934 wp-block-column-is-layout-flow\" style=\"flex-basis:50%\">\n<figure class=\"wp-block-image size-full is-style-default\"><img loading=\"lazy\" decoding=\"async\" width=\"901\" height=\"562\" src=\"https:\/\/www.berti.net\/wp-content\/uploads\/2012\/05\/Schermata-05-2456077-alle-17.05.05.png\" alt=\"\" class=\"wp-image-10264\" srcset=\"https:\/\/berti.net\/wp-content\/uploads\/2012\/05\/Schermata-05-2456077-alle-17.05.05.png 901w, https:\/\/berti.net\/wp-content\/uploads\/2012\/05\/Schermata-05-2456077-alle-17.05.05-812x506.png 812w, https:\/\/berti.net\/wp-content\/uploads\/2012\/05\/Schermata-05-2456077-alle-17.05.05-768x479.png 768w\" sizes=\"auto, (max-width: 901px) 100vw, 901px\" \/><\/figure>\n\n\n\n<p>Con motivo de las celebraciones del <strong>Jubileo de Diamante<\/strong> de la reina Isabel II, que culminar\u00e1n en Londres los d\u00edas 2 y 5 de junio, muchas marcas han optado por festejar a la soberana brit\u00e1nica dedicando diversas iniciativas al acontecimiento, desde colecciones de joyas que retoman el tema de la corona, hasta licores finos: el propio sector tur\u00edstico se ha organizado creando vacaciones tem\u00e1ticas.<\/p>\n\n\n\n<p>A continuaci\u00f3n figura la <strong>carta de agradecimiento<\/strong> de Su Majestad la Reina Isabel a Giancarlo Berti por la reconstrucci\u00f3n del suelo del Sal\u00f3n Carmes\u00ed del Castillo de Windsor:<\/p>\n\n\n\n<figure class=\"wp-block-image size-full is-style-default\"><img loading=\"lazy\" decoding=\"async\" width=\"1800\" height=\"2142\" src=\"https:\/\/www.berti.net\/wp-content\/uploads\/2012\/05\/ringraziamento-elisabetta.jpg\" alt=\"\" class=\"wp-image-10267\" srcset=\"https:\/\/berti.net\/wp-content\/uploads\/2012\/05\/ringraziamento-elisabetta.jpg 1800w, https:\/\/berti.net\/wp-content\/uploads\/2012\/05\/ringraziamento-elisabetta-682x812.jpg 682w, https:\/\/berti.net\/wp-content\/uploads\/2012\/05\/ringraziamento-elisabetta-1613x1920.jpg 1613w, https:\/\/berti.net\/wp-content\/uploads\/2012\/05\/ringraziamento-elisabetta-768x914.jpg 768w, https:\/\/berti.net\/wp-content\/uploads\/2012\/05\/ringraziamento-elisabetta-1291x1536.jpg 1291w, https:\/\/berti.net\/wp-content\/uploads\/2012\/05\/ringraziamento-elisabetta-1721x2048.jpg 1721w\" sizes=\"auto, (max-width: 1800px) 100vw, 1800px\" \/><figcaption class=\"wp-element-caption\">SV-BERTI 6308-15<\/figcaption><\/figure>\n<\/div>\n<\/div>\n\n\n\n<div class=\"wp-block-group post-categories has-global-padding is-content-justification-left is-layout-constrained wp-container-core-group-is-layout-836d34cb wp-block-group-is-layout-constrained\" style=\"margin-top:var(--wp--preset--spacing--70);font-size:11px\">\n<div class=\"wp-block-group is-content-justification-center is-nowrap is-layout-flex wp-container-core-group-is-layout-60758a6d wp-block-group-is-layout-flex\">\n<p>Revista \/<\/p>\n\n\n<div class=\"taxonomy-category wp-block-post-terms\"><a href=\"https:\/\/berti.net\/es\/magazine\/category\/productos\/\" rel=\"tag\">Productos<\/a><span class=\"wp-block-post-terms__separator\">, <\/span><a href=\"https:\/\/berti.net\/es\/magazine\/category\/eventos\/\" rel=\"tag\">Eventos<\/a><span class=\"wp-block-post-terms__separator\">, <\/span><a href=\"https:\/\/berti.net\/es\/magazine\/category\/proyectos\/\" rel=\"tag\">Proyectos<\/a><\/div><\/div>\n<\/div>\n<\/div>\n\n<p><\/p>\n","protected":false},"excerpt":{"rendered":"<p>Isabel II de Inglaterra cumple el 2 de junio 60 a\u00f1os como reina, el segundo reinado m\u00e1s largo de la historia de la monarqu\u00eda brit\u00e1nica.<\/p>\n","protected":false},"author":9,"featured_media":17968,"comment_status":"closed","ping_status":"closed","sticky":false,"template":"","format":"standard","meta":{"footnotes":""},"categories":[108,143,142],"tags":[],"class_list":["post-17967","post","type-post","status-publish","format-standard","has-post-thumbnail","hentry","category-productos","category-eventos","category-proyectos"],"_links":{"self":[{"href":"https:\/\/berti.net\/es\/wp-json\/wp\/v2\/posts\/17967","targetHints":{"allow":["GET"]}}],"collection":[{"href":"https:\/\/berti.net\/es\/wp-json\/wp\/v2\/posts"}],"about":[{"href":"https:\/\/berti.net\/es\/wp-json\/wp\/v2\/types\/post"}],"author":[{"embeddable":true,"href":"https:\/\/berti.net\/es\/wp-json\/wp\/v2\/users\/9"}],"replies":[{"embeddable":true,"href":"https:\/\/berti.net\/es\/wp-json\/wp\/v2\/comments?post=17967"}],"version-history":[{"count":2,"href":"https:\/\/berti.net\/es\/wp-json\/wp\/v2\/posts\/17967\/revisions"}],"predecessor-version":[{"id":21175,"href":"https:\/\/berti.net\/es\/wp-json\/wp\/v2\/posts\/17967\/revisions\/21175"}],"wp:featuredmedia":[{"embeddable":true,"href":"https:\/\/berti.net\/es\/wp-json\/wp\/v2\/media\/17968"}],"wp:attachment":[{"href":"https:\/\/berti.net\/es\/wp-json\/wp\/v2\/media?parent=17967"}],"wp:term":[{"taxonomy":"category","embeddable":true,"href":"https:\/\/berti.net\/es\/wp-json\/wp\/v2\/categories?post=17967"},{"taxonomy":"post_tag","embeddable":true,"href":"https:\/\/berti.net\/es\/wp-json\/wp\/v2\/tags?post=17967"}],"curies":[{"name":"wp","href":"https:\/\/api.w.org\/{rel}","templated":true}]}}