{"id":17948,"date":"2012-07-12T11:20:08","date_gmt":"2012-07-12T11:20:08","guid":{"rendered":"https:\/\/www.berti.net\/magazine\/vepal-decking-la-marca-vepal-wpc-para-suelos-de-exterior\/"},"modified":"2025-05-19T09:34:53","modified_gmt":"2025-05-19T09:34:53","slug":"vepal-decking-la-marca-vepal-wpc-para-suelos-de-exterior","status":"publish","type":"post","link":"https:\/\/berti.net\/es\/magazine\/vepal-decking-la-marca-vepal-wpc-para-suelos-de-exterior\/","title":{"rendered":"Vepal Decking: la marca Vepal Wpc para suelos de exterior"},"content":{"rendered":"\n<div class=\"wp-block-group post-detail-pattern is-container has-base-2-color has-contrast-background-color has-text-color has-background has-link-color wp-elements-869318b278577cca912ff8b611da53fd has-global-padding is-layout-constrained wp-block-group-is-layout-constrained\" style=\"margin-top:0;margin-bottom:0;padding-top:var(--wp--preset--spacing--70);padding-bottom:var(--wp--preset--spacing--70)\">\n<div class=\"wp-block-columns alignwide is-layout-flex wp-container-core-columns-is-layout-d125203f wp-block-columns-is-layout-flex\" style=\"margin-bottom:var(--wp--preset--spacing--50)\">\n<div class=\"wp-block-column is-vertically-aligned-stretch is-layout-flow wp-block-column-is-layout-flow\" style=\"padding-right:0;flex-basis:50%\">\n<div class=\"wp-block-group is-vertical is-content-justification-stretch is-layout-flex wp-container-core-group-is-layout-e9e70883 wp-block-group-is-layout-flex\" style=\"min-height:100%\">\n<div class=\"wp-block-group post-categories is-nowrap is-layout-flex wp-container-core-group-is-layout-3155b93e wp-block-group-is-layout-flex\" style=\"margin-top:var(--wp--preset--spacing--20);font-size:11px\">\n<p>Revista \/<\/p>\n\n\n<div class=\"taxonomy-category wp-block-post-terms\"><a href=\"https:\/\/berti.net\/es\/magazine\/category\/productos\/\" rel=\"tag\">Productos<\/a><span class=\"wp-block-post-terms__separator\">, <\/span><a href=\"https:\/\/berti.net\/es\/magazine\/category\/proyectos\/\" rel=\"tag\">Proyectos<\/a><\/div><\/div>\n\n\n<div style=\"font-style:normal;font-weight:600;text-transform:uppercase;\" class=\"has-link-color wp-elements-32859cd979b45056895d81c5660c23a0 wp-block-post-date has-text-color has-base-color has-s-font-size\"><time datetime=\"2012-07-12T11:20:08+00:00\">12 July 2012<\/time><\/div>\n\n\n<h1 class=\"wp-block-heading post-title\"><strong>Vepal Decking:<\/strong><br\/> los suelos de exterior de la marca<strong>Wpc<\/strong> <strong><a href=\"https:\/\/www.vepal.it\/\" target=\"_blank\" rel=\"noreferrer noopener\">Vepal<\/a><\/strong>.  <\/h1>\n\n\n\n<h2 class=\"wp-block-heading post-subtitle\" style=\"margin-bottom:var(--wp--preset--spacing--20)\">Volvamos a un tema que ya hemos tratado: el <a href=\"https:\/\/blog.berti.net\/il-parquet-allesterno-berti-havana\"><strong>parquet exterior<\/strong><\/a>. Esta vez, sin embargo, hablamos de la <strong>Tarima de Madera Pl\u00e1stica<\/strong> propuesta por <a href=\"https:\/\/www.vepal.it\/\" target=\"_blank\" rel=\"noreferrer noopener\"><strong>Vepal<\/strong><\/a>.   <\/h2>\n\n\n\n<p>Se trata de un parquet de exterior fabricado con materiales absolutamente ecol\u00f3gicos, reciclables y respetuosos con el medio ambiente. Los materiales utilizados son un 60% de polvo de madera de \u00e1lamo, un 35% de pl\u00e1sticos de alta calidad y adecuadamente reciclados, y un 5% de aditivos (antioxidantes, estabilizantes, colorantes, agentes reforzantes y lubricantes). Es una alternativa respetuosa con el medio ambiente, ya que combina las ventajas de la madera con la durabilidad de los pl\u00e1sticos.  <\/p>\n\n\n\n<figure class=\"wp-block-image size-full is-style-default\"><img loading=\"lazy\" decoding=\"async\" width=\"912\" height=\"581\" src=\"https:\/\/www.berti.net\/wp-content\/uploads\/2012\/07\/Vepal-Decking-Wpc_2.jpg\" alt=\"\" class=\"wp-image-10158\" srcset=\"https:\/\/berti.net\/wp-content\/uploads\/2012\/07\/Vepal-Decking-Wpc_2.jpg 912w, https:\/\/berti.net\/wp-content\/uploads\/2012\/07\/Vepal-Decking-Wpc_2-812x517.jpg 812w, https:\/\/berti.net\/wp-content\/uploads\/2012\/07\/Vepal-Decking-Wpc_2-768x489.jpg 768w\" sizes=\"auto, (max-width: 912px) 100vw, 912px\" \/><\/figure>\n\n\n\n<p>Vepal Decking Plastic Wood es un producto dise\u00f1ado espec\u00edficamente para muebles de jard\u00edn y exteriores en general. Las aplicaciones pueden ser realmente las m\u00e1s variadas: caminos y cruces de jard\u00edn, suelos de cenadores, pavimentos exteriores para bares, restaurantes y aparcamientos, paseos mar\u00edtimos, rellanos y escalones de jard\u00edn, pavimentos de piscinas, carriles de pinos, campos de golf. <\/p>\n\n\n\n<figure class=\"wp-block-image size-full is-style-default\"><img loading=\"lazy\" decoding=\"async\" width=\"912\" height=\"581\" src=\"https:\/\/www.berti.net\/wp-content\/uploads\/2012\/07\/Vepal-Decking-Wpc_3.jpg\" alt=\"\" class=\"wp-image-10161\" srcset=\"https:\/\/berti.net\/wp-content\/uploads\/2012\/07\/Vepal-Decking-Wpc_3.jpg 912w, https:\/\/berti.net\/wp-content\/uploads\/2012\/07\/Vepal-Decking-Wpc_3-812x517.jpg 812w, https:\/\/berti.net\/wp-content\/uploads\/2012\/07\/Vepal-Decking-Wpc_3-768x489.jpg 768w\" sizes=\"auto, (max-width: 912px) 100vw, 912px\" \/><\/figure>\n\n\n\n<figure class=\"wp-block-image size-full is-style-default\"><img loading=\"lazy\" decoding=\"async\" width=\"1945\" height=\"1300\" src=\"https:\/\/www.berti.net\/wp-content\/uploads\/2012\/07\/Vepal-Decking-Wpc_4.jpg\" alt=\"\" class=\"wp-image-10164\" srcset=\"https:\/\/berti.net\/wp-content\/uploads\/2012\/07\/Vepal-Decking-Wpc_4.jpg 1945w, https:\/\/berti.net\/wp-content\/uploads\/2012\/07\/Vepal-Decking-Wpc_4-812x543.jpg 812w, https:\/\/berti.net\/wp-content\/uploads\/2012\/07\/Vepal-Decking-Wpc_4-1920x1283.jpg 1920w, https:\/\/berti.net\/wp-content\/uploads\/2012\/07\/Vepal-Decking-Wpc_4-768x513.jpg 768w, https:\/\/berti.net\/wp-content\/uploads\/2012\/07\/Vepal-Decking-Wpc_4-1536x1027.jpg 1536w\" sizes=\"auto, (max-width: 1945px) 100vw, 1945px\" \/><\/figure>\n\n\n\n<figure class=\"wp-block-image size-full is-style-default\"><img loading=\"lazy\" decoding=\"async\" width=\"623\" height=\"429\" src=\"https:\/\/www.berti.net\/wp-content\/uploads\/2012\/07\/Vepal-Decking-Wpc_5.jpg\" alt=\"\" class=\"wp-image-10167\"\/><\/figure>\n<\/div>\n<\/div>\n\n\n\n<div class=\"wp-block-column is-layout-flow wp-container-core-column-is-layout-22223934 wp-block-column-is-layout-flow\" style=\"flex-basis:50%\">\n<figure class=\"wp-block-image size-full is-style-default\"><img loading=\"lazy\" decoding=\"async\" width=\"698\" height=\"386\" src=\"https:\/\/www.berti.net\/wp-content\/uploads\/2012\/07\/Vepal-Decking-Wpc_62.jpg\" alt=\"\" class=\"wp-image-10170\"\/><\/figure>\n\n\n\n<figure class=\"wp-block-image size-full is-style-default\"><img loading=\"lazy\" decoding=\"async\" width=\"1169\" height=\"341\" src=\"https:\/\/www.berti.net\/wp-content\/uploads\/2012\/07\/Vepal-Decking-Wpc_7.jpg\" alt=\"\" class=\"wp-image-10173\" srcset=\"https:\/\/berti.net\/wp-content\/uploads\/2012\/07\/Vepal-Decking-Wpc_7.jpg 1169w, https:\/\/berti.net\/wp-content\/uploads\/2012\/07\/Vepal-Decking-Wpc_7-812x237.jpg 812w, https:\/\/berti.net\/wp-content\/uploads\/2012\/07\/Vepal-Decking-Wpc_7-768x224.jpg 768w\" sizes=\"auto, (max-width: 1169px) 100vw, 1169px\" \/><\/figure>\n\n\n\n<p><strong>La tarima de Wpc<\/strong> tiene una resistencia extraordinaria, inigualable. Es un producto que durar\u00e1 hasta 25 a\u00f1os tras su instalaci\u00f3n, sin necesidad de mantenimiento ni pintura con el paso del tiempo. Es un suelo de exterior que no teme ning\u00fan tipo de agresi\u00f3n externa.<br\/>Vepal WPC no requiere ning\u00fan mantenimiento especial: de hecho, es f\u00e1cil de limpiar, gracias a la estudiada mezcla de fibras y pol\u00edmeros que evitan la aparici\u00f3n de moho y hongos. Si es necesario, se aconseja utilizar limpiadores de suelos neutros y aclarar con agua corriente.  <\/p>\n<\/div>\n<\/div>\n\n\n\n<div class=\"wp-block-group post-categories has-global-padding is-content-justification-left is-layout-constrained wp-container-core-group-is-layout-836d34cb wp-block-group-is-layout-constrained\" style=\"margin-top:var(--wp--preset--spacing--70);font-size:11px\">\n<div class=\"wp-block-group is-content-justification-center is-nowrap is-layout-flex wp-container-core-group-is-layout-60758a6d wp-block-group-is-layout-flex\">\n<p>Revista \/<\/p>\n\n\n<div class=\"taxonomy-category wp-block-post-terms\"><a href=\"https:\/\/berti.net\/es\/magazine\/category\/productos\/\" rel=\"tag\">Productos<\/a><span class=\"wp-block-post-terms__separator\">, <\/span><a href=\"https:\/\/berti.net\/es\/magazine\/category\/proyectos\/\" rel=\"tag\">Proyectos<\/a><\/div><\/div>\n<\/div>\n<\/div>\n\n<p><\/p>\n","protected":false},"excerpt":{"rendered":"<p>Volvemos a un tema que ya hemos tratado: el parquet de exterior. Esta vez, sin embargo, hablamos de la tarima de Madera Pl\u00e1stica propuesta por Vepal. <\/p>\n","protected":false},"author":9,"featured_media":17949,"comment_status":"closed","ping_status":"closed","sticky":false,"template":"","format":"standard","meta":{"footnotes":""},"categories":[108,142],"tags":[],"class_list":["post-17948","post","type-post","status-publish","format-standard","has-post-thumbnail","hentry","category-productos","category-proyectos"],"_links":{"self":[{"href":"https:\/\/berti.net\/es\/wp-json\/wp\/v2\/posts\/17948","targetHints":{"allow":["GET"]}}],"collection":[{"href":"https:\/\/berti.net\/es\/wp-json\/wp\/v2\/posts"}],"about":[{"href":"https:\/\/berti.net\/es\/wp-json\/wp\/v2\/types\/post"}],"author":[{"embeddable":true,"href":"https:\/\/berti.net\/es\/wp-json\/wp\/v2\/users\/9"}],"replies":[{"embeddable":true,"href":"https:\/\/berti.net\/es\/wp-json\/wp\/v2\/comments?post=17948"}],"version-history":[{"count":2,"href":"https:\/\/berti.net\/es\/wp-json\/wp\/v2\/posts\/17948\/revisions"}],"predecessor-version":[{"id":21181,"href":"https:\/\/berti.net\/es\/wp-json\/wp\/v2\/posts\/17948\/revisions\/21181"}],"wp:featuredmedia":[{"embeddable":true,"href":"https:\/\/berti.net\/es\/wp-json\/wp\/v2\/media\/17949"}],"wp:attachment":[{"href":"https:\/\/berti.net\/es\/wp-json\/wp\/v2\/media?parent=17948"}],"wp:term":[{"taxonomy":"category","embeddable":true,"href":"https:\/\/berti.net\/es\/wp-json\/wp\/v2\/categories?post=17948"},{"taxonomy":"post_tag","embeddable":true,"href":"https:\/\/berti.net\/es\/wp-json\/wp\/v2\/tags?post=17948"}],"curies":[{"name":"wp","href":"https:\/\/api.w.org\/{rel}","templated":true}]}}