{"id":17930,"date":"2012-06-18T12:30:11","date_gmt":"2012-06-18T12:30:11","guid":{"rendered":"https:\/\/www.berti.net\/magazine\/me-encanta-la-madera\/"},"modified":"2025-05-19T09:34:55","modified_gmt":"2025-05-19T09:34:55","slug":"me-encanta-la-madera","status":"publish","type":"post","link":"https:\/\/berti.net\/es\/magazine\/me-encanta-la-madera\/","title":{"rendered":"Me encanta la madera"},"content":{"rendered":"\n<div class=\"wp-block-group post-detail-pattern is-container has-base-2-color has-contrast-background-color has-text-color has-background has-link-color wp-elements-5b656270819eb1c9f2746dfa1a08de0e has-global-padding is-layout-constrained wp-block-group-is-layout-constrained\" style=\"margin-top:0;margin-bottom:0;padding-top:var(--wp--preset--spacing--70);padding-bottom:var(--wp--preset--spacing--70)\">\n<div class=\"wp-block-columns alignwide is-layout-flex wp-container-core-columns-is-layout-d125203f wp-block-columns-is-layout-flex\" style=\"margin-bottom:var(--wp--preset--spacing--50)\">\n<div class=\"wp-block-column is-vertically-aligned-stretch is-layout-flow wp-block-column-is-layout-flow\" style=\"padding-right:0;flex-basis:50%\">\n<div class=\"wp-block-group is-vertical is-content-justification-stretch is-layout-flex wp-container-core-group-is-layout-e9e70883 wp-block-group-is-layout-flex\" style=\"min-height:100%\">\n<div class=\"wp-block-group post-categories is-nowrap is-layout-flex wp-container-core-group-is-layout-3155b93e wp-block-group-is-layout-flex\" style=\"margin-top:var(--wp--preset--spacing--20);font-size:11px\">\n<p>Revista \/<\/p>\n\n\n<div class=\"taxonomy-category wp-block-post-terms\"><a href=\"https:\/\/berti.net\/es\/magazine\/category\/productos\/\" rel=\"tag\">Productos<\/a><span class=\"wp-block-post-terms__separator\">, <\/span><a href=\"https:\/\/berti.net\/es\/magazine\/category\/proyectos\/\" rel=\"tag\">Proyectos<\/a><\/div><\/div>\n\n\n<div style=\"font-style:normal;font-weight:600;text-transform:uppercase;\" class=\"has-link-color wp-elements-32859cd979b45056895d81c5660c23a0 wp-block-post-date has-text-color has-base-color has-s-font-size\"><time datetime=\"2012-06-18T12:30:11+00:00\">18 June 2012<\/time><\/div>\n\n\n<h1 class=\"wp-block-heading post-title\">Me encanta <strong>la madera<\/strong><\/h1>\n\n\n\n<h2 class=\"wp-block-heading post-subtitle\" style=\"margin-bottom:var(--wp--preset--spacing--20)\">Parece que <strong>la madera<\/strong> no s\u00f3lo <strong>se<\/strong> detiene en el <strong>hogar<\/strong> y como elemento de <strong>interiorismo<\/strong>. La madera y sus vetas tambi\u00e9n est\u00e1n ganando un espacio en <strong>los desfiles de moda<\/strong>, <strong>pr\u00eat-\u00e0-porter<\/strong> y <strong>accesorios<\/strong>.<\/h2>\n\n\n\n<p><strong>Rodarte<\/strong>, una marca de ropa y accesorios fundada en Estados Unidos en 2005, ofreci\u00f3 varios conjuntos con tejidos estampados con aspecto de madera en su desfile de primavera de 2011:<\/p>\n\n\n\n<figure class=\"wp-block-image size-full is-style-default\"><img loading=\"lazy\" decoding=\"async\" width=\"632\" height=\"480\" src=\"https:\/\/www.berti.net\/wp-content\/uploads\/2012\/06\/Rodarte-spring-2011_ok.jpg\" alt=\"\" class=\"wp-image-10179\"\/><\/figure>\n\n\n\n<p>Celine, marca francesa fundada en 1945, tambi\u00e9n incluye varios lanzamientos inspirados en la sugerencia de la textura de la madera en su colecci\u00f3n de oto\u00f1o de 2011:<\/p>\n\n\n\n<figure class=\"wp-block-image size-full is-style-default\"><img loading=\"lazy\" decoding=\"async\" width=\"646\" height=\"480\" src=\"https:\/\/www.berti.net\/wp-content\/uploads\/2012\/06\/Celine-fall-2011_ok.jpg\" alt=\"\" class=\"wp-image-10183\"\/><\/figure>\n\n\n\n<p>Prada, por su parte, elige la madera como material, pero se limita a los accesorios. Aqu\u00ed tienes un par de gafas con montura de madera, que evocan ambientes retro, al tiempo que conservan la forma caracter\u00edstica del modelo &#8221;Swing&#8221; de la casa de moda.<\/p>\n\n\n\n<figure class=\"wp-block-image size-full is-style-default\"><img loading=\"lazy\" decoding=\"async\" width=\"640\" height=\"427\" src=\"https:\/\/www.berti.net\/wp-content\/uploads\/2012\/06\/prada-sunglasses.jpg\" alt=\"\" class=\"wp-image-10186\"\/><\/figure>\n\n\n\n<p>La misma elecci\u00f3n para Louis Vuitton, que ofrece gafas para hombre con una l\u00ednea m\u00e1s moderna, que contrasta con el material, una vez m\u00e1s: la madera.<\/p>\n\n\n\n<figure class=\"wp-block-image size-full is-style-default\"><img loading=\"lazy\" decoding=\"async\" width=\"540\" height=\"370\" src=\"https:\/\/www.berti.net\/wp-content\/uploads\/2012\/06\/Summer-2012-Collection-sunglasses.jpg\" alt=\"\" class=\"wp-image-10189\"\/><\/figure>\n\n\n\n<p>Siguiendo con los accesorios, la dise\u00f1adora de renombre internacional Stella McCartney lanz\u00f3 en 2010 el Bolso Clutch Acorde\u00f3n de Madera. Es un objeto de dise\u00f1o puro, casi una obra de arte m\u00e1s que un c\u00f3modo accesorio para llevar a diario. <\/p>\n\n\n\n<figure class=\"wp-block-image size-full is-style-default\"><img loading=\"lazy\" decoding=\"async\" width=\"714\" height=\"384\" src=\"https:\/\/www.berti.net\/wp-content\/uploads\/2012\/06\/stellamccartney-borsa-legno_ok.jpg\" alt=\"\" class=\"wp-image-10192\"\/><\/figure>\n\n\n\n<p>Siguiendo con el tema de los bolsos, tambi\u00e9n podemos admirar un particular clutch de madera de moda. Este bolso est\u00e1 fabricado con paneles de madera noble, fabricados en Suecia; el ensamblaje con las piezas met\u00e1licas de acero y cuero, en cambio, est\u00e1 hecho en Estados Unidos por Tivi, una joven empresa que pretende crear accesorios combinando materiales naturales con la moda. <\/p>\n\n\n\n<figure class=\"wp-block-image size-full is-style-default\"><img loading=\"lazy\" decoding=\"async\" width=\"400\" height=\"400\" src=\"https:\/\/www.berti.net\/wp-content\/uploads\/2012\/06\/borse-legno.jpg\" alt=\"\" class=\"wp-image-10195\"\/><\/figure>\n<\/div>\n<\/div>\n\n\n\n<div class=\"wp-block-column is-layout-flow wp-container-core-column-is-layout-22223934 wp-block-column-is-layout-flow\" style=\"flex-basis:50%\">\n<p>No se trata de una bolsa &#8221;de moda&#8221;, sino de un accesorio sin duda m\u00e1s \u00fatil, este malet\u00edn de madera para port\u00e1til presentado durante la Semana del Dise\u00f1o de Londres 2011. En su interior cabe un port\u00e1til de hasta 17 pulgadas, rat\u00f3n y cable de carga incluidos. <\/p>\n\n\n\n<figure class=\"wp-block-image size-full is-style-default\"><img loading=\"lazy\" decoding=\"async\" width=\"795\" height=\"241\" src=\"https:\/\/www.berti.net\/wp-content\/uploads\/2012\/06\/Wood-Laptop-Valise_ok.jpg\" alt=\"\" class=\"wp-image-10198\" srcset=\"https:\/\/berti.net\/wp-content\/uploads\/2012\/06\/Wood-Laptop-Valise_ok.jpg 795w, https:\/\/berti.net\/wp-content\/uploads\/2012\/06\/Wood-Laptop-Valise_ok-768x233.jpg 768w\" sizes=\"auto, (max-width: 795px) 100vw, 795px\" \/><\/figure>\n\n\n\n<p>Y por \u00faltimo, concluimos esta breve incursi\u00f3n en el mundo de la moda con el accesorio por excelencia: los zapatos. Si en el imaginario colectivo todo el mundo tiene bien impresas las zapatillas de cristal de Cenicienta, en la d\u00e9cada de 2000 las propuestas de los estilistas m\u00e1s vanguardistas giraron hacia un material completamente distinto: la madera precisamente.<br\/>Dr Martens, la hist\u00f3rica marca de los anfibios, gracias a una colaboraci\u00f3n con el dise\u00f1ador espa\u00f1ol Davidelfin, propone una versi\u00f3n de las emblem\u00e1ticas botas de la marca caracterizada por un imprevisible efecto madera. <\/p>\n\n\n\n<figure class=\"wp-block-image size-full is-style-default\"><img loading=\"lazy\" decoding=\"async\" width=\"640\" height=\"426\" src=\"https:\/\/www.berti.net\/wp-content\/uploads\/2012\/06\/1-david-delfin-dr-martenens-shoes.jpg\" alt=\"\" class=\"wp-image-10201\"\/><\/figure>\n\n\n\n<p>Los dise\u00f1adores de Margiela tambi\u00e9n han creado una propuesta que se sale de lo com\u00fan con unos zapatos &#8221;efecto madera&#8221; que parecen de madera maciza. En realidad, se trata de cuero marr\u00f3n hecho a mano en una r\u00e9plica realista de la veta de la madera. <\/p>\n\n\n\n<figure class=\"wp-block-image size-full is-style-default\"><img loading=\"lazy\" decoding=\"async\" width=\"412\" height=\"350\" src=\"https:\/\/www.berti.net\/wp-content\/uploads\/2012\/06\/margiela-wood-effect-shoes.jpg\" alt=\"\" class=\"wp-image-10204\"\/><\/figure>\n\n\n\n<p>Y con este zapato, concluimos nuestro breve excursus para ver c\u00f3mo la madera y el parqu\u00e9 son siempre una inspiraci\u00f3n original, cuyos usos nunca dejan de sorprendernos. \u00bfQu\u00e9 te parecen estos objetos? \u00bfHab\u00edas o\u00eddo hablar ya de ellos? \u00bfCu\u00e1l te intriga m\u00e1s?   <\/p>\n<\/div>\n<\/div>\n\n\n\n<div class=\"wp-block-group post-categories has-global-padding is-content-justification-left is-layout-constrained wp-container-core-group-is-layout-836d34cb wp-block-group-is-layout-constrained\" style=\"margin-top:var(--wp--preset--spacing--70);font-size:11px\">\n<div class=\"wp-block-group is-content-justification-center is-nowrap is-layout-flex wp-container-core-group-is-layout-60758a6d wp-block-group-is-layout-flex\">\n<p>Revista \/<\/p>\n\n\n<div class=\"taxonomy-category wp-block-post-terms\"><a href=\"https:\/\/berti.net\/es\/magazine\/category\/productos\/\" rel=\"tag\">Productos<\/a><span class=\"wp-block-post-terms__separator\">, <\/span><a href=\"https:\/\/berti.net\/es\/magazine\/category\/proyectos\/\" rel=\"tag\">Proyectos<\/a><\/div><\/div>\n<\/div>\n<\/div>\n\n<p><\/p>\n","protected":false},"excerpt":{"rendered":"<p>La madera y sus vetas tambi\u00e9n est\u00e1n ganando un espacio en los desfiles de moda, pr\u00eat-\u00e0-porter y accesorios.<\/p>\n","protected":false},"author":9,"featured_media":17933,"comment_status":"closed","ping_status":"closed","sticky":false,"template":"","format":"standard","meta":{"footnotes":""},"categories":[108,142],"tags":[],"class_list":["post-17930","post","type-post","status-publish","format-standard","has-post-thumbnail","hentry","category-productos","category-proyectos"],"_links":{"self":[{"href":"https:\/\/berti.net\/es\/wp-json\/wp\/v2\/posts\/17930","targetHints":{"allow":["GET"]}}],"collection":[{"href":"https:\/\/berti.net\/es\/wp-json\/wp\/v2\/posts"}],"about":[{"href":"https:\/\/berti.net\/es\/wp-json\/wp\/v2\/types\/post"}],"author":[{"embeddable":true,"href":"https:\/\/berti.net\/es\/wp-json\/wp\/v2\/users\/9"}],"replies":[{"embeddable":true,"href":"https:\/\/berti.net\/es\/wp-json\/wp\/v2\/comments?post=17930"}],"version-history":[{"count":2,"href":"https:\/\/berti.net\/es\/wp-json\/wp\/v2\/posts\/17930\/revisions"}],"predecessor-version":[{"id":21186,"href":"https:\/\/berti.net\/es\/wp-json\/wp\/v2\/posts\/17930\/revisions\/21186"}],"wp:featuredmedia":[{"embeddable":true,"href":"https:\/\/berti.net\/es\/wp-json\/wp\/v2\/media\/17933"}],"wp:attachment":[{"href":"https:\/\/berti.net\/es\/wp-json\/wp\/v2\/media?parent=17930"}],"wp:term":[{"taxonomy":"category","embeddable":true,"href":"https:\/\/berti.net\/es\/wp-json\/wp\/v2\/categories?post=17930"},{"taxonomy":"post_tag","embeddable":true,"href":"https:\/\/berti.net\/es\/wp-json\/wp\/v2\/tags?post=17930"}],"curies":[{"name":"wp","href":"https:\/\/api.w.org\/{rel}","templated":true}]}}