{"id":17923,"date":"2012-04-10T14:50:11","date_gmt":"2012-04-10T14:50:11","guid":{"rendered":"https:\/\/www.berti.net\/magazine\/una-charla-con-maurizio-vernata-se-siente-la-pasion\/"},"modified":"2025-05-19T09:37:04","modified_gmt":"2025-05-19T09:37:04","slug":"una-charla-con-maurizio-vernata-se-siente-la-pasion","status":"publish","type":"post","link":"https:\/\/berti.net\/es\/magazine\/una-charla-con-maurizio-vernata-se-siente-la-pasion\/","title":{"rendered":"Una charla con Maurizio Vernata: se siente la pasi\u00f3n."},"content":{"rendered":"\n<div class=\"wp-block-group post-detail-pattern is-container has-base-2-color has-contrast-background-color has-text-color has-background has-link-color wp-elements-63b652750e818022e502ffc299e6b3cf has-global-padding is-layout-constrained wp-block-group-is-layout-constrained\" style=\"margin-top:0;margin-bottom:0;padding-top:var(--wp--preset--spacing--70);padding-bottom:var(--wp--preset--spacing--70)\">\n<div class=\"wp-block-columns alignwide is-layout-flex wp-container-core-columns-is-layout-d125203f wp-block-columns-is-layout-flex\" style=\"margin-bottom:var(--wp--preset--spacing--50)\">\n<div class=\"wp-block-column is-vertically-aligned-stretch is-layout-flow wp-block-column-is-layout-flow\" style=\"padding-right:0;flex-basis:50%\">\n<div class=\"wp-block-group is-vertical is-content-justification-stretch is-layout-flex wp-container-core-group-is-layout-e9e70883 wp-block-group-is-layout-flex\" style=\"min-height:100%\">\n<div class=\"wp-block-group post-categories is-nowrap is-layout-flex wp-container-core-group-is-layout-3155b93e wp-block-group-is-layout-flex\" style=\"margin-top:var(--wp--preset--spacing--20);font-size:11px\">\n<p>Revista \/<\/p>\n\n\n<div class=\"taxonomy-category wp-block-post-terms\"><a href=\"https:\/\/berti.net\/es\/magazine\/category\/productos\/\" rel=\"tag\">Productos<\/a><span class=\"wp-block-post-terms__separator\">, <\/span><a href=\"https:\/\/berti.net\/es\/magazine\/category\/proyectos\/\" rel=\"tag\">Proyectos<\/a><\/div><\/div>\n\n\n<div style=\"font-style:normal;font-weight:600;text-transform:uppercase;\" class=\"has-link-color wp-elements-32859cd979b45056895d81c5660c23a0 wp-block-post-date has-text-color has-base-color has-s-font-size\"><time datetime=\"2012-04-10T14:50:11+00:00\">10 April 2012<\/time><\/div>\n\n\n<h1 class=\"wp-block-heading post-title\">Una charla con <strong>Maurizio Vernata<\/strong>: se siente la pasi\u00f3n.<\/h1>\n\n\n\n<h2 class=\"wp-block-heading post-subtitle\" style=\"margin-bottom:var(--wp--preset--spacing--20)\">Hemos pensado que en este blog era justo dar espacio y voz a quienes realmente forman parte activa de nuestra empresa, y \u00e9ste es s\u00f3lo el primero de muchos episodios que os propondremos en breve. Empecemos presentando a <strong>Maurizio Vernata<\/strong>, que trabaja con Berti Pavimenti desde hace casi diez a\u00f1os y opera en la zona del Lacio. Intercambiamos palabras, ideas e impresiones con \u00e9l&#8230;  <\/h2>\n\n\n\n<figure class=\"wp-block-image size-full is-style-default\"><img loading=\"lazy\" decoding=\"async\" width=\"720\" height=\"480\" src=\"https:\/\/www.berti.net\/wp-content\/uploads\/2012\/04\/maurizio_vernata01.jpg\" alt=\"\" class=\"wp-image-10309\"\/><\/figure>\n\n\n\n<p><strong><em>Hola Maurizio, \u00bfquieres dec\u00edrnoslo en pocas palabras, quiz\u00e1 s\u00f3lo 140 letras para que realmente quede como un &#8221;tuit&#8221;?<\/em><\/strong><br\/>Buenos d\u00edas a todos, soy Maurizio Vernata, nacido y criado en Perugia en el seno de una familia ejemplar, con una madre directora comercial y un padre jugador y luego entrenador de f\u00fatbol; residente en Roma desde 1994, 46 a\u00f1os, antiguo profesor de escuela-universidad, licenciado en ISEF, licenciado en ciencias del motor y especializado en el Instituto Serafico de As\u00eds, con dos publicaciones en mi haber y nueve ex\u00e1menes de Econom\u00eda y Empresa y todo ello conseguido en mi &#8221;vida&#8221; anterior.<br\/>Hoy: debido a la desaparici\u00f3n de un querido amigo, felizmente gerente de ventas de la <em><strong>Casa srl Empresa de Representaci\u00f3n<\/strong><\/em> fundada en 1996 y con sede en Roma, y asesor judicial de la divisi\u00f3n de suelos de madera y similares, pero sobre todo padre de una maravillosa ni\u00f1a de 5 a\u00f1os llamada Carolina, de la que recibo a diario motivaci\u00f3n y alegr\u00eda para afrontar la vida.<\/p>\n\n\n\n<p><strong><em>\u00bfCu\u00e1nto tiempo llevas trabajando para Berti Pavimenti?<\/em><\/strong><br\/>Nuestra empresa trabaja con Berti desde hace casi diez a\u00f1os, concretamente desde la temporada 2002-2003.<\/p>\n\n\n\n<p><em><strong>Puede que sea una pregunta tendenciosa, pero ser\u00eda interesante que nos dijeras qu\u00e9 valores y caracter\u00edsticas te gustan m\u00e1s de la empresa.<\/strong><\/em><br\/>La relaci\u00f3n ha crecido a lo largo del tiempo con el mutuo conocimiento humano y profesional, y ambos han sido la base para la estructuraci\u00f3n de un camino que vive en el trabajo y con el trabajo, pero que se eleva y se cimenta por la estima, la confianza y el afecto que la familia Berti es capaz de inspirar.<br\/>La trayectoria profesional estaba y est\u00e1 repleta de iniciativas \u00fanicas en un sector como el nuestro: reuniones, cursos de ventas y formaci\u00f3n, dise\u00f1o y desarrollo de tiendas asociadas, ferias locales y nacionales son lo que nos diferencia de la competencia gracias al trabajo de Matteo Berti.<br\/>La seriedad de Giancarlo y Andrea Berti, sus habilidades productivas e intuitivas, la innovaci\u00f3n y la continua investigaci\u00f3n y desarrollo completan el cuadro de una empresa altamente contextualizada, lo que obviamente aumenta exponencialmente el contenido prescindible de la empresa para la fuerza de ventas en el mercado.<\/p>\n\n\n\n<p><strong><em>Precisamente el Lacio, la regi\u00f3n en la que operas, ha sido y sigue siendo una zona de gran satisfacci\u00f3n para la empresa. \u00bfCu\u00e1les son las claves de tu \u00e9xito y el de tu equipo en el mercado actual? <\/em><\/strong><br\/>Inevitablemente, el Lacio deber\u00eda haber sido una regi\u00f3n puntera durante mucho tiempo, y en parte esto se ha materializado. Al poder contar con un grupo de profesionales dedicados desde siempre a este sector, ha sido posible acortar los tiempos de crecimiento.<br\/>Ciertamente, el equipo y la empresa avanzan juntos con fuerte determinaci\u00f3n y absoluta voluntad de alcanzar siempre nuevos y ambiciosos objetivos.<br\/>Profesionalidad, servicio, disponibilidad, presencia y <em>resoluci\u00f3n de problemas<\/em> postventa son las caracter\u00edsticas que intentamos proponer al mercado, creyendo que son las palancas de motivaci\u00f3n adecuadas, y por ello las apoyamos con actividades como ferias locales, reuniones y formaci\u00f3n del personal. Esto en resumen representa nuestra actividad externa, mientras que la oficina completa la labor de promoci\u00f3n con la gesti\u00f3n de pedidos, entregas, ofertas, control administrativo.  <\/p>\n\n\n\n<figure class=\"wp-block-image size-full is-style-default\"><img loading=\"lazy\" decoding=\"async\" width=\"720\" height=\"480\" src=\"https:\/\/www.berti.net\/wp-content\/uploads\/2012\/04\/maurizio_vernata02.jpg\" alt=\"\" class=\"wp-image-10312\"\/><\/figure>\n<\/div>\n<\/div>\n\n\n\n<div class=\"wp-block-column is-layout-flow wp-container-core-column-is-layout-22223934 wp-block-column-is-layout-flow\" style=\"flex-basis:50%\">\n<p><em><strong>\u00bfY qu\u00e9 opinas de las redes sociales? \u00bfConsideras que es una herramienta real para el boca a boca entre usuarios y la comunicaci\u00f3n\/di\u00e1logo entre empresa y cliente? <\/strong><\/em><br\/>Redes sociales \u00a1s\u00ed! Creo que es una herramienta de comunicaci\u00f3n indispensable e imprescindible, en el di\u00e1logo empresa-cliente es fundamental y muy bienvenida, probablemente hoy en d\u00eda es la prerrogativa de muchos (especialmente de las nuevas generaciones) pero no de todos.<br\/>La \u00fanica nota, probablemente, en un momento social especialmente problem\u00e1tico, a\u00fan m\u00e1s este tipo de promoci\u00f3n debe estar apoyada en la relaci\u00f3n interpersonal.<br\/>El usuario o el profesional debe estar sensibilizado en primer lugar por la comunicaci\u00f3n y en segundo lugar apoyado en todos los aspectos que siguen a una propuesta de negocio. <\/p>\n\n\n\n<p><em><strong>Las relaciones son un aspecto clave, sobre todo fuera de Internet y en un negocio como el tuyo: \u00bfc\u00f3mo te acercas a todas las personas de tu red de trabajo?<\/strong><\/em><br\/>En esta actividad, hay que utilizar e intentar desarrollar al m\u00e1ximo la propensi\u00f3n natural y las caracter\u00edsticas psicol\u00f3gicas del recurso humano.<br\/>Motivaci\u00f3n, positividad, satisfacci\u00f3n, incluso antes que el nada desde\u00f1able aspecto econ\u00f3mico, creemos que son los componentes fundamentales que deben sostener a todo profesional.<br\/>La C\u00e1mara se cre\u00f3 para ser ante todo un grupo de trabajo, por lo que se tiende a desglosar los organigramas cl\u00e1sicos de las empresas y las caracter\u00edsticas de las figuras profesionales que interact\u00faan a diario.<br\/>Nuestra presunci\u00f3n llega hasta el punto de pensar que las habilidades, las especializaciones, las aptitudes, pueden potenciarse exponencialmente de este modo, y con raz\u00f3n, convergen naturalmente en estrategias y en la consecuci\u00f3n de objetivos.<\/p>\n\n\n\n<figure class=\"wp-block-image size-full is-style-default\"><img loading=\"lazy\" decoding=\"async\" width=\"720\" height=\"480\" src=\"https:\/\/www.berti.net\/wp-content\/uploads\/2012\/04\/maurizio_vernata03.jpg\" alt=\"\" class=\"wp-image-10315\"\/><\/figure>\n\n\n\n<p><em><strong>\u00bfTres buenos prop\u00f3sitos empresariales y personales para 2012?<\/strong><\/em><br\/>En el caj\u00f3n del trabajo tenemos: presupuesto, revisar la base de clientes, cubrir \u00e1reas de mercado que se han dejado en un segundo plano.<br\/>Proyectos: ferias locales, pero sobre todo la realizaci\u00f3n de un almac\u00e9n log\u00edstico con una sala de exposiciones contigua como centro piloto para reuniones, formaci\u00f3n personal, eventos, etc.<br\/>\u00a1El crecimiento es la consigna para nosotros!<\/p>\n<\/div>\n<\/div>\n\n\n\n<div class=\"wp-block-group post-categories has-global-padding is-content-justification-left is-layout-constrained wp-container-core-group-is-layout-836d34cb wp-block-group-is-layout-constrained\" style=\"margin-top:var(--wp--preset--spacing--70);font-size:11px\">\n<div class=\"wp-block-group is-content-justification-center is-nowrap is-layout-flex wp-container-core-group-is-layout-60758a6d wp-block-group-is-layout-flex\">\n<p>Revista \/<\/p>\n\n\n<div class=\"taxonomy-category wp-block-post-terms\"><a href=\"https:\/\/berti.net\/es\/magazine\/category\/productos\/\" rel=\"tag\">Productos<\/a><span class=\"wp-block-post-terms__separator\">, <\/span><a href=\"https:\/\/berti.net\/es\/magazine\/category\/proyectos\/\" rel=\"tag\">Proyectos<\/a><\/div><\/div>\n<\/div>\n<\/div>\n\n<p><\/p>\n","protected":false},"excerpt":{"rendered":"<p>A partir de hoy, la colecci\u00f3n Berti Havana se ha ampliado para incluir tres l\u00edneas: Havana Decking, Havana Wpc y Havana Tech.<\/p>\n","protected":false},"author":9,"featured_media":17924,"comment_status":"closed","ping_status":"closed","sticky":false,"template":"","format":"standard","meta":{"footnotes":""},"categories":[108,142],"tags":[],"class_list":["post-17923","post","type-post","status-publish","format-standard","has-post-thumbnail","hentry","category-productos","category-proyectos"],"_links":{"self":[{"href":"https:\/\/berti.net\/es\/wp-json\/wp\/v2\/posts\/17923","targetHints":{"allow":["GET"]}}],"collection":[{"href":"https:\/\/berti.net\/es\/wp-json\/wp\/v2\/posts"}],"about":[{"href":"https:\/\/berti.net\/es\/wp-json\/wp\/v2\/types\/post"}],"author":[{"embeddable":true,"href":"https:\/\/berti.net\/es\/wp-json\/wp\/v2\/users\/9"}],"replies":[{"embeddable":true,"href":"https:\/\/berti.net\/es\/wp-json\/wp\/v2\/comments?post=17923"}],"version-history":[{"count":2,"href":"https:\/\/berti.net\/es\/wp-json\/wp\/v2\/posts\/17923\/revisions"}],"predecessor-version":[{"id":21293,"href":"https:\/\/berti.net\/es\/wp-json\/wp\/v2\/posts\/17923\/revisions\/21293"}],"wp:featuredmedia":[{"embeddable":true,"href":"https:\/\/berti.net\/es\/wp-json\/wp\/v2\/media\/17924"}],"wp:attachment":[{"href":"https:\/\/berti.net\/es\/wp-json\/wp\/v2\/media?parent=17923"}],"wp:term":[{"taxonomy":"category","embeddable":true,"href":"https:\/\/berti.net\/es\/wp-json\/wp\/v2\/categories?post=17923"},{"taxonomy":"post_tag","embeddable":true,"href":"https:\/\/berti.net\/es\/wp-json\/wp\/v2\/tags?post=17923"}],"curies":[{"name":"wp","href":"https:\/\/api.w.org\/{rel}","templated":true}]}}