{"id":17911,"date":"2012-02-27T16:05:48","date_gmt":"2012-02-27T16:05:48","guid":{"rendered":"https:\/\/www.berti.net\/magazine\/presentacion-de-la-asociacion-madre-teresa\/"},"modified":"2025-05-19T09:36:39","modified_gmt":"2025-05-19T09:36:39","slug":"presentacion-de-la-asociacion-madre-teresa","status":"publish","type":"post","link":"https:\/\/berti.net\/es\/magazine\/presentacion-de-la-asociacion-madre-teresa\/","title":{"rendered":"Presentaci\u00f3n de la Asociaci\u00f3n Madre Teresa"},"content":{"rendered":"\n<div class=\"wp-block-group post-detail-pattern is-container has-base-2-color has-contrast-background-color has-text-color has-background has-link-color wp-elements-e68e28cad1fdc4af7ded7f8857a9d521 has-global-padding is-layout-constrained wp-block-group-is-layout-constrained\" style=\"margin-top:0;margin-bottom:0;padding-top:var(--wp--preset--spacing--70);padding-bottom:var(--wp--preset--spacing--70)\">\n<div class=\"wp-block-columns alignwide is-layout-flex wp-container-core-columns-is-layout-d125203f wp-block-columns-is-layout-flex\" style=\"margin-bottom:var(--wp--preset--spacing--50)\">\n<div class=\"wp-block-column is-vertically-aligned-stretch is-layout-flow wp-block-column-is-layout-flow\" style=\"padding-right:0;flex-basis:50%\">\n<div class=\"wp-block-group is-vertical is-content-justification-stretch is-layout-flex wp-container-core-group-is-layout-e9e70883 wp-block-group-is-layout-flex\" style=\"min-height:100%\">\n<div class=\"wp-block-group post-categories is-nowrap is-layout-flex wp-container-core-group-is-layout-3155b93e wp-block-group-is-layout-flex\" style=\"margin-top:var(--wp--preset--spacing--20);font-size:11px\">\n<p>Revista \/<\/p>\n\n\n<div class=\"taxonomy-category wp-block-post-terms\"><a href=\"https:\/\/berti.net\/es\/magazine\/category\/productos\/\" rel=\"tag\">Productos<\/a><span class=\"wp-block-post-terms__separator\">, <\/span><a href=\"https:\/\/berti.net\/es\/magazine\/category\/proyectos\/\" rel=\"tag\">Proyectos<\/a><\/div><\/div>\n\n\n<div style=\"font-style:normal;font-weight:600;text-transform:uppercase;\" class=\"has-link-color wp-elements-32859cd979b45056895d81c5660c23a0 wp-block-post-date has-text-color has-base-color has-s-font-size\"><time datetime=\"2012-02-27T16:05:48+00:00\">27 February 2012<\/time><\/div>\n\n\n<h1 class=\"wp-block-heading post-title\">Presentaci\u00f3n de la<strong>Asociaci\u00f3n Madre Teresa<\/strong><\/h1>\n\n\n\n<h2 class=\"wp-block-heading post-subtitle\" style=\"margin-bottom:var(--wp--preset--spacing--20)\">Creemos que ha llegado el momento de dar cada vez m\u00e1s visibilidad a una actividad que nuestra familia y nuestra empresa llevan a cabo desde hace a\u00f1os, a saber, la<strong>Asociaci\u00f3n Madre Teresa<\/strong>, fundada en marzo de 2004 y llevada adelante por muchas personas ricas en voluntad que comparten con nosotros los mismos valores.<\/h2>\n\n\n\n<p>La<strong>Asociaci\u00f3n Madre Teresa<\/strong> se fund\u00f3 para promover la sensibilidad, con el objetivo de ayudar a las personas m\u00e1s d\u00e9biles de nuestra sociedad, tanto a nivel local como en otros pa\u00edses, y para colaborar con otras organizaciones o instituciones.<\/p>\n\n\n\n<figure class=\"wp-block-image size-full\"><img loading=\"lazy\" decoding=\"async\" width=\"1200\" height=\"900\" src=\"https:\/\/www.berti.net\/wp-content\/uploads\/2012\/02\/P1040135.jpg\" alt=\"\" class=\"wp-image-10410\" srcset=\"https:\/\/berti.net\/wp-content\/uploads\/2012\/02\/P1040135.jpg 1200w, https:\/\/berti.net\/wp-content\/uploads\/2012\/02\/P1040135-812x609.jpg 812w, https:\/\/berti.net\/wp-content\/uploads\/2012\/02\/P1040135-768x576.jpg 768w\" sizes=\"auto, (max-width: 1200px) 100vw, 1200px\" \/><\/figure>\n\n\n\n<p>Casi ocho a\u00f1os despu\u00e9s de su nacimiento, la Madre Teresa puede contar con la contribuci\u00f3n de nuestra <strong>tienda<\/strong>, situada a pocos kil\u00f3metros de la sede de Berti. Todo lo que se expone en la tienda es donado y el importe \u00edntegro se destina a obras ben\u00e9ficas sin deducci\u00f3n alguna. La tienda est\u00e1 dirigida por un grupo de voluntarios que ofrecen un generoso servicio todos los d\u00edas.  <\/p>\n\n\n\n<p>Iniciamos <strong>72 adopciones<\/strong> a distancia en Brasil e India, que siguen activas hoy en d\u00eda.<\/p>\n\n\n\n<p>Desde 2005, apoyamos a una ni\u00f1a de Sierra Leona llamada <strong>Madu<\/strong>, que fue tra\u00edda a Italia para someterse a una cirug\u00eda maxilofacial mayor porque no pod\u00eda alimentarse normalmente. Ahora vive en casa de una familia aqu\u00ed en Italia y ha mejorado. <\/p>\n\n\n\n<figure class=\"wp-block-image size-full\"><img loading=\"lazy\" decoding=\"async\" width=\"1200\" height=\"906\" src=\"https:\/\/www.berti.net\/wp-content\/uploads\/2012\/02\/01.jpg\" alt=\"\" class=\"wp-image-10413\" srcset=\"https:\/\/berti.net\/wp-content\/uploads\/2012\/02\/01.jpg 1200w, https:\/\/berti.net\/wp-content\/uploads\/2012\/02\/01-812x613.jpg 812w, https:\/\/berti.net\/wp-content\/uploads\/2012\/02\/01-768x580.jpg 768w\" sizes=\"auto, (max-width: 1200px) 100vw, 1200px\" \/><\/figure>\n\n\n\n<p>Tambi\u00e9n cabe destacar nuestra colaboraci\u00f3n con <strong>el CUAMM M\u00e9dicos con \u00c1frica de Padua<\/strong>, para la construcci\u00f3n en <strong>Etiop\u00eda<\/strong> de tres pozos de agua y una sala de pediatr\u00eda para la desnutrici\u00f3n infantil, causa de alta mortalidad.<\/p>\n\n\n\n<p>Tambi\u00e9n hacemos una contribuci\u00f3n anual a <strong>Bea Petrape Brasil<\/strong> para la formaci\u00f3n y rehabilitaci\u00f3n de ni\u00f1os de la calle para una vida m\u00e1s digna.<\/p>\n\n\n\n<p>Desde 2009, apoyamos diversas actividades de las hermanas indias de <strong>Calcuta<\/strong>: desde el almuerzo para los pobres con motivo de la celebraci\u00f3n del centenario de la Madre Teresa, hasta el apoyo a los m\u00e1s pobres mediante la construcci\u00f3n de una casa, un pozo y la compra de medicamentos y art\u00edculos de primera necesidad.<\/p>\n\n\n\n<figure class=\"wp-block-image size-full\"><img loading=\"lazy\" decoding=\"async\" width=\"800\" height=\"600\" src=\"https:\/\/www.berti.net\/wp-content\/uploads\/2012\/02\/P1130902.jpg\" alt=\"\" class=\"wp-image-10416\" srcset=\"https:\/\/berti.net\/wp-content\/uploads\/2012\/02\/P1130902.jpg 800w, https:\/\/berti.net\/wp-content\/uploads\/2012\/02\/P1130902-768x576.jpg 768w\" sizes=\"auto, (max-width: 800px) 100vw, 800px\" \/><\/figure>\n\n\n\n<p>Tambi\u00e9n se construy\u00f3 una iglesia en <strong>Costa de Marfil <\/strong>y contribuimos a la construcci\u00f3n de una escuela en <strong>el Congo<\/strong>.<\/p>\n\n\n\n<p>La Asociaci\u00f3n, de nuevo con el apoyo de la empresa <strong>Berti<\/strong>, mantiene relaciones continuas con las <strong>Cooperativas il Graticolato<\/strong> y <strong>Ginestra<\/strong>; que promueven la integraci\u00f3n social y laboral de personas con discapacidades f\u00edsicas y ps\u00edquicas y dificultades sociales, proporcion\u00e1ndoles mano de obra para la composici\u00f3n de pisos especiales.<\/p>\n\n\n\n<p>Suministramos madera para las habitaciones de un orfanato de mujeres que acoge a hu\u00e9rfanos de la guerra de <strong>Bosnia<\/strong>, y en la misma zona construimos \u00edntegramente la capilla interior.<\/p>\n\n\n\n<p>Nuestro suelo de madera tambi\u00e9n pudo ayudar a la espl\u00e9ndida labor de la <strong><a href=\"https:\/\/blog.berti.net\/il-villaggio-solidale-di-mirano\" target=\"_blank\" rel=\"noreferrer noopener\">Pueblo Solidario de Mirano<\/a><\/strong>que re\u00fane a familias solidarias en varios pisos y acoge a personas en riesgo de exclusi\u00f3n social.<\/p>\n\n\n\n<p>Para este a\u00f1o, nuestros proyectos son: la construcci\u00f3n de una escuela para 200 ni\u00f1os y j\u00f3venes en <strong>Sierra Leona<\/strong>; y la construcci\u00f3n de unas casitas para familias pobres que se ven obligadas a vivir en las calles de <strong>Calcuta<\/strong>.<\/p>\n\n\n\n<p>Nuestra asociaci\u00f3n se compromete y garantiza el \u00e9xito de los proyectos, teniendo como referencia personas de confianza y documentaci\u00f3n de proyectos realizados. \u00a1Seguiremos hablando de este tema de vez en cuando, confiando en implicar a muchas personas que quieran hacer el bien a trav\u00e9s de la Asociaci\u00f3n Madre Teresa guiados por el esp\u00edritu de seriedad, justicia y transparencia! <\/p>\n\n\n\n<p>Todas las donaciones se realizan mediante cheque, de modo que se pueda verificar en todo momento la trazabilidad de tu aportaci\u00f3n.<\/p>\n\n\n\n<p>Para cualquier otra informaci\u00f3n, visita <a href=\"https:\/\/www.associazionemadreteresa.net\/index_en.html\" target=\"_blank\" rel=\"noopener\">el sitio web oficial de la Asociaci\u00f3n<\/a>.<\/p>\n<\/div>\n<\/div>\n\n\n\n<div class=\"wp-block-column is-layout-flow wp-container-core-column-is-layout-22223934 wp-block-column-is-layout-flow\" style=\"flex-basis:50%\">\n<figure class=\"wp-block-image size-full\"><img loading=\"lazy\" decoding=\"async\" width=\"1200\" height=\"900\" src=\"https:\/\/www.berti.net\/wp-content\/uploads\/2012\/02\/P1030825.jpg\" alt=\"\" class=\"wp-image-10419\" srcset=\"https:\/\/berti.net\/wp-content\/uploads\/2012\/02\/P1030825.jpg 1200w, https:\/\/berti.net\/wp-content\/uploads\/2012\/02\/P1030825-812x609.jpg 812w, https:\/\/berti.net\/wp-content\/uploads\/2012\/02\/P1030825-768x576.jpg 768w\" sizes=\"auto, (max-width: 1200px) 100vw, 1200px\" \/><\/figure>\n\n\n\n<figure class=\"wp-block-image size-full\"><img loading=\"lazy\" decoding=\"async\" width=\"2048\" height=\"1536\" src=\"https:\/\/www.berti.net\/wp-content\/uploads\/2012\/02\/P1040053.jpg\" alt=\"\" class=\"wp-image-10422\" srcset=\"https:\/\/berti.net\/wp-content\/uploads\/2012\/02\/P1040053.jpg 2048w, https:\/\/berti.net\/wp-content\/uploads\/2012\/02\/P1040053-812x609.jpg 812w, https:\/\/berti.net\/wp-content\/uploads\/2012\/02\/P1040053-1920x1440.jpg 1920w, https:\/\/berti.net\/wp-content\/uploads\/2012\/02\/P1040053-768x576.jpg 768w, https:\/\/berti.net\/wp-content\/uploads\/2012\/02\/P1040053-1536x1152.jpg 1536w\" sizes=\"auto, (max-width: 2048px) 100vw, 2048px\" \/><\/figure>\n\n\n\n<figure class=\"wp-block-image size-full\"><img loading=\"lazy\" decoding=\"async\" width=\"1200\" height=\"900\" src=\"https:\/\/www.berti.net\/wp-content\/uploads\/2012\/02\/P1040108.jpg\" alt=\"\" class=\"wp-image-10425\" srcset=\"https:\/\/berti.net\/wp-content\/uploads\/2012\/02\/P1040108.jpg 1200w, https:\/\/berti.net\/wp-content\/uploads\/2012\/02\/P1040108-812x609.jpg 812w, https:\/\/berti.net\/wp-content\/uploads\/2012\/02\/P1040108-768x576.jpg 768w\" sizes=\"auto, (max-width: 1200px) 100vw, 1200px\" \/><\/figure>\n\n\n\n<figure class=\"wp-block-image size-full\"><img loading=\"lazy\" decoding=\"async\" width=\"1200\" height=\"900\" src=\"https:\/\/www.berti.net\/wp-content\/uploads\/2012\/02\/P1040182.jpg\" alt=\"\" class=\"wp-image-10428\" srcset=\"https:\/\/berti.net\/wp-content\/uploads\/2012\/02\/P1040182.jpg 1200w, https:\/\/berti.net\/wp-content\/uploads\/2012\/02\/P1040182-812x609.jpg 812w, https:\/\/berti.net\/wp-content\/uploads\/2012\/02\/P1040182-768x576.jpg 768w\" sizes=\"auto, (max-width: 1200px) 100vw, 1200px\" \/><\/figure>\n\n\n\n<figure class=\"wp-block-image size-full\"><img loading=\"lazy\" decoding=\"async\" width=\"1200\" height=\"900\" src=\"https:\/\/www.berti.net\/wp-content\/uploads\/2012\/02\/P1040194.jpg\" alt=\"\" class=\"wp-image-10431\" srcset=\"https:\/\/berti.net\/wp-content\/uploads\/2012\/02\/P1040194.jpg 1200w, https:\/\/berti.net\/wp-content\/uploads\/2012\/02\/P1040194-812x609.jpg 812w, https:\/\/berti.net\/wp-content\/uploads\/2012\/02\/P1040194-768x576.jpg 768w\" sizes=\"auto, (max-width: 1200px) 100vw, 1200px\" \/><\/figure>\n\n\n\n<figure class=\"wp-block-image size-full\"><img loading=\"lazy\" decoding=\"async\" width=\"1024\" height=\"768\" src=\"https:\/\/www.berti.net\/wp-content\/uploads\/2012\/02\/UNA-PREGHIERA-PER-TUTTI-NOI-1.jpg\" alt=\"\" class=\"wp-image-10434\" srcset=\"https:\/\/berti.net\/wp-content\/uploads\/2012\/02\/UNA-PREGHIERA-PER-TUTTI-NOI-1.jpg 1024w, https:\/\/berti.net\/wp-content\/uploads\/2012\/02\/UNA-PREGHIERA-PER-TUTTI-NOI-1-812x609.jpg 812w, https:\/\/berti.net\/wp-content\/uploads\/2012\/02\/UNA-PREGHIERA-PER-TUTTI-NOI-1-768x576.jpg 768w\" sizes=\"auto, (max-width: 1024px) 100vw, 1024px\" \/><\/figure>\n\n\n\n<figure class=\"wp-block-image size-full\"><img loading=\"lazy\" decoding=\"async\" width=\"1024\" height=\"768\" src=\"https:\/\/www.berti.net\/wp-content\/uploads\/2012\/02\/1.a-parte-UFFICIO.jpg\" alt=\"\" class=\"wp-image-10437\" srcset=\"https:\/\/berti.net\/wp-content\/uploads\/2012\/02\/1.a-parte-UFFICIO.jpg 1024w, https:\/\/berti.net\/wp-content\/uploads\/2012\/02\/1.a-parte-UFFICIO-812x609.jpg 812w, https:\/\/berti.net\/wp-content\/uploads\/2012\/02\/1.a-parte-UFFICIO-768x576.jpg 768w\" sizes=\"auto, (max-width: 1024px) 100vw, 1024px\" \/><\/figure>\n<\/div>\n<\/div>\n\n\n\n<div class=\"wp-block-group post-categories has-global-padding is-content-justification-left is-layout-constrained wp-container-core-group-is-layout-836d34cb wp-block-group-is-layout-constrained\" style=\"margin-top:var(--wp--preset--spacing--70);font-size:11px\">\n<div class=\"wp-block-group is-content-justification-center is-nowrap is-layout-flex wp-container-core-group-is-layout-60758a6d wp-block-group-is-layout-flex\">\n<p>Revista \/<\/p>\n\n\n<div class=\"taxonomy-category wp-block-post-terms\"><a href=\"https:\/\/berti.net\/es\/magazine\/category\/productos\/\" rel=\"tag\">Productos<\/a><span class=\"wp-block-post-terms__separator\">, <\/span><a href=\"https:\/\/berti.net\/es\/magazine\/category\/proyectos\/\" rel=\"tag\">Proyectos<\/a><\/div><\/div>\n<\/div>\n<\/div>\n\n<p><\/p>\n","protected":false},"excerpt":{"rendered":"<p>Presentaci\u00f3n de la Asociaci\u00f3n Madre Teresa<\/p>\n","protected":false},"author":9,"featured_media":17912,"comment_status":"closed","ping_status":"closed","sticky":false,"template":"","format":"standard","meta":{"footnotes":""},"categories":[108,142],"tags":[],"class_list":["post-17911","post","type-post","status-publish","format-standard","has-post-thumbnail","hentry","category-productos","category-proyectos"],"_links":{"self":[{"href":"https:\/\/berti.net\/es\/wp-json\/wp\/v2\/posts\/17911","targetHints":{"allow":["GET"]}}],"collection":[{"href":"https:\/\/berti.net\/es\/wp-json\/wp\/v2\/posts"}],"about":[{"href":"https:\/\/berti.net\/es\/wp-json\/wp\/v2\/types\/post"}],"author":[{"embeddable":true,"href":"https:\/\/berti.net\/es\/wp-json\/wp\/v2\/users\/9"}],"replies":[{"embeddable":true,"href":"https:\/\/berti.net\/es\/wp-json\/wp\/v2\/comments?post=17911"}],"version-history":[{"count":2,"href":"https:\/\/berti.net\/es\/wp-json\/wp\/v2\/posts\/17911\/revisions"}],"predecessor-version":[{"id":21273,"href":"https:\/\/berti.net\/es\/wp-json\/wp\/v2\/posts\/17911\/revisions\/21273"}],"wp:featuredmedia":[{"embeddable":true,"href":"https:\/\/berti.net\/es\/wp-json\/wp\/v2\/media\/17912"}],"wp:attachment":[{"href":"https:\/\/berti.net\/es\/wp-json\/wp\/v2\/media?parent=17911"}],"wp:term":[{"taxonomy":"category","embeddable":true,"href":"https:\/\/berti.net\/es\/wp-json\/wp\/v2\/categories?post=17911"},{"taxonomy":"post_tag","embeddable":true,"href":"https:\/\/berti.net\/es\/wp-json\/wp\/v2\/tags?post=17911"}],"curies":[{"name":"wp","href":"https:\/\/api.w.org\/{rel}","templated":true}]}}