{"id":17901,"date":"2012-04-02T15:12:11","date_gmt":"2012-04-02T15:12:11","guid":{"rendered":"https:\/\/www.berti.net\/magazine\/novedades-de-vepal-laminados-premium\/"},"modified":"2025-05-19T09:37:03","modified_gmt":"2025-05-19T09:37:03","slug":"novedades-de-vepal-laminados-premium","status":"publish","type":"post","link":"https:\/\/berti.net\/es\/magazine\/novedades-de-vepal-laminados-premium\/","title":{"rendered":"Novedades de Vepal: Laminados Premium"},"content":{"rendered":"\n<div class=\"wp-block-group post-detail-pattern is-container has-base-2-color has-contrast-background-color has-text-color has-background has-link-color wp-elements-812f2e79cea38534595122fa1a6ee40c has-global-padding is-layout-constrained wp-block-group-is-layout-constrained\" style=\"margin-top:0;margin-bottom:0;padding-top:var(--wp--preset--spacing--70);padding-bottom:var(--wp--preset--spacing--70)\">\n<div class=\"wp-block-columns alignwide is-layout-flex wp-container-core-columns-is-layout-d125203f wp-block-columns-is-layout-flex\" style=\"margin-bottom:var(--wp--preset--spacing--50)\">\n<div class=\"wp-block-column is-vertically-aligned-stretch is-layout-flow wp-block-column-is-layout-flow\" style=\"padding-right:0;flex-basis:50%\">\n<div class=\"wp-block-group is-vertical is-content-justification-stretch is-layout-flex wp-container-core-group-is-layout-e9e70883 wp-block-group-is-layout-flex\" style=\"min-height:100%\">\n<div class=\"wp-block-group post-categories is-nowrap is-layout-flex wp-container-core-group-is-layout-3155b93e wp-block-group-is-layout-flex\" style=\"margin-top:var(--wp--preset--spacing--20);font-size:11px\">\n<p>Revista \/<\/p>\n\n\n<div class=\"taxonomy-category wp-block-post-terms\"><a href=\"https:\/\/berti.net\/es\/magazine\/category\/productos\/\" rel=\"tag\">Productos<\/a><span class=\"wp-block-post-terms__separator\">, <\/span><a href=\"https:\/\/berti.net\/es\/magazine\/category\/proyectos\/\" rel=\"tag\">Proyectos<\/a><\/div><\/div>\n\n\n<div style=\"font-style:normal;font-weight:600;text-transform:uppercase;\" class=\"has-link-color wp-elements-32859cd979b45056895d81c5660c23a0 wp-block-post-date has-text-color has-base-color has-s-font-size\"><time datetime=\"2012-04-02T15:12:11+00:00\">2 April 2012<\/time><\/div>\n\n\n<h1 class=\"wp-block-heading post-title\">Novedades de Vepal: <strong>Laminados Premium<\/strong><\/h1>\n\n\n\n<h2 class=\"wp-block-heading post-subtitle\" style=\"margin-bottom:var(--wp--preset--spacing--20)\">La l\u00ednea <strong>Vepal<\/strong> se enriquece con la incorporaci\u00f3n de una nueva gama de productos: la l\u00ednea de Laminados Premium, de hecho, ha experimentado una profunda renovaci\u00f3n.<\/h2>\n\n\n\n<p>La colecci\u00f3n <strong>de Laminados<\/strong> Premium se actualiza con nuevos acabados de vanguardia que reproducen a la perfecci\u00f3n la madera aut\u00e9ntica, incluso al tacto. La textura cepillada recuerda a las maderas antiguas, y el ligero biselado se vuelve gradualmente m\u00e1s compacto al pasar sobre la superficie. <\/p>\n\n\n\n<figure class=\"wp-block-image size-full is-style-default\"><img loading=\"lazy\" decoding=\"async\" width=\"804\" height=\"600\" src=\"https:\/\/www.berti.net\/wp-content\/uploads\/2012\/04\/laminati-premium6.jpg\" alt=\"\" class=\"wp-image-10321\" srcset=\"https:\/\/berti.net\/wp-content\/uploads\/2012\/04\/laminati-premium6.jpg 804w, https:\/\/berti.net\/wp-content\/uploads\/2012\/04\/laminati-premium6-768x573.jpg 768w\" sizes=\"auto, (max-width: 804px) 100vw, 804px\" \/><\/figure>\n\n\n\n<p>En la nueva colecci\u00f3n Laminati Premium puedes elegir entre decoraciones nuevas y exclusivas caracterizadas por un brillo sin igual. Los avances en tecnolog\u00eda e investigaci\u00f3n nos permiten ofrecer ahora un producto que marca un cambio permanente en el sector de los suelos laminados.   <\/p>\n\n\n\n<p>Gracias a su porosidad altamente pulida, el suelo laminado Premium, cuya textura sincronizada reproduce sensiblemente las vetas del decorado, destaca con sus brillantes reflejos en cualquier estancia. Los <strong>decorados de<\/strong> roble de la colecci\u00f3n son: Grafito, Venus, Canela, Rico, Flash Alpino, Beige Rosado, Luna y Mercurio. Gracias al caracter\u00edstico efecto cromado de sus reflejos \u00fanicos, el aspecto de estos decorados cambia seg\u00fan la luz y el punto desde el que se miren. Esto crea una experiencia \u00fanica en los suelos laminados de Vepal.   <\/p>\n\n\n\n<figure class=\"wp-block-image size-full is-style-default\"><img loading=\"lazy\" decoding=\"async\" width=\"804\" height=\"600\" src=\"https:\/\/www.berti.net\/wp-content\/uploads\/2012\/04\/laminati-premium10.jpg\" alt=\"\" class=\"wp-image-10324\" srcset=\"https:\/\/berti.net\/wp-content\/uploads\/2012\/04\/laminati-premium10.jpg 804w, https:\/\/berti.net\/wp-content\/uploads\/2012\/04\/laminati-premium10-768x573.jpg 768w\" sizes=\"auto, (max-width: 804px) 100vw, 804px\" \/><\/figure>\n\n\n\n<p>Los productos Laminados Premium son adecuados no s\u00f3lo para viviendas, sino tambi\u00e9n para locales comerciales especialmente concurridos, gracias a una <strong>resistencia<\/strong> superficial <strong>de<\/strong> AC4, que los sit\u00faa en la clase 32.<\/p>\n\n\n\n<p>La especial elaboraci\u00f3n del <strong>enclavamiento<\/strong> se consigue mediante el exclusivo enclavamiento<em>&#8221;Megaloc<\/em>&#8221;, una patente exclusiva que hace que la instalaci\u00f3n sea r\u00e1pida, f\u00e1cil y, a la vez, precisa.<\/p>\n\n\n\n<p>El suelo laminado Premium, que cumple todos los requisitos de la norma NE 13329, est\u00e1 fabricado exclusivamente con materiales certificados y seguros que garantizan un clima ambiental saludable.<\/p>\n\n\n\n<figure class=\"wp-block-image size-full is-style-default\"><img loading=\"lazy\" decoding=\"async\" width=\"804\" height=\"600\" src=\"https:\/\/www.berti.net\/wp-content\/uploads\/2012\/04\/laminati-premium9.jpg\" alt=\"\" class=\"wp-image-10327\" srcset=\"https:\/\/berti.net\/wp-content\/uploads\/2012\/04\/laminati-premium9.jpg 804w, https:\/\/berti.net\/wp-content\/uploads\/2012\/04\/laminati-premium9-768x573.jpg 768w\" sizes=\"auto, (max-width: 804px) 100vw, 804px\" \/><\/figure>\n\n\n\n<p>La l\u00ednea Laminati Trend se ha reajustado, eliminando algunos acabados y a\u00f1adiendo algunas decoraciones que antes formaban parte de la colecci\u00f3n Laminati Premium. Como resultado, la l\u00ednea <strong>Laminati<\/strong> Trend incluye ahora las siguientes decoraciones: Rovere Corda maxi, Rovere Ice maxi, Frassino Decap\u00e8 2 tiras, Doussi\u00e8 2 tiras, Rovere maxi, Rovere White maxi, Rovere Neve maxi, Rovere Ivory maxi, Rovere Grigio maxi, Olmo Invecchiato maxi, Rovere Miele maxi, Olmo Invecchiato maxi, Rovere Tabacco maxi, Rovere Crema maxi. Hay un total de 13 decoraciones disponibles, con un grosor de 8 mm, una anchura de 194 mm y una longitud de 1.286 mm.  <\/p>\n\n\n\n<p>Nos gustar\u00eda destacar que dentro de las colecciones ofrecidas bajo la marca Vepal <strong>, se ha incluido Vepal Colors: <\/strong>una gama de maxil\u00e1minas en Roble descortezado con tratamientos que permiten crear una soluci\u00f3n para aquellos que buscan dar un toque de color a su suelo de madera. Volveremos sobre este tema en breve para entrar en m\u00e1s detalles con fotos y datos t\u00e9cnicos. <\/p>\n\n\n\n<p>Adem\u00e1s, se elimin\u00f3 el bamb\u00fa Maxilistone de la gama de productos de la marca Vepal.<\/p>\n\n\n\n<p>P\u00e1sate por el sitio web <a href=\"https:\/\/vepal.it\/\" target=\"_blank\" rel=\"noreferrer noopener\">Vepal.it<\/a> para conocer todos los detalles. Te dejamos con algunas im\u00e1genes del cat\u00e1logo para que te hagas una idea del esp\u00edritu de la colecci\u00f3n Laminati Premium Color. <\/p>\n<\/div>\n<\/div>\n\n\n\n<div class=\"wp-block-column is-layout-flow wp-container-core-column-is-layout-22223934 wp-block-column-is-layout-flow\" style=\"flex-basis:50%\">\n<figure class=\"wp-block-image size-full is-style-default\"><img loading=\"lazy\" decoding=\"async\" width=\"800\" height=\"963\" src=\"https:\/\/www.berti.net\/wp-content\/uploads\/2012\/04\/laminati-premium1.jpg\" alt=\"\" class=\"wp-image-10330\" srcset=\"https:\/\/berti.net\/wp-content\/uploads\/2012\/04\/laminati-premium1.jpg 800w, https:\/\/berti.net\/wp-content\/uploads\/2012\/04\/laminati-premium1-675x812.jpg 675w, https:\/\/berti.net\/wp-content\/uploads\/2012\/04\/laminati-premium1-768x924.jpg 768w\" sizes=\"auto, (max-width: 800px) 100vw, 800px\" \/><\/figure>\n\n\n\n<figure class=\"wp-block-image size-full is-style-default\"><img loading=\"lazy\" decoding=\"async\" width=\"800\" height=\"600\" src=\"https:\/\/www.berti.net\/wp-content\/uploads\/2012\/04\/laminati-premium21.jpg\" alt=\"\" class=\"wp-image-10333\" srcset=\"https:\/\/berti.net\/wp-content\/uploads\/2012\/04\/laminati-premium21.jpg 800w, https:\/\/berti.net\/wp-content\/uploads\/2012\/04\/laminati-premium21-768x576.jpg 768w\" sizes=\"auto, (max-width: 800px) 100vw, 800px\" \/><\/figure>\n\n\n\n<figure class=\"wp-block-image size-full is-style-default\"><img loading=\"lazy\" decoding=\"async\" width=\"800\" height=\"600\" src=\"https:\/\/www.berti.net\/wp-content\/uploads\/2012\/04\/laminati-premium31.jpg\" alt=\"\" class=\"wp-image-10336\" srcset=\"https:\/\/berti.net\/wp-content\/uploads\/2012\/04\/laminati-premium31.jpg 800w, https:\/\/berti.net\/wp-content\/uploads\/2012\/04\/laminati-premium31-768x576.jpg 768w\" sizes=\"auto, (max-width: 800px) 100vw, 800px\" \/><\/figure>\n\n\n\n<figure class=\"wp-block-image size-full is-style-default\"><img loading=\"lazy\" decoding=\"async\" width=\"800\" height=\"600\" src=\"https:\/\/www.berti.net\/wp-content\/uploads\/2012\/04\/laminati-premium41.jpg\" alt=\"\" class=\"wp-image-10339\" srcset=\"https:\/\/berti.net\/wp-content\/uploads\/2012\/04\/laminati-premium41.jpg 800w, https:\/\/berti.net\/wp-content\/uploads\/2012\/04\/laminati-premium41-768x576.jpg 768w\" sizes=\"auto, (max-width: 800px) 100vw, 800px\" \/><\/figure>\n\n\n\n<figure class=\"wp-block-image size-full is-style-default\"><img loading=\"lazy\" decoding=\"async\" width=\"1003\" height=\"600\" src=\"https:\/\/www.berti.net\/wp-content\/uploads\/2012\/04\/laminati-premium51.jpg\" alt=\"\" class=\"wp-image-10342\" srcset=\"https:\/\/berti.net\/wp-content\/uploads\/2012\/04\/laminati-premium51.jpg 1003w, https:\/\/berti.net\/wp-content\/uploads\/2012\/04\/laminati-premium51-812x486.jpg 812w, https:\/\/berti.net\/wp-content\/uploads\/2012\/04\/laminati-premium51-768x459.jpg 768w\" sizes=\"auto, (max-width: 1003px) 100vw, 1003px\" \/><\/figure>\n<\/div>\n<\/div>\n\n\n\n<div class=\"wp-block-group post-categories has-global-padding is-content-justification-left is-layout-constrained wp-container-core-group-is-layout-836d34cb wp-block-group-is-layout-constrained\" style=\"margin-top:var(--wp--preset--spacing--70);font-size:11px\">\n<div class=\"wp-block-group is-content-justification-center is-nowrap is-layout-flex wp-container-core-group-is-layout-60758a6d wp-block-group-is-layout-flex\">\n<p>Revista \/<\/p>\n\n\n<div class=\"taxonomy-category wp-block-post-terms\"><a href=\"https:\/\/berti.net\/es\/magazine\/category\/productos\/\" rel=\"tag\">Productos<\/a><span class=\"wp-block-post-terms__separator\">, <\/span><a href=\"https:\/\/berti.net\/es\/magazine\/category\/proyectos\/\" rel=\"tag\">Proyectos<\/a><\/div><\/div>\n<\/div>\n<\/div>\n\n<p><\/p>\n","protected":false},"excerpt":{"rendered":"<p>La l\u00ednea Vepal se enriquece con la incorporaci\u00f3n de una nueva gama de productos: la l\u00ednea de Laminados Premium.<\/p>\n","protected":false},"author":9,"featured_media":17902,"comment_status":"closed","ping_status":"closed","sticky":false,"template":"","format":"standard","meta":{"footnotes":""},"categories":[108,142],"tags":[],"class_list":["post-17901","post","type-post","status-publish","format-standard","has-post-thumbnail","hentry","category-productos","category-proyectos"],"_links":{"self":[{"href":"https:\/\/berti.net\/es\/wp-json\/wp\/v2\/posts\/17901","targetHints":{"allow":["GET"]}}],"collection":[{"href":"https:\/\/berti.net\/es\/wp-json\/wp\/v2\/posts"}],"about":[{"href":"https:\/\/berti.net\/es\/wp-json\/wp\/v2\/types\/post"}],"author":[{"embeddable":true,"href":"https:\/\/berti.net\/es\/wp-json\/wp\/v2\/users\/9"}],"replies":[{"embeddable":true,"href":"https:\/\/berti.net\/es\/wp-json\/wp\/v2\/comments?post=17901"}],"version-history":[{"count":2,"href":"https:\/\/berti.net\/es\/wp-json\/wp\/v2\/posts\/17901\/revisions"}],"predecessor-version":[{"id":21287,"href":"https:\/\/berti.net\/es\/wp-json\/wp\/v2\/posts\/17901\/revisions\/21287"}],"wp:featuredmedia":[{"embeddable":true,"href":"https:\/\/berti.net\/es\/wp-json\/wp\/v2\/media\/17902"}],"wp:attachment":[{"href":"https:\/\/berti.net\/es\/wp-json\/wp\/v2\/media?parent=17901"}],"wp:term":[{"taxonomy":"category","embeddable":true,"href":"https:\/\/berti.net\/es\/wp-json\/wp\/v2\/categories?post=17901"},{"taxonomy":"post_tag","embeddable":true,"href":"https:\/\/berti.net\/es\/wp-json\/wp\/v2\/tags?post=17901"}],"curies":[{"name":"wp","href":"https:\/\/api.w.org\/{rel}","templated":true}]}}