{"id":17871,"date":"2012-03-12T15:39:09","date_gmt":"2012-03-12T15:39:09","guid":{"rendered":"https:\/\/www.berti.net\/magazine\/chatcoffee-con-marco-piva\/"},"modified":"2025-05-19T09:36:51","modified_gmt":"2025-05-19T09:36:51","slug":"chatcoffee-con-marco-piva","status":"publish","type":"post","link":"https:\/\/berti.net\/es\/magazine\/chatcoffee-con-marco-piva\/","title":{"rendered":"Chat&amp;Coffee con&#8230; Marco Piva"},"content":{"rendered":"\n<div class=\"wp-block-group post-detail-pattern is-container has-base-2-color has-contrast-background-color has-text-color has-background has-link-color wp-elements-ef4abe632c1cc943689c5b7182a98703 has-global-padding is-layout-constrained wp-block-group-is-layout-constrained\" style=\"margin-top:0;margin-bottom:0;padding-top:var(--wp--preset--spacing--70);padding-bottom:var(--wp--preset--spacing--70)\">\n<div class=\"wp-block-columns alignwide is-layout-flex wp-container-core-columns-is-layout-d125203f wp-block-columns-is-layout-flex\" style=\"margin-bottom:var(--wp--preset--spacing--50)\">\n<div class=\"wp-block-column is-vertically-aligned-stretch is-layout-flow wp-block-column-is-layout-flow\" style=\"padding-right:0;flex-basis:50%\">\n<div class=\"wp-block-group is-vertical is-content-justification-stretch is-layout-flex wp-container-core-group-is-layout-e9e70883 wp-block-group-is-layout-flex\" style=\"min-height:100%\">\n<div class=\"wp-block-group post-categories is-nowrap is-layout-flex wp-container-core-group-is-layout-3155b93e wp-block-group-is-layout-flex\" style=\"margin-top:var(--wp--preset--spacing--20);font-size:11px\">\n<p>Revista \/<\/p>\n\n\n<div class=\"taxonomy-category wp-block-post-terms\"><a href=\"https:\/\/berti.net\/es\/magazine\/category\/productos\/\" rel=\"tag\">Productos<\/a><span class=\"wp-block-post-terms__separator\">, <\/span><a href=\"https:\/\/berti.net\/es\/magazine\/category\/proyectos\/\" rel=\"tag\">Proyectos<\/a><\/div><\/div>\n\n\n<div style=\"font-style:normal;font-weight:600;text-transform:uppercase;\" class=\"has-link-color wp-elements-32859cd979b45056895d81c5660c23a0 wp-block-post-date has-text-color has-base-color has-s-font-size\"><time datetime=\"2012-03-12T15:39:09+00:00\">12 March 2012<\/time><\/div>\n\n\n<h1 class=\"wp-block-heading post-title\">Chat&amp;Coffee con&#8230;<strong>Marco Piva<\/strong><\/h1>\n\n\n\n<h2 class=\"wp-block-heading post-subtitle\" style=\"margin-bottom:var(--wp--preset--spacing--20)\"><strong>Marco Piva<\/strong>, licenciado por el Polit\u00e9cnico de Mil\u00e1n, fue miembro fundador de <strong>Studiodada Associati<\/strong>, cuya producci\u00f3n se convirti\u00f3 en una de las m\u00e1s representativas del periodo <strong>del Dise\u00f1o Radical<\/strong>.<\/h2>\n\n\n\n<p>En los a\u00f1os 80 abri\u00f3 el Studio Marco Piva, cuya actividad abarca desde grandes proyectos arquitect\u00f3nicos hasta el dise\u00f1o de interiores y el dise\u00f1o industrial para prestigiosas marcas de muebles. Viajero antes que dise\u00f1ador, estudia y crea soluciones de dise\u00f1o impregnadas de libertad estil\u00edstica, sus objetos est\u00e1n cargados de emotividad y nuevos simbolismos, los colores contrastan con todo intelectualismo y rigidez. Ha realizado numerosos proyectos de arquitectura e interiorismo en Italia y en el extranjero (Jap\u00f3n, Dubai, Rusia). Protagonista de seminarios, conferencias, exposiciones y muestras en Italia y en el extranjero, es autor de varias publicaciones y tiene en su haber numerosos premios y reconocimientos internacionales.   <\/p>\n\n\n\n<figure class=\"wp-block-image size-full is-style-default\"><img loading=\"lazy\" decoding=\"async\" width=\"350\" height=\"526\" src=\"https:\/\/www.berti.net\/wp-content\/uploads\/2012\/03\/Portrait_Marco-Piva_ok.jpg\" alt=\"\" class=\"wp-image-10366\"\/><\/figure>\n\n\n\n<p><strong>Despu\u00e9s de tantas superficies lacadas de colores, \u00bfpuede decirse que la madera vista -incluido el parquet- est\u00e1 recuperando su valor decorativo en el interiorismo?<\/strong><\/p>\n\n\n\n<p><em>Definitivamente, hay una vuelta al uso de la madera para acabados interiores, para resaltar la belleza de la madera. Incluso en el \u00e1mbito del parquet se experimenta con formas y acabados inusuales, de hecho hay toda una serie de maderas muy inusuales, muy coloridas, que casi parecen arco iris: muy atrevidas, muy fuertes, poco tranquilizadoras si se quiere, pero que sin embargo podr\u00edan ser v\u00edas a seguir para determinados tipos de espacio o determinados tipos de clientes. Sin embargo, en mi opini\u00f3n personal, siempre ganan las esencias m\u00e1s tranquilizadoras, aquellas cuya dureza y tipo de material son conocidos, y que por tanto dan cierta garant\u00eda de uso y utilizaci\u00f3n. Si, por el contrario, se trata de espacios que var\u00edan mucho, como en centros comerciales o equipamientos, entonces ah\u00ed puedes atreverte con esquemas de color m\u00e1s atrevidos. Por ejemplo, en el \u00e1mbito hotelero hemos creado suites dedicadas muy especiales en las que hemos experimentado con parquet blanco o propuesto variedades de madera con colores frescos y contempor\u00e1neos, que han resultado muy interesantes. Adem\u00e1s, hay series de maderas que juegan con la textura del material a nivel tridimensional y dan percepciones materiales muy fuertes, sobre todo al caminar sobre ellas descalzo.     <\/em><\/p>\n\n\n\n<p><strong>\u00bfPuede un producto tan espec\u00edfico como el parquet &#8221;interpretar&#8221; las tendencias de estilo actuales?<\/strong><\/p>\n\n\n\n<p><em>En mi opini\u00f3n, la tendencia estil\u00edstica general ve como protagonista, por un lado, el aspecto geom\u00e9trico, por lo que las lamas de parquet tienden a ser cada vez m\u00e1s importantes (se tiende a diferenciar entre anchos y geometr\u00edas) y, por otro, la posibilidad de contaminaci\u00f3n entre distintos materiales. As\u00ed, el parquet puede albergar inserciones met\u00e1licas o de otros materiales que hacen que la superficie sea rica y r\u00edtmica, y ya no totalmente homog\u00e9nea. Por \u00faltimo, los colores m\u00e1s nuevos y contempor\u00e1neos se encuentran en el parquet et\u00e9reo, tendente al blanco, muy limpio.  <\/em><\/p>\n\n\n\n<figure class=\"wp-block-image size-full is-style-default\"><img loading=\"lazy\" decoding=\"async\" width=\"1181\" height=\"791\" src=\"https:\/\/www.berti.net\/wp-content\/uploads\/2012\/03\/Move-Hotel-3.jpg\" alt=\"\" class=\"wp-image-10369\" srcset=\"https:\/\/berti.net\/wp-content\/uploads\/2012\/03\/Move-Hotel-3.jpg 1181w, https:\/\/berti.net\/wp-content\/uploads\/2012\/03\/Move-Hotel-3-812x544.jpg 812w, https:\/\/berti.net\/wp-content\/uploads\/2012\/03\/Move-Hotel-3-768x514.jpg 768w\" sizes=\"auto, (max-width: 1181px) 100vw, 1181px\" \/><\/figure>\n\n\n\n<p><strong>\u00bfEl parquet no tiene l\u00edmites en el hogar? \u00bfPuede la madera conquistar tambi\u00e9n las paredes? <\/strong><\/p>\n\n\n\n<p><em>El parquet, tanto en los ba\u00f1os como en las cocinas, es una soluci\u00f3n bastante reciente, aunque todav\u00eda tendamos a utilizar m\u00e1s materiales como el m\u00e1rmol, la cer\u00e1mica, el gres, en aras de la limpieza. Sin embargo, el parquet puede funcionar en estas estancias, sobre todo si son contiguas al sal\u00f3n y quieres favorecer una sensaci\u00f3n de continuidad visual entre los espacios. Evidentemente, hay que estudiar meticulosamente su resistencia, con tratamientos espec\u00edficos si es necesario. Sin duda, hay mucho potencial en el uso de la boiserie, y en nuestras intervenciones solemos utilizarlas para resaltar la riqueza y singularidad de los proyectos en los que, de vez en cuando, se desarrolla un revestimiento ad hoc, basado en un dise\u00f1o.   <\/em><\/p>\n\n\n\n<figure class=\"wp-block-image size-full is-style-default\"><img loading=\"lazy\" decoding=\"async\" width=\"2000\" height=\"1410\" src=\"https:\/\/www.berti.net\/wp-content\/uploads\/2012\/03\/Iradium_Leaf-2.jpg\" alt=\"\" class=\"wp-image-10372\" srcset=\"https:\/\/berti.net\/wp-content\/uploads\/2012\/03\/Iradium_Leaf-2.jpg 2000w, https:\/\/berti.net\/wp-content\/uploads\/2012\/03\/Iradium_Leaf-2-812x572.jpg 812w, https:\/\/berti.net\/wp-content\/uploads\/2012\/03\/Iradium_Leaf-2-1920x1354.jpg 1920w, https:\/\/berti.net\/wp-content\/uploads\/2012\/03\/Iradium_Leaf-2-768x541.jpg 768w, https:\/\/berti.net\/wp-content\/uploads\/2012\/03\/Iradium_Leaf-2-1536x1083.jpg 1536w\" sizes=\"auto, (max-width: 2000px) 100vw, 2000px\" \/><\/figure>\n\n\n\n<p><strong>El concepto de parquet tambi\u00e9n implica consideraciones ecol\u00f3gicas, \u00bfhasta qu\u00e9 punto crees que pueden influir en las decisiones de compra?<\/strong><\/p>\n\n\n\n<p><em>El tema de la ecosostenibilidad es muy fuerte hoy en d\u00eda y, para un mismo producto, la gente se decanta por los m\u00e1s respetuosos con el medio ambiente. Por tanto, la incidencia de la sensibilidad ecol\u00f3gica justifica las ventajas de sostenibilidad que proponen las empresas. <\/em><\/p>\n\n\n\n<p><em><\/em><strong>\u00bfC\u00f3mo valoras la formaci\u00f3n de nuevos talentos en arquitectura y dise\u00f1o y su relaci\u00f3n con las empresas?<\/strong><\/p>\n\n\n\n<p><em>Nuestra academia, en este campo, est\u00e1 sin duda entre las mejores reconocidas internacionalmente. Nuestros j\u00f3venes reclutas pueden disfrutar de una formaci\u00f3n completa y estrat\u00e9gica. Desgraciadamente, sin embargo, hay que admitir que la crisis actual ha cambiado la relaci\u00f3n entre la industria y los dise\u00f1adores. Las industrias atraviesan un periodo de grandes dificultades ante un mercado, tanto en Italia como en el extranjero, que, si no se ha detenido, s\u00ed se ha ralentizado considerablemente y se ha vuelto muy selectivo. Por eso, las empresas m\u00e1s cualificadas prefieren invertir en el trabajo de los dise\u00f1adores m\u00e1s experimentados y conocidos. Hoy en d\u00eda, el espacio para los j\u00f3venes se limita a los verdaderos talentos.     <\/em><\/p>\n\n\n\n<figure class=\"wp-block-image size-full is-style-default\"><img loading=\"lazy\" decoding=\"async\" width=\"950\" height=\"1181\" src=\"https:\/\/www.berti.net\/wp-content\/uploads\/2012\/03\/T-Hotel-1.jpg\" alt=\"\" class=\"wp-image-10375\" srcset=\"https:\/\/berti.net\/wp-content\/uploads\/2012\/03\/T-Hotel-1.jpg 950w, https:\/\/berti.net\/wp-content\/uploads\/2012\/03\/T-Hotel-1-653x812.jpg 653w, https:\/\/berti.net\/wp-content\/uploads\/2012\/03\/T-Hotel-1-768x955.jpg 768w\" sizes=\"auto, (max-width: 950px) 100vw, 950px\" \/><\/figure>\n<\/div>\n<\/div>\n\n\n\n<div class=\"wp-block-column is-layout-flow wp-container-core-column-is-layout-22223934 wp-block-column-is-layout-flow\" style=\"flex-basis:50%\">\n<p><strong>Estilo individual y enfoque global, \u00bfqu\u00e9 opinas?<\/strong><\/p>\n\n\n\n<p>A estas alturas, no hay lugar en el planeta que no haya sido descubierto. La ciencia anula las distancias con unas horas de vuelo, un clic de rat\u00f3n, una charla por Skype. En mi proceso de dise\u00f1o, siempre me he referido a obras derivadas del extranjero. Hay muchos modelos hist\u00f3ricos. Mis referencias, sin embargo, son principalmente tipol\u00f3gicas-organizativas, menos las formales, ya que prefiero experimentar de vez en cuando con diversas soluciones intentando generar proyectos que combinen aspectos de car\u00e1cter formal con aspectos de car\u00e1cter tecnol\u00f3gico. Mi estilo se basa en un nuevo Renacimiento, una reinterpretaci\u00f3n de la elegancia con gui\u00f1os a lo contempor\u00e1neo, con especial atenci\u00f3n al material, la investigaci\u00f3n y la simplicidad de las formas.     <\/p>\n\n\n\n<figure class=\"wp-block-image size-full is-style-default\"><img loading=\"lazy\" decoding=\"async\" width=\"1581\" height=\"2000\" src=\"https:\/\/www.berti.net\/wp-content\/uploads\/2012\/03\/Iradium_Wood-1.jpg\" alt=\"\" class=\"wp-image-10378\" srcset=\"https:\/\/berti.net\/wp-content\/uploads\/2012\/03\/Iradium_Wood-1.jpg 1581w, https:\/\/berti.net\/wp-content\/uploads\/2012\/03\/Iradium_Wood-1-642x812.jpg 642w, https:\/\/berti.net\/wp-content\/uploads\/2012\/03\/Iradium_Wood-1-1518x1920.jpg 1518w, https:\/\/berti.net\/wp-content\/uploads\/2012\/03\/Iradium_Wood-1-768x972.jpg 768w, https:\/\/berti.net\/wp-content\/uploads\/2012\/03\/Iradium_Wood-1-1214x1536.jpg 1214w\" sizes=\"auto, (max-width: 1581px) 100vw, 1581px\" \/><\/figure>\n\n\n\n<figure class=\"wp-block-image size-full is-style-default\"><img loading=\"lazy\" decoding=\"async\" width=\"2560\" height=\"1920\" src=\"https:\/\/www.berti.net\/wp-content\/uploads\/2012\/03\/Le-Terrazze-scaled.jpg\" alt=\"\" class=\"wp-image-10383\" srcset=\"https:\/\/berti.net\/wp-content\/uploads\/2012\/03\/Le-Terrazze-scaled.jpg 2560w, https:\/\/berti.net\/wp-content\/uploads\/2012\/03\/Le-Terrazze-812x609.jpg 812w, https:\/\/berti.net\/wp-content\/uploads\/2012\/03\/Le-Terrazze-1920x1440.jpg 1920w, https:\/\/berti.net\/wp-content\/uploads\/2012\/03\/Le-Terrazze-768x576.jpg 768w, https:\/\/berti.net\/wp-content\/uploads\/2012\/03\/Le-Terrazze-1536x1152.jpg 1536w, https:\/\/berti.net\/wp-content\/uploads\/2012\/03\/Le-Terrazze-2048x1536.jpg 2048w\" sizes=\"auto, (max-width: 2560px) 100vw, 2560px\" \/><\/figure>\n\n\n\n<figure class=\"wp-block-image size-full is-style-default\"><img loading=\"lazy\" decoding=\"async\" width=\"1181\" height=\"791\" src=\"https:\/\/www.berti.net\/wp-content\/uploads\/2012\/03\/Move-Hotel-1.jpg\" alt=\"\" class=\"wp-image-10386\" srcset=\"https:\/\/berti.net\/wp-content\/uploads\/2012\/03\/Move-Hotel-1.jpg 1181w, https:\/\/berti.net\/wp-content\/uploads\/2012\/03\/Move-Hotel-1-812x544.jpg 812w, https:\/\/berti.net\/wp-content\/uploads\/2012\/03\/Move-Hotel-1-768x514.jpg 768w\" sizes=\"auto, (max-width: 1181px) 100vw, 1181px\" \/><\/figure>\n\n\n\n<figure class=\"wp-block-image size-full is-style-default\"><img loading=\"lazy\" decoding=\"async\" width=\"1181\" height=\"791\" src=\"https:\/\/www.berti.net\/wp-content\/uploads\/2012\/03\/Move-Hotel-5.jpg\" alt=\"\" class=\"wp-image-10389\" srcset=\"https:\/\/berti.net\/wp-content\/uploads\/2012\/03\/Move-Hotel-5.jpg 1181w, https:\/\/berti.net\/wp-content\/uploads\/2012\/03\/Move-Hotel-5-812x544.jpg 812w, https:\/\/berti.net\/wp-content\/uploads\/2012\/03\/Move-Hotel-5-768x514.jpg 768w\" sizes=\"auto, (max-width: 1181px) 100vw, 1181px\" \/><\/figure>\n\n\n\n<figure class=\"wp-block-image size-full is-style-default\"><img loading=\"lazy\" decoding=\"async\" width=\"1181\" height=\"1602\" src=\"https:\/\/www.berti.net\/wp-content\/uploads\/2012\/03\/T-Hotel-2.jpg\" alt=\"\" class=\"wp-image-10392\" srcset=\"https:\/\/berti.net\/wp-content\/uploads\/2012\/03\/T-Hotel-2.jpg 1181w, https:\/\/berti.net\/wp-content\/uploads\/2012\/03\/T-Hotel-2-599x812.jpg 599w, https:\/\/berti.net\/wp-content\/uploads\/2012\/03\/T-Hotel-2-768x1042.jpg 768w, https:\/\/berti.net\/wp-content\/uploads\/2012\/03\/T-Hotel-2-1132x1536.jpg 1132w\" sizes=\"auto, (max-width: 1181px) 100vw, 1181px\" \/><\/figure>\n\n\n\n<figure class=\"wp-block-image size-full is-style-default\"><img loading=\"lazy\" decoding=\"async\" width=\"2560\" height=\"1707\" src=\"https:\/\/www.berti.net\/wp-content\/uploads\/2012\/03\/T-Hotel-3-scaled.jpg\" alt=\"\" class=\"wp-image-10395\" srcset=\"https:\/\/berti.net\/wp-content\/uploads\/2012\/03\/T-Hotel-3-scaled.jpg 2560w, https:\/\/berti.net\/wp-content\/uploads\/2012\/03\/T-Hotel-3-812x541.jpg 812w, https:\/\/berti.net\/wp-content\/uploads\/2012\/03\/T-Hotel-3-1920x1280.jpg 1920w, https:\/\/berti.net\/wp-content\/uploads\/2012\/03\/T-Hotel-3-768x512.jpg 768w, https:\/\/berti.net\/wp-content\/uploads\/2012\/03\/T-Hotel-3-1536x1024.jpg 1536w, https:\/\/berti.net\/wp-content\/uploads\/2012\/03\/T-Hotel-3-2048x1365.jpg 2048w\" sizes=\"auto, (max-width: 2560px) 100vw, 2560px\" \/><\/figure>\n<\/div>\n<\/div>\n\n\n\n<div class=\"wp-block-group post-categories has-global-padding is-content-justification-left is-layout-constrained wp-container-core-group-is-layout-836d34cb wp-block-group-is-layout-constrained\" style=\"margin-top:var(--wp--preset--spacing--70);font-size:11px\">\n<div class=\"wp-block-group is-content-justification-center is-nowrap is-layout-flex wp-container-core-group-is-layout-60758a6d wp-block-group-is-layout-flex\">\n<p>Revista \/<\/p>\n\n\n<div class=\"taxonomy-category wp-block-post-terms\"><a href=\"https:\/\/berti.net\/es\/magazine\/category\/productos\/\" rel=\"tag\">Productos<\/a><span class=\"wp-block-post-terms__separator\">, <\/span><a href=\"https:\/\/berti.net\/es\/magazine\/category\/proyectos\/\" rel=\"tag\">Proyectos<\/a><\/div><\/div>\n<\/div>\n<\/div>\n\n<p><\/p>\n","protected":false},"excerpt":{"rendered":"<p>Marco Piva, licenciado por el Polit\u00e9cnico de Mil\u00e1n, fue miembro fundador de Studiodada Associati, cuya producci\u00f3n se convirti\u00f3 en una de las m\u00e1s representativas del periodo del Dise\u00f1o Radical.  <\/p>\n","protected":false},"author":9,"featured_media":17872,"comment_status":"closed","ping_status":"closed","sticky":false,"template":"","format":"standard","meta":{"footnotes":""},"categories":[108,142],"tags":[],"class_list":["post-17871","post","type-post","status-publish","format-standard","has-post-thumbnail","hentry","category-productos","category-proyectos"],"_links":{"self":[{"href":"https:\/\/berti.net\/es\/wp-json\/wp\/v2\/posts\/17871","targetHints":{"allow":["GET"]}}],"collection":[{"href":"https:\/\/berti.net\/es\/wp-json\/wp\/v2\/posts"}],"about":[{"href":"https:\/\/berti.net\/es\/wp-json\/wp\/v2\/types\/post"}],"author":[{"embeddable":true,"href":"https:\/\/berti.net\/es\/wp-json\/wp\/v2\/users\/9"}],"replies":[{"embeddable":true,"href":"https:\/\/berti.net\/es\/wp-json\/wp\/v2\/comments?post=17871"}],"version-history":[{"count":2,"href":"https:\/\/berti.net\/es\/wp-json\/wp\/v2\/posts\/17871\/revisions"}],"predecessor-version":[{"id":21274,"href":"https:\/\/berti.net\/es\/wp-json\/wp\/v2\/posts\/17871\/revisions\/21274"}],"wp:featuredmedia":[{"embeddable":true,"href":"https:\/\/berti.net\/es\/wp-json\/wp\/v2\/media\/17872"}],"wp:attachment":[{"href":"https:\/\/berti.net\/es\/wp-json\/wp\/v2\/media?parent=17871"}],"wp:term":[{"taxonomy":"category","embeddable":true,"href":"https:\/\/berti.net\/es\/wp-json\/wp\/v2\/categories?post=17871"},{"taxonomy":"post_tag","embeddable":true,"href":"https:\/\/berti.net\/es\/wp-json\/wp\/v2\/tags?post=17871"}],"curies":[{"name":"wp","href":"https:\/\/api.w.org\/{rel}","templated":true}]}}