{"id":17856,"date":"2012-01-17T08:30:55","date_gmt":"2012-01-17T08:30:55","guid":{"rendered":"https:\/\/www.berti.net\/magazine\/mas-sobre-el-formaldehido\/"},"modified":"2025-05-19T09:36:25","modified_gmt":"2025-05-19T09:36:25","slug":"mas-sobre-el-formaldehido","status":"publish","type":"post","link":"https:\/\/berti.net\/es\/magazine\/mas-sobre-el-formaldehido\/","title":{"rendered":"M\u00e1s sobre el formaldeh\u00eddo"},"content":{"rendered":"\n<div class=\"wp-block-group post-detail-pattern is-container has-base-2-color has-contrast-background-color has-text-color has-background has-link-color wp-elements-83830e87a97f534fb42cfe3e682ba583 has-global-padding is-layout-constrained wp-block-group-is-layout-constrained\" style=\"margin-top:0;margin-bottom:0;padding-top:var(--wp--preset--spacing--70);padding-bottom:var(--wp--preset--spacing--70)\">\n<div class=\"wp-block-columns alignwide is-layout-flex wp-container-core-columns-is-layout-d125203f wp-block-columns-is-layout-flex\" style=\"margin-bottom:var(--wp--preset--spacing--50)\">\n<div class=\"wp-block-column is-vertically-aligned-stretch is-layout-flow wp-block-column-is-layout-flow\" style=\"padding-right:0;flex-basis:50%\">\n<div class=\"wp-block-group is-vertical is-content-justification-stretch is-layout-flex wp-container-core-group-is-layout-e9e70883 wp-block-group-is-layout-flex\" style=\"min-height:100%\">\n<div class=\"wp-block-group post-categories is-nowrap is-layout-flex wp-container-core-group-is-layout-3155b93e wp-block-group-is-layout-flex\" style=\"margin-top:var(--wp--preset--spacing--20);font-size:11px\">\n<p>Revista \/<\/p>\n\n\n<div class=\"taxonomy-category wp-block-post-terms\"><a href=\"https:\/\/berti.net\/es\/magazine\/category\/productos\/\" rel=\"tag\">Productos<\/a><span class=\"wp-block-post-terms__separator\">, <\/span><a href=\"https:\/\/berti.net\/es\/magazine\/category\/proyectos\/\" rel=\"tag\">Proyectos<\/a><\/div><\/div>\n\n\n<div style=\"font-style:normal;font-weight:600;text-transform:uppercase;\" class=\"has-link-color wp-elements-32859cd979b45056895d81c5660c23a0 wp-block-post-date has-text-color has-base-color has-s-font-size\"><time datetime=\"2012-01-17T08:30:55+00:00\">17 January 2012<\/time><\/div>\n\n\n<h1 class=\"wp-block-heading post-title\">M\u00e1s sobre <strong>el formaldeh\u00eddo<\/strong><\/h1>\n\n\n\n<h2 class=\"wp-block-heading post-subtitle\" style=\"margin-bottom:var(--wp--preset--spacing--20)\">Empecemos diciendo unas palabras sobre qu\u00e9 es <strong>el formaldeh\u00eddo<\/strong>, ya que sigue siendo un tema desconocido para la mayor\u00eda de la gente, a pesar de su relevancia e impacto en la vida cotidiana.<\/h2>\n\n\n\n<p><strong>\u00bfQu\u00e9 es el formaldeh\u00eddo?<\/strong>  Es un contaminante que se ha calificado de omnipresente, ya que pr\u00e1cticamente siempre estamos rodeados de \u00e9l: en las ciudades y a lo largo de las carreteras debido al tr\u00e1fico, en los hogares y oficinas debido al humo de los cigarrillos, en los muebles, ya que est\u00e1 presente en los tableros aglomerados, los contrachapados y las colas, en los alimentos, los cosm\u00e9ticos, los envases y en la cola utilizada para libros y revistas. (sobre este tema, v\u00e9ase tambi\u00e9n el Faq dedicado: <a href=\"https:\/\/www.berti.net\/#\/faq\/tecniche\/che-cose-la-formaldeide_it_0_5_816.html\" target=\"_blank\" rel=\"noreferrer noopener\">\u00bfQU\u00c9 ES EL FORMALDEH\u00cdDO<\/a>?). <\/p>\n\n\n\n<figure class=\"wp-block-image size-full\"><img loading=\"lazy\" decoding=\"async\" width=\"800\" height=\"533\" src=\"https:\/\/www.berti.net\/wp-content\/uploads\/2012\/01\/taglio-prod-1.jpg\" alt=\"\" class=\"wp-image-10494\" srcset=\"https:\/\/berti.net\/wp-content\/uploads\/2012\/01\/taglio-prod-1.jpg 800w, https:\/\/berti.net\/wp-content\/uploads\/2012\/01\/taglio-prod-1-768x512.jpg 768w\" sizes=\"auto, (max-width: 800px) 100vw, 800px\" \/><\/figure>\n\n\n\n<p>Naturalmente, este problema se aborda mediante normativas legales: de hecho, la Organizaci\u00f3n Mundial de la Salud ha establecido un l\u00edmite m\u00e1ximo de concentraci\u00f3n aceptable para el formaldeh\u00eddo. Seg\u00fan el decreto vigente en Italia, los productos cuya concentraci\u00f3n de equilibrio de formaldeh\u00eddo supere el valor de 0,1 ppm (igual a 0,1 partes por mill\u00f3n &#8211; ppm), es decir, 100 microgramos\/metrocubo, que corresponde al l\u00edmite fijado para la clase E1, no podr\u00e1n comercializarse. <\/p>\n<\/div>\n<\/div>\n\n\n\n<div class=\"wp-block-column is-layout-flow wp-container-core-column-is-layout-22223934 wp-block-column-is-layout-flow\" style=\"flex-basis:50%\">\n<figure class=\"wp-block-image size-full\"><img loading=\"lazy\" decoding=\"async\" width=\"800\" height=\"533\" src=\"https:\/\/www.berti.net\/wp-content\/uploads\/2012\/01\/taglio-prod-2.jpg\" alt=\"\" class=\"wp-image-10498\" srcset=\"https:\/\/berti.net\/wp-content\/uploads\/2012\/01\/taglio-prod-2.jpg 800w, https:\/\/berti.net\/wp-content\/uploads\/2012\/01\/taglio-prod-2-768x512.jpg 768w\" sizes=\"auto, (max-width: 800px) 100vw, 800px\" \/><\/figure>\n\n\n\n<p><strong>Todos los productos Berti<\/strong> cumplen los l\u00edmites legales de concentraci\u00f3n en equilibrio de formaldeh\u00eddo: de hecho, tienen una<strong> concentraci\u00f3n de 0,01 ppm<\/strong>, muy por debajo de lo que exige la ley.<br\/>Berti Pavimenti Legno quiere limitar estrictamente la liberaci\u00f3n de formaldeh\u00eddo, manteni\u00e9ndose por debajo de los l\u00edmites ya restrictivos prescritos por la normativa europea.<br\/>Para minimizar la exposici\u00f3n al formaldeh\u00eddo y proteger la salud, Berti cumple normas estrictas relativas a la fabricaci\u00f3n, importaci\u00f3n y comercializaci\u00f3n de tableros y productos derivados de la madera, tanto semiacabados como acabados, que contengan formaldeh\u00eddo.  <strong>Incluidos suelos de madera y parqu\u00e9.<\/strong><\/p>\n<\/div>\n<\/div>\n\n\n\n<div class=\"wp-block-group post-categories has-global-padding is-content-justification-left is-layout-constrained wp-container-core-group-is-layout-836d34cb wp-block-group-is-layout-constrained\" style=\"margin-top:var(--wp--preset--spacing--70);font-size:11px\">\n<div class=\"wp-block-group is-content-justification-center is-nowrap is-layout-flex wp-container-core-group-is-layout-60758a6d wp-block-group-is-layout-flex\">\n<p>Revista \/<\/p>\n\n\n<div class=\"taxonomy-category wp-block-post-terms\"><a href=\"https:\/\/berti.net\/es\/magazine\/category\/productos\/\" rel=\"tag\">Productos<\/a><span class=\"wp-block-post-terms__separator\">, <\/span><a href=\"https:\/\/berti.net\/es\/magazine\/category\/proyectos\/\" rel=\"tag\">Proyectos<\/a><\/div><\/div>\n<\/div>\n<\/div>\n\n<p><\/p>\n","protected":false},"excerpt":{"rendered":"<p>\u00bfQu\u00e9 es el formaldeh\u00eddo? Es un contaminante definido como ubicuo <\/p>\n","protected":false},"author":9,"featured_media":17857,"comment_status":"closed","ping_status":"closed","sticky":false,"template":"","format":"standard","meta":{"footnotes":""},"categories":[108,142],"tags":[],"class_list":["post-17856","post","type-post","status-publish","format-standard","has-post-thumbnail","hentry","category-productos","category-proyectos"],"_links":{"self":[{"href":"https:\/\/berti.net\/es\/wp-json\/wp\/v2\/posts\/17856","targetHints":{"allow":["GET"]}}],"collection":[{"href":"https:\/\/berti.net\/es\/wp-json\/wp\/v2\/posts"}],"about":[{"href":"https:\/\/berti.net\/es\/wp-json\/wp\/v2\/types\/post"}],"author":[{"embeddable":true,"href":"https:\/\/berti.net\/es\/wp-json\/wp\/v2\/users\/9"}],"replies":[{"embeddable":true,"href":"https:\/\/berti.net\/es\/wp-json\/wp\/v2\/comments?post=17856"}],"version-history":[{"count":2,"href":"https:\/\/berti.net\/es\/wp-json\/wp\/v2\/posts\/17856\/revisions"}],"predecessor-version":[{"id":21258,"href":"https:\/\/berti.net\/es\/wp-json\/wp\/v2\/posts\/17856\/revisions\/21258"}],"wp:featuredmedia":[{"embeddable":true,"href":"https:\/\/berti.net\/es\/wp-json\/wp\/v2\/media\/17857"}],"wp:attachment":[{"href":"https:\/\/berti.net\/es\/wp-json\/wp\/v2\/media?parent=17856"}],"wp:term":[{"taxonomy":"category","embeddable":true,"href":"https:\/\/berti.net\/es\/wp-json\/wp\/v2\/categories?post=17856"},{"taxonomy":"post_tag","embeddable":true,"href":"https:\/\/berti.net\/es\/wp-json\/wp\/v2\/tags?post=17856"}],"curies":[{"name":"wp","href":"https:\/\/api.w.org\/{rel}","templated":true}]}}