{"id":17847,"date":"2011-11-11T13:10:58","date_gmt":"2011-11-11T13:10:58","guid":{"rendered":"https:\/\/www.berti.net\/magazine\/hablemos-de-sostenibilidad-y-estemos-abiertos-al-dialogo\/"},"modified":"2025-05-19T09:36:14","modified_gmt":"2025-05-19T09:36:14","slug":"hablemos-de-sostenibilidad-y-estemos-abiertos-al-dialogo","status":"publish","type":"post","link":"https:\/\/berti.net\/es\/magazine\/hablemos-de-sostenibilidad-y-estemos-abiertos-al-dialogo\/","title":{"rendered":"\u00a1Hablemos de sostenibilidad y estemos abiertos al di\u00e1logo!"},"content":{"rendered":"\n<div class=\"wp-block-group post-detail-pattern is-container has-base-2-color has-contrast-background-color has-text-color has-background has-link-color wp-elements-08fd411253df2f08db2d288e8e6d9a36 has-global-padding is-layout-constrained wp-block-group-is-layout-constrained\" style=\"margin-top:0;margin-bottom:0;padding-top:var(--wp--preset--spacing--70);padding-bottom:var(--wp--preset--spacing--70)\">\n<div class=\"wp-block-columns alignwide is-layout-flex wp-container-core-columns-is-layout-d125203f wp-block-columns-is-layout-flex\" style=\"margin-bottom:var(--wp--preset--spacing--50)\">\n<div class=\"wp-block-column is-vertically-aligned-stretch is-layout-flow wp-block-column-is-layout-flow\" style=\"padding-right:0;flex-basis:50%\">\n<div class=\"wp-block-group is-vertical is-content-justification-stretch is-layout-flex wp-container-core-group-is-layout-e9e70883 wp-block-group-is-layout-flex\" style=\"min-height:100%\">\n<div class=\"wp-block-group post-categories is-nowrap is-layout-flex wp-container-core-group-is-layout-3155b93e wp-block-group-is-layout-flex\" style=\"margin-top:var(--wp--preset--spacing--20);font-size:11px\">\n<p>Revista \/<\/p>\n\n\n<div class=\"taxonomy-category wp-block-post-terms\"><a href=\"https:\/\/berti.net\/es\/magazine\/category\/productos\/\" rel=\"tag\">Productos<\/a><span class=\"wp-block-post-terms__separator\">, <\/span><a href=\"https:\/\/berti.net\/es\/magazine\/category\/proyectos\/\" rel=\"tag\">Proyectos<\/a><\/div><\/div>\n\n\n<div style=\"font-style:normal;font-weight:600;text-transform:uppercase;\" class=\"has-link-color wp-elements-32859cd979b45056895d81c5660c23a0 wp-block-post-date has-text-color has-base-color has-s-font-size\"><time datetime=\"2011-11-11T13:10:58+00:00\">11 November 2011<\/time><\/div>\n\n\n<h1 class=\"wp-block-heading post-title\">\u00a1Hablemos de <strong>sostenibilidad<\/strong> y estemos abiertos al di\u00e1logo!<\/h1>\n\n\n\n<h2 class=\"wp-block-heading post-subtitle\" style=\"margin-bottom:var(--wp--preset--spacing--20)\">En estos meses de gran efervescencia, tanto en la red como fuera de ella, hemos visto c\u00f3mo <strong>la conversaci\u00f3n y el intercambio<\/strong>, dos piedras angulares de la web y de la web social, siguen siendo tan verdaderas como siempre. Aunque las cifras de nuestras actividades empiezan a aumentar, se da un peso espec\u00edfico a la parte cualitativa de las interacciones que surgen cada d\u00eda en la web. <\/h2>\n\n\n\n<p>Nos hemos dado cuenta de lo r\u00e1pido que pueden desencadenarse fen\u00f3menos de intercambio instant\u00e1neo, c\u00edrculos virtuosos reservados no s\u00f3lo a los iniciados, sino al p\u00fablico en general. Baste pensar en<a href=\"https:\/\/blog.berti.net\/parquet-piu-che-un-ritorno-al-futuro-torniamo-ad-informarci\" target=\"_blank\" rel=\"noreferrer noopener\"> nuestro art\u00edculo en respuesta al Corriere della Sera<\/a>, que hab\u00eda proporcionado informaci\u00f3n err\u00f3nea y superficial sobre determinadas pr\u00e1cticas de nuestro sector: por decirlo en un t\u00e9rmino estrictamente t\u00e9cnico, a veces basta con darle al<strong><em>hashtag<\/em><\/strong> para entrar en los debates m\u00e1s interesantes y visibles. <\/p>\n\n\n\n<figure class=\"wp-block-image size-full\"><img loading=\"lazy\" decoding=\"async\" width=\"480\" height=\"720\" src=\"https:\/\/www.berti.net\/wp-content\/uploads\/2011\/11\/bertiambiente.jpg\" alt=\"\" class=\"wp-image-10583\"\/><\/figure>\n\n\n\n<p>Despu\u00e9s de haber ampliado el alcance de nuestro observatorio en red, gracias tambi\u00e9n al tema de la <strong>Vivienda Social<\/strong> y al evento relacionado dentro de la <strong>Made Expo de Mil\u00e1n<\/strong> el mes pasado, hemos abierto los ojos a nuevos modelos de trabajo y dise\u00f1o sostenibles, reforzados tambi\u00e9n en <a href=\"https:\/\/blog.berti.net\/abitare-il-tempo-nuove-prospettive-per-un%E2%80%99economia-piu-sostenibile\" target=\"_blank\" rel=\"noreferrer noopener\"><strong>Abitare il Tempo de Verona<\/strong><\/a>donde se propusieron otros ejemplos e ideas concretas de empresa sostenible.<\/p>\n\n\n\n<p>Precisamente la sostenibilidad es un tema del que se habla ahora en la red a gran velocidad, sobre todo en esta \u00e9poca de crisis e inestabilidad, econ\u00f3mica y medioambiental sobre todo, hasta el punto de que<strong>el &#8221;marketing verde&#8221;<\/strong>se ha convertido a todos los efectos en un \u00e1rea llena de contenidos, ideas y sugerencias, pero tambi\u00e9n de t\u00f3picos.<\/p>\n\n\n\n<p>Caer en la trampa del llamado<strong>&#8221;lavado verde&#8221;<\/strong>(en la pr\u00e1ctica, como dice Wikipedia, es<em>&#8221;una apropiaci\u00f3n injustificada de virtudes medioambientales por parte de una empresa<\/em>&#8221;) puede ser cuesti\u00f3n de un momento: <strong>ecol\u00f3gico, sostenible, biocompatible<\/strong>, tantos conceptos rimbombantes que corren el riesgo de ser vacuos, cuando no incluso contraproducentes.<\/p>\n\n\n\n<p>Fue precisamente un art\u00edculo que encontramos hace poco lo que nos hizo reflexionar sobre esta cuesti\u00f3n: los anuncios de tem\u00e1tica medioambiental son diferentes de los anuncios tradicionales relacionados con productos; si se promociona un producto porque es m\u00e1s barato, basta una r\u00e1pida comprobaci\u00f3n para confirmarlo, o si se afirma que una bebida concreta es la m\u00e1s sabrosa en comparaci\u00f3n con todos los competidores, bastar\u00e1n un par de euros para ver si es cierto o no. Pero si hablamos de estas cuestiones, \u00bfqu\u00e9 es lo que realmente marca la diferencia y c\u00f3mo podemos verificar la veracidad de determinadas afirmaciones? <\/p>\n<\/div>\n<\/div>\n\n\n\n<div class=\"wp-block-column is-layout-flow wp-container-core-column-is-layout-22223934 wp-block-column-is-layout-flow\" style=\"flex-basis:50%\">\n<p><strong>&#8221;<em>\u00bfC\u00f3mo puede estar seguro un consumidor de que las afirmaciones de una empresa, aunque sean ciertas, reflejan toda la historia?<\/em>&#8221;.<\/strong> \u00c9sta es una de las objeciones que nos hemos encontrado por parte de quienes quieren profundizar en la cuesti\u00f3n. <\/p>\n\n\n\n<p>Tambi\u00e9n nos gustar\u00eda utilizar nuestros medios y la red para saber de los consumidores, usuarios o personas m\u00e1s &#8221;humanas&#8221;, lo que piensan sobre el tema y hacer que todos nuestros<strong><em>seguidores<\/em><\/strong>&#8221;seguidores&#8217; en la red. Nos gustar\u00eda mucho empezar a hablar de ello, pero con las palabras adecuadas y los tonos apropiados&#8230; \u00a1este fascinante viaje empieza para nosotros ahora! <\/p>\n<\/div>\n<\/div>\n\n\n\n<div class=\"wp-block-group post-categories has-global-padding is-content-justification-left is-layout-constrained wp-container-core-group-is-layout-836d34cb wp-block-group-is-layout-constrained\" style=\"margin-top:var(--wp--preset--spacing--70);font-size:11px\">\n<div class=\"wp-block-group is-content-justification-center is-nowrap is-layout-flex wp-container-core-group-is-layout-60758a6d wp-block-group-is-layout-flex\">\n<p>Revista \/<\/p>\n\n\n<div class=\"taxonomy-category wp-block-post-terms\"><a href=\"https:\/\/berti.net\/es\/magazine\/category\/productos\/\" rel=\"tag\">Productos<\/a><span class=\"wp-block-post-terms__separator\">, <\/span><a href=\"https:\/\/berti.net\/es\/magazine\/category\/proyectos\/\" rel=\"tag\">Proyectos<\/a><\/div><\/div>\n<\/div>\n<\/div>\n\n<p><\/p>\n","protected":false},"excerpt":{"rendered":"<p>Hablemos de sostenibilidad y estemos abiertos al di\u00e1logo<\/p>\n","protected":false},"author":9,"featured_media":17852,"comment_status":"closed","ping_status":"closed","sticky":false,"template":"","format":"standard","meta":{"footnotes":""},"categories":[108,142],"tags":[],"class_list":["post-17847","post","type-post","status-publish","format-standard","has-post-thumbnail","hentry","category-productos","category-proyectos"],"_links":{"self":[{"href":"https:\/\/berti.net\/es\/wp-json\/wp\/v2\/posts\/17847","targetHints":{"allow":["GET"]}}],"collection":[{"href":"https:\/\/berti.net\/es\/wp-json\/wp\/v2\/posts"}],"about":[{"href":"https:\/\/berti.net\/es\/wp-json\/wp\/v2\/types\/post"}],"author":[{"embeddable":true,"href":"https:\/\/berti.net\/es\/wp-json\/wp\/v2\/users\/9"}],"replies":[{"embeddable":true,"href":"https:\/\/berti.net\/es\/wp-json\/wp\/v2\/comments?post=17847"}],"version-history":[{"count":2,"href":"https:\/\/berti.net\/es\/wp-json\/wp\/v2\/posts\/17847\/revisions"}],"predecessor-version":[{"id":21250,"href":"https:\/\/berti.net\/es\/wp-json\/wp\/v2\/posts\/17847\/revisions\/21250"}],"wp:featuredmedia":[{"embeddable":true,"href":"https:\/\/berti.net\/es\/wp-json\/wp\/v2\/media\/17852"}],"wp:attachment":[{"href":"https:\/\/berti.net\/es\/wp-json\/wp\/v2\/media?parent=17847"}],"wp:term":[{"taxonomy":"category","embeddable":true,"href":"https:\/\/berti.net\/es\/wp-json\/wp\/v2\/categories?post=17847"},{"taxonomy":"post_tag","embeddable":true,"href":"https:\/\/berti.net\/es\/wp-json\/wp\/v2\/tags?post=17847"}],"curies":[{"name":"wp","href":"https:\/\/api.w.org\/{rel}","templated":true}]}}