{"id":17826,"date":"2011-10-21T13:24:42","date_gmt":"2011-10-21T13:24:42","guid":{"rendered":"https:\/\/www.berti.net\/magazine\/habitar-el-tiempo-nuevas-perspectivas-para-una-economia-mas-sostenible\/"},"modified":"2025-05-19T09:37:57","modified_gmt":"2025-05-19T09:37:57","slug":"habitar-el-tiempo-nuevas-perspectivas-para-una-economia-mas-sostenible","status":"publish","type":"post","link":"https:\/\/berti.net\/es\/magazine\/habitar-el-tiempo-nuevas-perspectivas-para-una-economia-mas-sostenible\/","title":{"rendered":"Habitar el tiempo: nuevas perspectivas para una econom\u00eda m\u00e1s sostenible"},"content":{"rendered":"\n<div class=\"wp-block-group post-detail-pattern is-container has-base-2-color has-contrast-background-color has-text-color has-background has-link-color wp-elements-a034ec973cd06aa321e59e9c3b5fed1f has-global-padding is-layout-constrained wp-block-group-is-layout-constrained\" style=\"margin-top:0;margin-bottom:0;padding-top:var(--wp--preset--spacing--70);padding-bottom:var(--wp--preset--spacing--70)\">\n<div class=\"wp-block-columns alignwide is-layout-flex wp-container-core-columns-is-layout-d125203f wp-block-columns-is-layout-flex\" style=\"margin-bottom:var(--wp--preset--spacing--50)\">\n<div class=\"wp-block-column is-vertically-aligned-stretch is-layout-flow wp-block-column-is-layout-flow\" style=\"padding-right:0;flex-basis:50%\">\n<div class=\"wp-block-group is-vertical is-content-justification-stretch is-layout-flex wp-container-core-group-is-layout-e9e70883 wp-block-group-is-layout-flex\" style=\"min-height:100%\">\n<div class=\"wp-block-group post-categories is-nowrap is-layout-flex wp-container-core-group-is-layout-3155b93e wp-block-group-is-layout-flex\" style=\"margin-top:var(--wp--preset--spacing--20);font-size:11px\">\n<p>Revista \/<\/p>\n\n\n<div class=\"taxonomy-category wp-block-post-terms\"><a href=\"https:\/\/berti.net\/es\/magazine\/category\/productos\/\" rel=\"tag\">Productos<\/a><span class=\"wp-block-post-terms__separator\">, <\/span><a href=\"https:\/\/berti.net\/es\/magazine\/category\/proyectos\/\" rel=\"tag\">Proyectos<\/a><\/div><\/div>\n\n\n<div style=\"font-style:normal;font-weight:600;text-transform:uppercase;\" class=\"has-link-color wp-elements-32859cd979b45056895d81c5660c23a0 wp-block-post-date has-text-color has-base-color has-s-font-size\"><time datetime=\"2011-10-21T13:24:42+00:00\">21 October 2011<\/time><\/div>\n\n\n<h1 class=\"wp-block-heading post-title\"><strong>Habitar el tiempo<\/strong>: nuevas perspectivas para una<strong>econom\u00eda m\u00e1s sostenible<\/strong><\/h1>\n\n\n\n<h2 class=\"wp-block-heading post-subtitle\" style=\"margin-bottom:var(--wp--preset--spacing--20)\">La edici\u00f3n 2011 del <strong>proyecto Abitare il Tempo 100%<\/strong>, organizado por Veronafiere en colaboraci\u00f3n con Federmobili, se ha renovado por completo.<\/h2>\n\n\n\n<figure class=\"wp-block-image size-full\"><img loading=\"lazy\" decoding=\"async\" width=\"795\" height=\"625\" src=\"https:\/\/www.berti.net\/wp-content\/uploads\/2011\/10\/workshop-abitare-il-tempo.jpg\" alt=\"\" class=\"wp-image-10602\" srcset=\"https:\/\/berti.net\/wp-content\/uploads\/2011\/10\/workshop-abitare-il-tempo.jpg 795w, https:\/\/berti.net\/wp-content\/uploads\/2011\/10\/workshop-abitare-il-tempo-768x604.jpg 768w\" sizes=\"auto, (max-width: 795px) 100vw, 795px\" \/><\/figure>\n\n\n\n<p>Convertirse en el punto de encuentro de la distribuci\u00f3n independiente que busca informaci\u00f3n, formaci\u00f3n, comunicaci\u00f3n, servicios <strong>, nuevas mezclas de productos, creatividad y formatos de distribuci\u00f3n innovadores.<\/strong> Una aut\u00e9ntica convenci\u00f3n de la distribuci\u00f3n del mueble apoyada por un completo programa de actos que incluye algunos talleres importantes con un enfoque muy pr\u00e1ctico, en los que se abordan temas estrechamente relacionados con el funcionamiento del negocio de las tiendas de muebles. <\/p>\n\n\n\n<p>Nosotros tambi\u00e9n estuvimos presentes en la feria estos d\u00edas, pero como meros espectadores curiosos, y asistimos a varias reuniones interesantes. Uno de los seminarios programados, titulado &#8216;<strong><em>\u00bfNos vender\u00e1 algo el nuevo consumidor?<\/em><\/strong>&#8221;, ideado por <a href=\"https:\/\/www.sharazad.com\/\" target=\"_blank\" rel=\"noreferrer noopener\"><strong>Sharazad<\/strong><\/a>destac\u00f3 c\u00f3mo una nueva dimensi\u00f3n cultural, combinada con la crisis de los paradigmas econ\u00f3micos que se cre\u00edan infalibles y la consolidaci\u00f3n de las tecnolog\u00edas sociales, est\u00e1 haciendo surgir un nuevo tipo de consumidor. <\/p>\n\n\n\n<figure class=\"wp-block-image size-full\"><img loading=\"lazy\" decoding=\"async\" width=\"838\" height=\"615\" src=\"https:\/\/www.berti.net\/wp-content\/uploads\/2011\/10\/etsy.png\" alt=\"\" class=\"wp-image-10605\" srcset=\"https:\/\/berti.net\/wp-content\/uploads\/2011\/10\/etsy.png 838w, https:\/\/berti.net\/wp-content\/uploads\/2011\/10\/etsy-812x596.png 812w, https:\/\/berti.net\/wp-content\/uploads\/2011\/10\/etsy-768x564.png 768w\" sizes=\"auto, (max-width: 838px) 100vw, 838px\" \/><\/figure>\n\n\n\n<p>Ejemplar fue la presentaci\u00f3n del caso <a href=\"https:\/\/www.etsy.com\/\" target=\"_blank\" rel=\"noreferrer noopener\"><em><strong>etsy.com<\/strong><\/em><\/a>el comercio electr\u00f3nico que re\u00fane a la mayor comunidad de compradores y vendedores de productos hechos a mano de la web. A diferencia de e-bay, Etsy es una plataforma que filtra el contenido a la entrada, exigiendo a los vendedores que sigan unas normas precisas sobre la presentaci\u00f3n fotogr\u00e1fica de los productos que ofrecen. Desde 2009, tambi\u00e9n existe un blog italiano no oficial conocido como &#8221;Etsy Italia Team&#8221; y se presenta como el primer equipo creado por vendedores italianos con el objetivo de apoyarse mutuamente mediante debates. El objetivo final es ofrecer respuestas a dudas y problemas, junto con una avalancha de ideas para actividades promocionales dentro o fuera de Etsy.   <\/p>\n\n\n\n<p>Adem\u00e1s, se ofrece apoyo para entender c\u00f3mo funciona el comercio online y para mejorar la propia tienda (consejos sobre c\u00f3mo hacer fotos, decidir precios, redactar descripciones, etc.).<br\/>Otra plataforma de inter\u00e9s presentada durante la conferencia es la &#8221;<strong><em>Semana del Dise\u00f1o Sostenible<\/em><\/strong>&#8221;, que pretende ser un proyecto cultural y de comunicaci\u00f3n destinado a potenciar la difusi\u00f3n del dise\u00f1o ecosostenible. Se trata de un metacontenedor que aglutina una serie de iniciativas destinadas a implicar y sensibilizar a los consumidores y operadores del sector en cuestiones de dise\u00f1o y sostenibilidad medioambiental. <\/p>\n<\/div>\n<\/div>\n\n\n\n<div class=\"wp-block-column is-layout-flow wp-container-core-column-is-layout-22223934 wp-block-column-is-layout-flow\" style=\"flex-basis:50%\">\n<figure class=\"wp-block-image size-full\"><img loading=\"lazy\" decoding=\"async\" width=\"284\" height=\"179\" src=\"https:\/\/www.berti.net\/wp-content\/uploads\/2011\/10\/Abitareiltempo2011.png\" alt=\"\" class=\"wp-image-10608\"\/><\/figure>\n\n\n\n<p>Por \u00faltimo, se presentaron cuatro casos <strong>empresariales<\/strong> de \u00e9xito: <strong><a href=\"https:\/\/www.amplificatoreculturale.it\/\" target=\"_blank\" rel=\"noreferrer noopener\">Amplificatoreculturale.it <\/a><\/strong>dirigido por Matteo Zamboni <a href=\"https:\/\/www.reverselab.it\/\" target=\"_blank\" rel=\"noreferrer noopener\"><strong>reverselab.it<\/strong><\/a>presentado por Federica Collato, la peque\u00f1a empresa de Verona <strong><a href=\"https:\/\/www.lounge-tek.com\/\" target=\"_blank\" rel=\"noreferrer noopener\">lounge-tek.com<\/a><\/strong> e <strong><a href=\"https:\/\/www.pensierifattiamano.it\/\" target=\"_blank\" rel=\"noreferrer noopener\">pensierifattiamano.it<\/a><\/strong>concebido por Maria Cristina Pizzato.<\/p>\n\n\n\n<p>Lo esencial del discurso en esta hora repleta de significados y percepciones se resume en la presentaci\u00f3n del taller, que trata de esbozar los rasgos caracter\u00edsticos de estos nuevos consumidores, que ser\u00e1n los verdaderos protagn\u00f3sticos del mercado futuro, <em>&#8221;personas que no s\u00f3lo consumen de forma an\u00f3mala, buscando significado e implicaci\u00f3n, sino que tambi\u00e9n redescubren la dimensi\u00f3n del hacer, con vistas a la<strong> sostenibilidad<\/strong>, y c\u00f3mo a trav\u00e9s de <strong>plataformas habilitadoras<\/strong> y del <strong>comercio electr\u00f3nico<\/strong> social presentan su nicho de calidad y singularidad al mercado internacional&#8221;.<\/em><\/p>\n<\/div>\n<\/div>\n\n\n\n<div class=\"wp-block-group post-categories has-global-padding is-content-justification-left is-layout-constrained wp-container-core-group-is-layout-836d34cb wp-block-group-is-layout-constrained\" style=\"margin-top:var(--wp--preset--spacing--70);font-size:11px\">\n<div class=\"wp-block-group is-content-justification-center is-nowrap is-layout-flex wp-container-core-group-is-layout-60758a6d wp-block-group-is-layout-flex\">\n<p>Revista \/<\/p>\n\n\n<div class=\"taxonomy-category wp-block-post-terms\"><a href=\"https:\/\/berti.net\/es\/magazine\/category\/productos\/\" rel=\"tag\">Productos<\/a><span class=\"wp-block-post-terms__separator\">, <\/span><a href=\"https:\/\/berti.net\/es\/magazine\/category\/proyectos\/\" rel=\"tag\">Proyectos<\/a><\/div><\/div>\n<\/div>\n<\/div>\n\n<p><\/p>\n","protected":false},"excerpt":{"rendered":"<p>Edici\u00f3n 2011 del proyecto Abitare il Tempo 100%.<\/p>\n","protected":false},"author":9,"featured_media":17827,"comment_status":"closed","ping_status":"closed","sticky":false,"template":"","format":"standard","meta":{"footnotes":""},"categories":[108,142],"tags":[],"class_list":["post-17826","post","type-post","status-publish","format-standard","has-post-thumbnail","hentry","category-productos","category-proyectos"],"_links":{"self":[{"href":"https:\/\/berti.net\/es\/wp-json\/wp\/v2\/posts\/17826","targetHints":{"allow":["GET"]}}],"collection":[{"href":"https:\/\/berti.net\/es\/wp-json\/wp\/v2\/posts"}],"about":[{"href":"https:\/\/berti.net\/es\/wp-json\/wp\/v2\/types\/post"}],"author":[{"embeddable":true,"href":"https:\/\/berti.net\/es\/wp-json\/wp\/v2\/users\/9"}],"replies":[{"embeddable":true,"href":"https:\/\/berti.net\/es\/wp-json\/wp\/v2\/comments?post=17826"}],"version-history":[{"count":2,"href":"https:\/\/berti.net\/es\/wp-json\/wp\/v2\/posts\/17826\/revisions"}],"predecessor-version":[{"id":21330,"href":"https:\/\/berti.net\/es\/wp-json\/wp\/v2\/posts\/17826\/revisions\/21330"}],"wp:featuredmedia":[{"embeddable":true,"href":"https:\/\/berti.net\/es\/wp-json\/wp\/v2\/media\/17827"}],"wp:attachment":[{"href":"https:\/\/berti.net\/es\/wp-json\/wp\/v2\/media?parent=17826"}],"wp:term":[{"taxonomy":"category","embeddable":true,"href":"https:\/\/berti.net\/es\/wp-json\/wp\/v2\/categories?post=17826"},{"taxonomy":"post_tag","embeddable":true,"href":"https:\/\/berti.net\/es\/wp-json\/wp\/v2\/tags?post=17826"}],"curies":[{"name":"wp","href":"https:\/\/api.w.org\/{rel}","templated":true}]}}