{"id":17812,"date":"2011-10-19T13:27:06","date_gmt":"2011-10-19T13:27:06","guid":{"rendered":"https:\/\/www.berti.net\/magazine\/parquet-mas-que-una-vuelta-al-futuro-informemonos\/"},"modified":"2025-05-19T09:37:59","modified_gmt":"2025-05-19T09:37:59","slug":"parquet-mas-que-una-vuelta-al-futuro-informemonos","status":"publish","type":"post","link":"https:\/\/berti.net\/es\/magazine\/parquet-mas-que-una-vuelta-al-futuro-informemonos\/","title":{"rendered":"PARQUET: \u00a1M\u00e1s que una vuelta al futuro inform\u00e9monos!"},"content":{"rendered":"\n<div class=\"wp-block-group post-detail-pattern is-container has-base-2-color has-contrast-background-color has-text-color has-background has-link-color wp-elements-117cbe03f49b2746fd5ab15c2a1df0f3 has-global-padding is-layout-constrained wp-block-group-is-layout-constrained\" style=\"margin-top:0;margin-bottom:0;padding-top:var(--wp--preset--spacing--70);padding-bottom:var(--wp--preset--spacing--70)\">\n<div class=\"wp-block-columns alignwide is-layout-flex wp-container-core-columns-is-layout-d125203f wp-block-columns-is-layout-flex\" style=\"margin-bottom:var(--wp--preset--spacing--50)\">\n<div class=\"wp-block-column is-vertically-aligned-stretch is-layout-flow wp-block-column-is-layout-flow\" style=\"padding-right:0;flex-basis:50%\">\n<div class=\"wp-block-group is-vertical is-content-justification-stretch is-layout-flex wp-container-core-group-is-layout-e9e70883 wp-block-group-is-layout-flex\" style=\"min-height:100%\">\n<div class=\"wp-block-group post-categories is-nowrap is-layout-flex wp-container-core-group-is-layout-3155b93e wp-block-group-is-layout-flex\" style=\"margin-top:var(--wp--preset--spacing--20);font-size:11px\">\n<p>Revista \/<\/p>\n\n\n<div class=\"taxonomy-category wp-block-post-terms\"><a href=\"https:\/\/berti.net\/es\/magazine\/category\/productos\/\" rel=\"tag\">Productos<\/a><span class=\"wp-block-post-terms__separator\">, <\/span><a href=\"https:\/\/berti.net\/es\/magazine\/category\/proyectos\/\" rel=\"tag\">Proyectos<\/a><\/div><\/div>\n\n\n<div style=\"font-style:normal;font-weight:600;text-transform:uppercase;\" class=\"has-link-color wp-elements-32859cd979b45056895d81c5660c23a0 wp-block-post-date has-text-color has-base-color has-s-font-size\"><time datetime=\"2011-10-19T13:27:06+00:00\">19 October 2011<\/time><\/div>\n\n\n<h1 class=\"wp-block-heading post-title\"><strong>PARQUET<\/strong>: \u00a1M\u00e1s que una vuelta al futuro inform\u00e9monos!<\/h1>\n\n\n\n<h2 class=\"wp-block-heading post-subtitle\" style=\"margin-bottom:var(--wp--preset--spacing--20)\">El tema del <strong>parqu\u00e9<\/strong> ha sido tratado recientemente por el <strong>Corriere della Sera<\/strong>: en su edici\u00f3n del 15 de octubre de 2011, en la p\u00e1gina 37, puedes leer un art\u00edculo titulado: <strong>&#8221;<a href=\"https:\/\/archiviostorico.corriere.it\/2011\/ottobre\/15\/Parquet_ritorno_futuro_co_9_111015034.shtml\" target=\"_blank\" rel=\"noreferrer noopener\">El parqu\u00e9, de vuelta al futuro<\/a>&#8221;.<\/strong><\/h2>\n\n\n\n<p>Nos complace que se d\u00e9 importancia a los suelos de madera en un peri\u00f3dico nacional. Lo que nos complace menos es ver que se trata el tema destacando datos incorrectos. <\/p>\n\n\n\n<figure class=\"wp-block-image size-full\"><img loading=\"lazy\" decoding=\"async\" width=\"1810\" height=\"2560\" src=\"https:\/\/www.berti.net\/wp-content\/uploads\/2011\/10\/parquet-ritorno-al-futuro-scaled.jpg\" alt=\"\" class=\"wp-image-10613\" srcset=\"https:\/\/berti.net\/wp-content\/uploads\/2011\/10\/parquet-ritorno-al-futuro-scaled.jpg 1810w, https:\/\/berti.net\/wp-content\/uploads\/2011\/10\/parquet-ritorno-al-futuro-574x812.jpg 574w, https:\/\/berti.net\/wp-content\/uploads\/2011\/10\/parquet-ritorno-al-futuro-1357x1920.jpg 1357w, https:\/\/berti.net\/wp-content\/uploads\/2011\/10\/parquet-ritorno-al-futuro-768x1086.jpg 768w, https:\/\/berti.net\/wp-content\/uploads\/2011\/10\/parquet-ritorno-al-futuro-1086x1536.jpg 1086w, https:\/\/berti.net\/wp-content\/uploads\/2011\/10\/parquet-ritorno-al-futuro-1448x2048.jpg 1448w\" sizes=\"auto, (max-width: 1810px) 100vw, 1810px\" \/><\/figure>\n\n\n\n<p>En particular, hay dos puntos que deben aclararse.<\/p>\n\n\n\n<p>Al hablar de los <strong>tipos de parquet<\/strong>, se distingue entre <a href=\"https:\/\/www.berti.net\/#\/faq\/tecniche\/che-differenza-ce-tra-parquet-tradizionale-e-prefinito_it_0_5_824.html\" target=\"_blank\" rel=\"noreferrer noopener\">parquet tradicional (de madera maciza) y parquet preacabado<\/a>. En relaci\u00f3n con el <strong>parquet<\/strong> preacabado, existe un grave error sobre el grosor de la capa superior. Un parquet preacabado se compone de listones de madera maciza que forman la capa superior de cada elemento, llamada capa de rodadura o noble, que descansa sobre una capa m\u00e1s sustancial que act\u00faa como soporte.  <\/p>\n\n\n\n<p>Para poder hablar de <strong>parquet<\/strong>, seg\u00fan las normas UNI EN 13489, es necesario que la capa noble del suelo tenga un grosor no inferior a 2,5 mm. Si el grosor de la madera noble es inferior a 2,5 mm, no podemos hablar de parquet. <\/p>\n\n\n\n<p>Otro consejo incorrecto se refiere a la compatibilidad del parquet y los suelos de madera con los sistemas de <strong>calefacci\u00f3n<\/strong> por suelo radiante. Como se indica tanto en las normas pertinentes como en la secci\u00f3n de preguntas frecuentes de nuestro sitio web<a href=\"https:\/\/www.berti.net\/#\/faq\/generiche\/il-parquet-e-compatibile-con-il-sistema-di-riscaldamento-a-pavimento_it_0_5_1103.html\" target=\"_blank\" rel=\"noreferrer noopener\">(\u00bfEs compatible el parquet con los sistemas de calefacci\u00f3n por suelo radiante?<\/a>), los suelos de madera no tienen ninguna contraindicaci\u00f3n si se ha instalado un sistema de calefacci\u00f3n por suelo radiante. Todos los suelos preacabados son adecuados para su instalaci\u00f3n en sistemas de calefacci\u00f3n por suelo radiante, porque tienen un soporte multicapa cortado en varias partes, que permite que el calor se extienda uniformemente por toda la superficie. Gracias a la innovaci\u00f3n tecnol\u00f3gica, las t\u00e9cnicas de construcci\u00f3n utilizadas para los suelos de parquet permiten contar con un producto que mantiene su estabilidad.   <\/p>\n\n\n\n<p>No se trata de polemizar, sino s\u00f3lo de se\u00f1alar inexactitudes y permitir que el consumidor tenga una visi\u00f3n y un conocimiento claros del parquet.<\/p>\n<\/div>\n<\/div>\n\n\n\n<div class=\"wp-block-column is-layout-flow wp-container-core-column-is-layout-22223934 wp-block-column-is-layout-flow\" style=\"flex-basis:50%\">\n<figure class=\"wp-block-image size-full\"><img loading=\"lazy\" decoding=\"async\" width=\"1016\" height=\"764\" src=\"https:\/\/www.berti.net\/wp-content\/uploads\/2011\/10\/scheda-prodotto.png\" alt=\"\" class=\"wp-image-10616\" srcset=\"https:\/\/berti.net\/wp-content\/uploads\/2011\/10\/scheda-prodotto.png 1016w, https:\/\/berti.net\/wp-content\/uploads\/2011\/10\/scheda-prodotto-812x611.png 812w, https:\/\/berti.net\/wp-content\/uploads\/2011\/10\/scheda-prodotto-768x578.png 768w\" sizes=\"auto, (max-width: 1016px) 100vw, 1016px\" \/><\/figure>\n\n\n\n<p>Berti considera la &#8221;formaci\u00f3n&#8221; y la difusi\u00f3n de <strong>informaci\u00f3n t\u00e9cnica <\/strong>una de las actividades estrat\u00e9gicas m\u00e1s importantes. No s\u00f3lo nuestra red de ventas est\u00e1 familiarizada con los productos y sus caracter\u00edsticas, sino que tambi\u00e9n los clientes pueden acceder a la informaci\u00f3n para hacer evaluaciones y consideraciones con conocimiento de causa. La colecci\u00f3n de preguntas frecuentes del sitio web Berti.net es la herramienta ideal para que podamos informar a todo aquel que tenga preguntas o desee tratar con m\u00e1s detalle cualquier aspecto de los suelos de madera. Si hablamos espec\u00edficamente de los productos Berti, se pueden consultar todas las fichas t\u00e9cnicas con grosores, indicaciones y consejos para los distintos productos Berti, como se puede ver en la captura de pantalla siguiente a modo de ejemplo.   <\/p>\n\n\n\n<p><strong>Ay\u00fadanos a difundir informaci\u00f3n correcta<\/strong>: no s\u00f3lo para proteger el producto y a los productores. Los consumidores son la primera categor\u00eda a proteger: es esencial conocer la informaci\u00f3n correcta para comprar con conocimiento de causa y evitar las estafas. El conocimiento es la mejor arma de defensa.  <\/p>\n\n\n\n<p><strong>ENLACES DE REFERENCIA:<\/strong><\/p>\n\n\n\n<p><a href=\"https:\/\/www.berti.net\/#\/faq_it_0_5_0.html\" target=\"_blank\" rel=\"noreferrer noopener\"><strong>FAQ Berti<\/strong><\/a><\/p>\n\n\n\n<p><a href=\"https:\/\/www.berti.net\/#\" target=\"_blank\" rel=\"noreferrer noopener\"><strong>Sitio web Berti.net<\/strong><\/a><\/p>\n<\/div>\n<\/div>\n\n\n\n<div class=\"wp-block-group post-categories has-global-padding is-content-justification-left is-layout-constrained wp-container-core-group-is-layout-836d34cb wp-block-group-is-layout-constrained\" style=\"margin-top:var(--wp--preset--spacing--70);font-size:11px\">\n<div class=\"wp-block-group is-content-justification-center is-nowrap is-layout-flex wp-container-core-group-is-layout-60758a6d wp-block-group-is-layout-flex\">\n<p>Revista \/<\/p>\n\n\n<div class=\"taxonomy-category wp-block-post-terms\"><a href=\"https:\/\/berti.net\/es\/magazine\/category\/productos\/\" rel=\"tag\">Productos<\/a><span class=\"wp-block-post-terms__separator\">, <\/span><a href=\"https:\/\/berti.net\/es\/magazine\/category\/proyectos\/\" rel=\"tag\">Proyectos<\/a><\/div><\/div>\n<\/div>\n<\/div>\n\n<p><\/p>\n","protected":false},"excerpt":{"rendered":"<p>El tema del parquet fue tratado recientemente por el Corriere della Sera<\/p>\n","protected":false},"author":9,"featured_media":17813,"comment_status":"closed","ping_status":"closed","sticky":false,"template":"","format":"standard","meta":{"footnotes":""},"categories":[108,142],"tags":[],"class_list":["post-17812","post","type-post","status-publish","format-standard","has-post-thumbnail","hentry","category-productos","category-proyectos"],"_links":{"self":[{"href":"https:\/\/berti.net\/es\/wp-json\/wp\/v2\/posts\/17812","targetHints":{"allow":["GET"]}}],"collection":[{"href":"https:\/\/berti.net\/es\/wp-json\/wp\/v2\/posts"}],"about":[{"href":"https:\/\/berti.net\/es\/wp-json\/wp\/v2\/types\/post"}],"author":[{"embeddable":true,"href":"https:\/\/berti.net\/es\/wp-json\/wp\/v2\/users\/9"}],"replies":[{"embeddable":true,"href":"https:\/\/berti.net\/es\/wp-json\/wp\/v2\/comments?post=17812"}],"version-history":[{"count":2,"href":"https:\/\/berti.net\/es\/wp-json\/wp\/v2\/posts\/17812\/revisions"}],"predecessor-version":[{"id":21333,"href":"https:\/\/berti.net\/es\/wp-json\/wp\/v2\/posts\/17812\/revisions\/21333"}],"wp:featuredmedia":[{"embeddable":true,"href":"https:\/\/berti.net\/es\/wp-json\/wp\/v2\/media\/17813"}],"wp:attachment":[{"href":"https:\/\/berti.net\/es\/wp-json\/wp\/v2\/media?parent=17812"}],"wp:term":[{"taxonomy":"category","embeddable":true,"href":"https:\/\/berti.net\/es\/wp-json\/wp\/v2\/categories?post=17812"},{"taxonomy":"post_tag","embeddable":true,"href":"https:\/\/berti.net\/es\/wp-json\/wp\/v2\/tags?post=17812"}],"curies":[{"name":"wp","href":"https:\/\/api.w.org\/{rel}","templated":true}]}}