{"id":17806,"date":"2011-12-05T12:59:32","date_gmt":"2011-12-05T12:59:32","guid":{"rendered":"https:\/\/www.berti.net\/magazine\/de-vuelta-de-la-feria-deco-de-jeddah\/"},"modified":"2025-05-19T09:36:14","modified_gmt":"2025-05-19T09:36:14","slug":"de-vuelta-de-la-feria-deco-de-jeddah","status":"publish","type":"post","link":"https:\/\/berti.net\/es\/magazine\/de-vuelta-de-la-feria-deco-de-jeddah\/","title":{"rendered":"De vuelta de la Feria Deco de Jeddah&#8230;"},"content":{"rendered":"\n<div class=\"wp-block-group post-detail-pattern is-container has-base-2-color has-contrast-background-color has-text-color has-background has-link-color wp-elements-8ec572d9d88ff4810b009e9a747bd9cd has-global-padding is-layout-constrained wp-block-group-is-layout-constrained\" style=\"margin-top:0;margin-bottom:0;padding-top:var(--wp--preset--spacing--70);padding-bottom:var(--wp--preset--spacing--70)\">\n<div class=\"wp-block-columns alignwide is-layout-flex wp-container-core-columns-is-layout-d125203f wp-block-columns-is-layout-flex\" style=\"margin-bottom:var(--wp--preset--spacing--50)\">\n<div class=\"wp-block-column is-vertically-aligned-stretch is-layout-flow wp-block-column-is-layout-flow\" style=\"padding-right:0;flex-basis:50%\">\n<div class=\"wp-block-group is-vertical is-content-justification-stretch is-layout-flex wp-container-core-group-is-layout-e9e70883 wp-block-group-is-layout-flex\" style=\"min-height:100%\">\n<div class=\"wp-block-group post-categories is-nowrap is-layout-flex wp-container-core-group-is-layout-3155b93e wp-block-group-is-layout-flex\" style=\"margin-top:var(--wp--preset--spacing--20);font-size:11px\">\n<p>Revista \/<\/p>\n\n\n<div class=\"taxonomy-category wp-block-post-terms\"><a href=\"https:\/\/berti.net\/es\/magazine\/category\/productos\/\" rel=\"tag\">Productos<\/a><span class=\"wp-block-post-terms__separator\">, <\/span><a href=\"https:\/\/berti.net\/es\/magazine\/category\/proyectos\/\" rel=\"tag\">Proyectos<\/a><\/div><\/div>\n\n\n<div style=\"font-style:normal;font-weight:600;text-transform:uppercase;\" class=\"has-link-color wp-elements-32859cd979b45056895d81c5660c23a0 wp-block-post-date has-text-color has-base-color has-s-font-size\"><time datetime=\"2011-12-05T12:59:32+00:00\">5 December 2011<\/time><\/div>\n\n\n<h1 class=\"wp-block-heading post-title\">De vuelta de la <strong>Feria Deco<\/strong> de <strong>Jeddah<\/strong>&#8230;<\/h1>\n\n\n\n<h2 class=\"wp-block-heading post-subtitle\" style=\"margin-bottom:var(--wp--preset--spacing--20)\">Acabamos de regresar de otra hermosa aventura, cada experiencia en el extranjero nos ense\u00f1a algo, porque te vas con un cargamento de expectativas pero sobre todo de curiosidad y vuelves a casa con la maleta llena de ideas inesperadas y con una bonita lista de nuevos contactos y proyectos por hacer.<\/h2>\n\n\n\n<p>Ya hab\u00edamos estado en <strong>Jeddah<\/strong> con motivo de la <strong>Feria Deco<\/strong> el a\u00f1o pasado, y \u00e9sta era la segunda participaci\u00f3n de <strong>Berti Pavimenti Legno<\/strong> en la importante feria de <strong>Arabia Saud\u00ed.<\/strong> En este contexto, la figura de <strong>Corrado Mulfari<\/strong> de <strong><em>Alkayan Decor <\/em><\/strong> (nuestro distribuidor exclusivo para los pa\u00edses \u00e1rabes), verdadero <em>rasgo de uni\u00f3n<\/em> de <strong>Berti <\/strong>con el <strong>mundo y el mercado \u00e1rabe<\/strong>, en constante movimiento y crecimiento.  Ya hab\u00edamos mencionado esta nueva din\u00e1mica comercial hace unos meses en una <strong><a href=\"https:\/\/blog.berti.net\/a-look-into-the-arabic-market\" target=\"_blank\" rel=\"noreferrer noopener\">entrevista en v\u00eddeo<\/a><\/strong>cuando nos visit\u00f3<strong><em> Rami Bambouk<\/em><\/strong>tambi\u00e9n de <em><strong>Alkayan Decor<\/strong><\/em>.<\/p>\n\n\n\n<figure class=\"wp-block-image size-full\"><img loading=\"lazy\" decoding=\"async\" width=\"320\" height=\"213\" src=\"https:\/\/www.berti.net\/wp-content\/uploads\/2011\/12\/decofair2011-Berti.jpg\" alt=\"\" class=\"wp-image-10577\"\/><\/figure>\n\n\n\n<p>La &#8221;<strong><em>Exposici\u00f3n de Decoraci\u00f3n y Accesorios para el Hogar<\/em><\/strong>&#8221; de <strong>Jeddahha<\/strong>cont\u00f3 durante cinco d\u00edas con la participaci\u00f3n de m\u00e1s de<strong> 600 expositores<\/strong> internacionales en una superficie aproximada de <strong>10.000 metros cuadrados<\/strong>.<\/p>\n\n\n\n<p>Otro hecho importante sobre el que reflexionar: <strong>Berti<\/strong>&#8216;s fue la \u00fanica presencia italiana en el sector de los suelos de madera en la kermesse \u00e1rabe, y este es otro motivo para estar orgullosos de nuestro trabajo y nuestras estrategias empresariales.<\/p>\n\n\n\n<p>Adem\u00e1s de ser los \u00fanicos representantes<strong> del Made In Italy<\/strong> en nuestro sector espec\u00edfico, pudimos contar con la proximidad f\u00edsica de varias marcas prestigiosas, con las que hemos empezado a dialogar: hablamos de <strong>Missoni<\/strong> <strong>Home, Fendi Casa<\/strong>, <strong>Kenzo Maison<\/strong>, <strong>Jean Paul Gaultier <\/strong>para<strong> Roche Bobois<\/strong>.<\/p>\n<\/div>\n<\/div>\n\n\n\n<div class=\"wp-block-column is-layout-flow wp-container-core-column-is-layout-22223934 wp-block-column-is-layout-flow\" style=\"flex-basis:50%\">\n<figure class=\"wp-block-embed is-type-video is-provider-youtube wp-block-embed-youtube wp-embed-aspect-16-9 wp-has-aspect-ratio\"><div class=\"wp-block-embed__wrapper\">\n<iframe loading=\"lazy\" title=\"Berti @ Deco Fair 2011\" width=\"500\" height=\"281\" src=\"https:\/\/www.youtube.com\/embed\/xNeTAm5uvfQ?feature=oembed\" frameborder=\"0\" allow=\"accelerometer; autoplay; clipboard-write; encrypted-media; gyroscope; picture-in-picture; web-share\" referrerpolicy=\"strict-origin-when-cross-origin\" allowfullscreen><\/iframe>\n<\/div><\/figure>\n\n\n\n<p>Los mercados y, sobre todo, las culturas diferentes pueden a veces generar miedo simplemente porque no son familiares. Llevamos varios a\u00f1os hablando de<strong>&#8221;globalizaci\u00f3n&#8221;<\/strong>y, sin embargo, todav\u00eda persisten muchos t\u00f3picos y clich\u00e9s. <\/p>\n\n\n\n<p>Enfrentarse a un nuevo mercado significa, sobre todo, establecer <strong>v\u00ednculos comerciales, culturales y personales<\/strong>, en una red cada vez m\u00e1s amplia, densa y desestructurada, dif\u00edcil de circunscribir pero cada vez m\u00e1s rica en posibilidades y sorpresas, con la posibilidad de comparar continuamente y con la ventaja de poder seguir y tocar las tendencias m\u00e1s actuales de nuestro sector.<\/p>\n\n\n\n<p>Dicho esto, \u00a1no queremos detenernos ahora, sino aumentar nuestros esfuerzos para continuar en esta direcci\u00f3n!<\/p>\n\n\n\n<p><a href=\"https:\/\/www.flickr.com\/photos\/bertipavimenti\/sets\/72157628230998663\/\" target=\"_blank\" rel=\"noopener\"><strong>\u00a1ECHA UN VISTAZO A LA GALER\u00cdA DE IM\u00c1GENES DE LA FERIA DECO EN FLICKR!<\/strong><\/a><\/p>\n<\/div>\n<\/div>\n\n\n\n<div class=\"wp-block-group post-categories has-global-padding is-content-justification-left is-layout-constrained wp-container-core-group-is-layout-836d34cb wp-block-group-is-layout-constrained\" style=\"margin-top:var(--wp--preset--spacing--70);font-size:11px\">\n<div class=\"wp-block-group is-content-justification-center is-nowrap is-layout-flex wp-container-core-group-is-layout-60758a6d wp-block-group-is-layout-flex\">\n<p>Revista \/<\/p>\n\n\n<div class=\"taxonomy-category wp-block-post-terms\"><a href=\"https:\/\/berti.net\/es\/magazine\/category\/productos\/\" rel=\"tag\">Productos<\/a><span class=\"wp-block-post-terms__separator\">, <\/span><a href=\"https:\/\/berti.net\/es\/magazine\/category\/proyectos\/\" rel=\"tag\">Proyectos<\/a><\/div><\/div>\n<\/div>\n<\/div>\n\n<p><\/p>\n","protected":false},"excerpt":{"rendered":"<p>Acabamos de regresar de otra hermosa aventura en la Feria Deco de Jeddah<\/p>\n","protected":false},"author":9,"featured_media":17809,"comment_status":"closed","ping_status":"closed","sticky":false,"template":"","format":"standard","meta":{"footnotes":""},"categories":[108,142],"tags":[],"class_list":["post-17806","post","type-post","status-publish","format-standard","has-post-thumbnail","hentry","category-productos","category-proyectos"],"_links":{"self":[{"href":"https:\/\/berti.net\/es\/wp-json\/wp\/v2\/posts\/17806","targetHints":{"allow":["GET"]}}],"collection":[{"href":"https:\/\/berti.net\/es\/wp-json\/wp\/v2\/posts"}],"about":[{"href":"https:\/\/berti.net\/es\/wp-json\/wp\/v2\/types\/post"}],"author":[{"embeddable":true,"href":"https:\/\/berti.net\/es\/wp-json\/wp\/v2\/users\/9"}],"replies":[{"embeddable":true,"href":"https:\/\/berti.net\/es\/wp-json\/wp\/v2\/comments?post=17806"}],"version-history":[{"count":2,"href":"https:\/\/berti.net\/es\/wp-json\/wp\/v2\/posts\/17806\/revisions"}],"predecessor-version":[{"id":21245,"href":"https:\/\/berti.net\/es\/wp-json\/wp\/v2\/posts\/17806\/revisions\/21245"}],"wp:featuredmedia":[{"embeddable":true,"href":"https:\/\/berti.net\/es\/wp-json\/wp\/v2\/media\/17809"}],"wp:attachment":[{"href":"https:\/\/berti.net\/es\/wp-json\/wp\/v2\/media?parent=17806"}],"wp:term":[{"taxonomy":"category","embeddable":true,"href":"https:\/\/berti.net\/es\/wp-json\/wp\/v2\/categories?post=17806"},{"taxonomy":"post_tag","embeddable":true,"href":"https:\/\/berti.net\/es\/wp-json\/wp\/v2\/tags?post=17806"}],"curies":[{"name":"wp","href":"https:\/\/api.w.org\/{rel}","templated":true}]}}