{"id":17805,"date":"2011-10-12T14:08:35","date_gmt":"2011-10-12T14:08:35","guid":{"rendered":"https:\/\/www.berti.net\/magazine\/una-mirada-al-mercado-arabe\/"},"modified":"2025-05-19T09:37:58","modified_gmt":"2025-05-19T09:37:58","slug":"una-mirada-al-mercado-arabe","status":"publish","type":"post","link":"https:\/\/berti.net\/es\/magazine\/una-mirada-al-mercado-arabe\/","title":{"rendered":"Una mirada al mercado \u00e1rabe"},"content":{"rendered":"\n<div class=\"wp-block-group post-detail-pattern is-container has-base-2-color has-contrast-background-color has-text-color has-background has-link-color wp-elements-cb7ec70f33b58c4fea24da9907555bd0 has-global-padding is-layout-constrained wp-block-group-is-layout-constrained\" style=\"margin-top:0;margin-bottom:0;padding-top:var(--wp--preset--spacing--70);padding-bottom:var(--wp--preset--spacing--70)\">\n<div class=\"wp-block-columns alignwide is-layout-flex wp-container-core-columns-is-layout-d125203f wp-block-columns-is-layout-flex\" style=\"margin-bottom:var(--wp--preset--spacing--50)\">\n<div class=\"wp-block-column is-vertically-aligned-stretch is-layout-flow wp-block-column-is-layout-flow\" style=\"padding-right:0;flex-basis:50%\">\n<div class=\"wp-block-group is-vertical is-content-justification-stretch is-layout-flex wp-container-core-group-is-layout-e9e70883 wp-block-group-is-layout-flex\" style=\"min-height:100%\">\n<div class=\"wp-block-group post-categories is-nowrap is-layout-flex wp-container-core-group-is-layout-3155b93e wp-block-group-is-layout-flex\" style=\"margin-top:var(--wp--preset--spacing--20);font-size:11px\">\n<p>Revista \/<\/p>\n\n\n<div class=\"taxonomy-category wp-block-post-terms\"><a href=\"https:\/\/berti.net\/es\/magazine\/category\/productos\/\" rel=\"tag\">Productos<\/a><span class=\"wp-block-post-terms__separator\">, <\/span><a href=\"https:\/\/berti.net\/es\/magazine\/category\/proyectos\/\" rel=\"tag\">Proyectos<\/a><\/div><\/div>\n\n\n<div style=\"font-style:normal;font-weight:600;text-transform:uppercase;\" class=\"has-link-color wp-elements-32859cd979b45056895d81c5660c23a0 wp-block-post-date has-text-color has-base-color has-s-font-size\"><time datetime=\"2011-10-12T14:08:35+00:00\">12 October 2011<\/time><\/div>\n\n\n<h1 class=\"wp-block-heading post-title\">Una mirada al <strong>mercado \u00e1rabe<\/strong><\/h1>\n\n\n\n<h2 class=\"wp-block-heading post-subtitle\" style=\"margin-bottom:var(--wp--preset--spacing--20)\">Charlamos con <strong>Rami Banbouk<\/strong>, Director de Ventas de Alkayan Decor, nuestro distribuidor exclusivo para los pa\u00edses \u00e1rabes.<\/h2>\n\n\n\n<p>Rami, de visita en nuestros locales con su personal, nos hizo una presentaci\u00f3n de lo que es el <em>&#8221;estado de la cuesti\u00f3n <\/em>&#8221; del<strong> mercado \u00e1rabe<\/strong>, que est\u00e1 en continua y r\u00e1pida expansi\u00f3n y donde nosotros tambi\u00e9n seguimos arraigando de forma cada vez m\u00e1s concreta.<\/p>\n\n\n\n<figure class=\"wp-block-image size-full\"><img loading=\"lazy\" decoding=\"async\" width=\"720\" height=\"538\" src=\"https:\/\/www.berti.net\/wp-content\/uploads\/2011\/10\/arabianmarket02.jpg\" alt=\"\" class=\"wp-image-10622\"\/><\/figure>\n\n\n\n<p>Hasta ahora, siempre nos hemos centrado en Oriente Medio, donde en particular<strong> Arabia Saud\u00ed<\/strong> ha sido nuestro punto de referencia. Sin embargo, en el futuro est\u00e1n surgiendo nuevas \u00e1reas metropolitanas. \u00c9stas est\u00e1n demostrando ser terrenos de gran inter\u00e9s y enorme potencial. Estamos hablando de Qatar, Bahr\u00e9in y los Emiratos \u00c1rabes.   <\/p>\n\n\n\n<p>Como ya hemos mencionado, pronto nos embarcaremos en otra aventura \u00e1rabe: tras <a href=\"https:\/\/www.facebook.com\/media\/set\/?set=a.145618355450262.26692.141722769173154&amp;type=1\" target=\"_blank\" rel=\"noreferrer noopener\">la feliz experiencia de la edici\u00f3n del a\u00f1o pasado,<\/a> confirmamos nuestra presencia en la<strong> Feria Deco 2011<\/strong> de <strong>Jeddah<\/strong> en diciembre. <a href=\"https:\/\/www.facebook.com\/media\/set\/?set=a.283313875014042.79861.141722769173154&amp;type=1\" target=\"_blank\" rel=\"noreferrer noopener\">Aqu\u00ed<\/a> tambi\u00e9n puedes ver un peque\u00f1o &#8221;avance&#8221; de lo que ser\u00e1 nuestro stand en la Feria Deco, un evento que tiene todos los motivos para ser rico en ideas, percepciones y sugerencias.<\/p>\n\n\n\n<p>No dejaremos de cont\u00e1rtelo&#8230;<\/p>\n\n\n\n<figure class=\"wp-block-image size-full\"><img loading=\"lazy\" decoding=\"async\" width=\"2560\" height=\"1580\" src=\"https:\/\/www.berti.net\/wp-content\/uploads\/2011\/10\/stand-JEDDAH-2011-scaled.jpg\" alt=\"\" class=\"wp-image-10625\" srcset=\"https:\/\/berti.net\/wp-content\/uploads\/2011\/10\/stand-JEDDAH-2011-scaled.jpg 2560w, https:\/\/berti.net\/wp-content\/uploads\/2011\/10\/stand-JEDDAH-2011-812x501.jpg 812w, https:\/\/berti.net\/wp-content\/uploads\/2011\/10\/stand-JEDDAH-2011-1920x1185.jpg 1920w, https:\/\/berti.net\/wp-content\/uploads\/2011\/10\/stand-JEDDAH-2011-768x474.jpg 768w, https:\/\/berti.net\/wp-content\/uploads\/2011\/10\/stand-JEDDAH-2011-1536x948.jpg 1536w, https:\/\/berti.net\/wp-content\/uploads\/2011\/10\/stand-JEDDAH-2011-2048x1264.jpg 2048w\" sizes=\"auto, (max-width: 2560px) 100vw, 2560px\" \/><\/figure>\n<\/div>\n<\/div>\n\n\n\n<div class=\"wp-block-column is-layout-flow wp-container-core-column-is-layout-22223934 wp-block-column-is-layout-flow\" style=\"flex-basis:50%\">\n<figure class=\"wp-block-embed is-type-video is-provider-youtube wp-block-embed-youtube wp-embed-aspect-16-9 wp-has-aspect-ratio\"><div class=\"wp-block-embed__wrapper\">\n<iframe loading=\"lazy\" title=\"Interview with Rami about Arabian Market\" width=\"500\" height=\"281\" src=\"https:\/\/www.youtube.com\/embed\/tBGLGNfnzxc?feature=oembed\" frameborder=\"0\" allow=\"accelerometer; autoplay; clipboard-write; encrypted-media; gyroscope; picture-in-picture; web-share\" referrerpolicy=\"strict-origin-when-cross-origin\" allowfullscreen><\/iframe>\n<\/div><\/figure>\n<\/div>\n<\/div>\n\n\n\n<div class=\"wp-block-group post-categories has-global-padding is-content-justification-left is-layout-constrained wp-container-core-group-is-layout-836d34cb wp-block-group-is-layout-constrained\" style=\"margin-top:var(--wp--preset--spacing--70);font-size:11px\">\n<div class=\"wp-block-group is-content-justification-center is-nowrap is-layout-flex wp-container-core-group-is-layout-60758a6d wp-block-group-is-layout-flex\">\n<p>Revista \/<\/p>\n\n\n<div class=\"taxonomy-category wp-block-post-terms\"><a href=\"https:\/\/berti.net\/es\/magazine\/category\/productos\/\" rel=\"tag\">Productos<\/a><span class=\"wp-block-post-terms__separator\">, <\/span><a href=\"https:\/\/berti.net\/es\/magazine\/category\/proyectos\/\" rel=\"tag\">Proyectos<\/a><\/div><\/div>\n<\/div>\n<\/div>\n\n<p><\/p>\n","protected":false},"excerpt":{"rendered":"<p>Rami Banbouk, Director de Ventas de Alkayan Decor, nuestro distribuidor exclusivo para los pa\u00edses \u00e1rabes.<\/p>\n","protected":false},"author":9,"featured_media":17807,"comment_status":"closed","ping_status":"closed","sticky":false,"template":"","format":"standard","meta":{"footnotes":""},"categories":[108,142],"tags":[],"class_list":["post-17805","post","type-post","status-publish","format-standard","has-post-thumbnail","hentry","category-productos","category-proyectos"],"_links":{"self":[{"href":"https:\/\/berti.net\/es\/wp-json\/wp\/v2\/posts\/17805","targetHints":{"allow":["GET"]}}],"collection":[{"href":"https:\/\/berti.net\/es\/wp-json\/wp\/v2\/posts"}],"about":[{"href":"https:\/\/berti.net\/es\/wp-json\/wp\/v2\/types\/post"}],"author":[{"embeddable":true,"href":"https:\/\/berti.net\/es\/wp-json\/wp\/v2\/users\/9"}],"replies":[{"embeddable":true,"href":"https:\/\/berti.net\/es\/wp-json\/wp\/v2\/comments?post=17805"}],"version-history":[{"count":2,"href":"https:\/\/berti.net\/es\/wp-json\/wp\/v2\/posts\/17805\/revisions"}],"predecessor-version":[{"id":21327,"href":"https:\/\/berti.net\/es\/wp-json\/wp\/v2\/posts\/17805\/revisions\/21327"}],"wp:featuredmedia":[{"embeddable":true,"href":"https:\/\/berti.net\/es\/wp-json\/wp\/v2\/media\/17807"}],"wp:attachment":[{"href":"https:\/\/berti.net\/es\/wp-json\/wp\/v2\/media?parent=17805"}],"wp:term":[{"taxonomy":"category","embeddable":true,"href":"https:\/\/berti.net\/es\/wp-json\/wp\/v2\/categories?post=17805"},{"taxonomy":"post_tag","embeddable":true,"href":"https:\/\/berti.net\/es\/wp-json\/wp\/v2\/tags?post=17805"}],"curies":[{"name":"wp","href":"https:\/\/api.w.org\/{rel}","templated":true}]}}