{"id":17795,"date":"2011-10-05T14:16:45","date_gmt":"2011-10-05T14:16:45","guid":{"rendered":"https:\/\/www.berti.net\/magazine\/el-pueblo-solidario-mirano\/"},"modified":"2025-05-19T09:37:48","modified_gmt":"2025-05-19T09:37:48","slug":"el-pueblo-solidario-mirano","status":"publish","type":"post","link":"https:\/\/berti.net\/es\/magazine\/el-pueblo-solidario-mirano\/","title":{"rendered":"El Pueblo Solidario Mirano"},"content":{"rendered":"\n<div class=\"wp-block-group post-detail-pattern is-container has-base-2-color has-contrast-background-color has-text-color has-background has-link-color wp-elements-39a0005e7685c82eb85727362bf86699 has-global-padding is-layout-constrained wp-block-group-is-layout-constrained\" style=\"margin-top:0;margin-bottom:0;padding-top:var(--wp--preset--spacing--70);padding-bottom:var(--wp--preset--spacing--70)\">\n<div class=\"wp-block-columns alignwide is-layout-flex wp-container-core-columns-is-layout-d125203f wp-block-columns-is-layout-flex\" style=\"margin-bottom:var(--wp--preset--spacing--50)\">\n<div class=\"wp-block-column is-vertically-aligned-stretch is-layout-flow wp-block-column-is-layout-flow\" style=\"padding-right:0;flex-basis:50%\">\n<div class=\"wp-block-group is-vertical is-content-justification-stretch is-layout-flex wp-container-core-group-is-layout-e9e70883 wp-block-group-is-layout-flex\" style=\"min-height:100%\">\n<div class=\"wp-block-group post-categories is-nowrap is-layout-flex wp-container-core-group-is-layout-3155b93e wp-block-group-is-layout-flex\" style=\"margin-top:var(--wp--preset--spacing--20);font-size:11px\">\n<p>Revista \/<\/p>\n\n\n<div class=\"taxonomy-category wp-block-post-terms\"><a href=\"https:\/\/berti.net\/es\/magazine\/category\/proyectos\/\" rel=\"tag\">Proyectos<\/a><span class=\"wp-block-post-terms__separator\">, <\/span><a href=\"https:\/\/berti.net\/es\/magazine\/category\/eventos\/\" rel=\"tag\">Eventos<\/a><\/div><\/div>\n\n\n<div style=\"font-style:normal;font-weight:600;text-transform:uppercase;\" class=\"has-link-color wp-elements-32859cd979b45056895d81c5660c23a0 wp-block-post-date has-text-color has-base-color has-s-font-size\"><time datetime=\"2011-10-05T14:16:45+00:00\">5 October 2011<\/time><\/div>\n\n\n<h1 class=\"wp-block-heading post-title\">El <strong>Pueblo Solidario<\/strong> Mirano<\/h1>\n\n\n\n<h2 class=\"wp-block-heading post-subtitle\" style=\"margin-bottom:var(--wp--preset--spacing--20)\">El <strong>Pueblo Solidario Mirano<\/strong> es un proyecto que vio su inicio oficial hace unos meses, tras largos meses de trabajo de sus responsables y organizadores.<\/h2>\n\n\n\n<p>En la peque\u00f1a ciudad de la provincia de Venezia, el  <strong>Fundaci\u00f3n Cav. Guido Gini Onlus   <\/strong>construy\u00f3 un moderno centro residencial con el objetivo de crear una comunidad que reuniera a una serie de personas con desventajas psicol\u00f3gicas\/f\u00edsicas y econ\u00f3micas, menores en situaci\u00f3n dif\u00edcil y familias solidarias que quisieran ayudar en la vida de la comunidad.<\/p>\n\n\n\n<figure class=\"wp-block-image size-full\"><img loading=\"lazy\" decoding=\"async\" width=\"911\" height=\"683\" src=\"https:\/\/www.berti.net\/wp-content\/uploads\/2011\/10\/villaggiosolidale01.jpg\" alt=\"\" class=\"wp-image-10632\" srcset=\"https:\/\/berti.net\/wp-content\/uploads\/2011\/10\/villaggiosolidale01.jpg 911w, https:\/\/berti.net\/wp-content\/uploads\/2011\/10\/villaggiosolidale01-812x609.jpg 812w, https:\/\/berti.net\/wp-content\/uploads\/2011\/10\/villaggiosolidale01-768x576.jpg 768w\" sizes=\"auto, (max-width: 911px) 100vw, 911px\" \/><\/figure>\n\n\n\n<p>Nuestra contribuci\u00f3n consisti\u00f3 en poder proporcionar a la Aldea lo que evidentemente nos resultaba m\u00e1s f\u00e1cil, a saber, nuestros suelos de madera para que las nuevas viviendas fueran a\u00fan m\u00e1s agradables, no s\u00f3lo est\u00e9ticamente, sino precisamente de forma funcional.<\/p>\n\n\n\n<p>La Aldea se desarrollar\u00e1 en el complejo hist\u00f3rico de la <strong>Villa Bold\u00f9-Grimani<\/strong>, del siglo XIX, sobre una superficie de 19.000 metros cuadrados, de los cuales 5.000 metros cuadrados de espacios cubiertos y 14.000 metros cuadrados de espacios verdes, incluidos jardines, campos deportivos y un parque centenario, algunos de ellos abiertos al p\u00fablico. La Aldea acoger\u00e1 a unas <strong>80 personas<\/strong>, que podr\u00e1n vivir y dar vida a los espacios que la Aldea les ofrece. <\/p>\n\n\n\n<p>Nuestra empresa estuvo representada directamente por <strong>Giancarlo<\/strong> y <strong>Rosanna<\/strong>, que se implicaron personalmente en la operaci\u00f3n y estuvieron presentes en la velada de inauguraci\u00f3n, y para quienes la direcci\u00f3n reserv\u00f3 palabras halagadoras:<\/p>\n\n\n\n<figure class=\"wp-block-image size-full\"><img loading=\"lazy\" decoding=\"async\" width=\"994\" height=\"668\" src=\"https:\/\/www.berti.net\/wp-content\/uploads\/2011\/10\/villaggiosolidale03.jpg\" alt=\"\" class=\"wp-image-10635\" srcset=\"https:\/\/berti.net\/wp-content\/uploads\/2011\/10\/villaggiosolidale03.jpg 994w, https:\/\/berti.net\/wp-content\/uploads\/2011\/10\/villaggiosolidale03-812x546.jpg 812w, https:\/\/berti.net\/wp-content\/uploads\/2011\/10\/villaggiosolidale03-768x516.jpg 768w\" sizes=\"auto, (max-width: 994px) 100vw, 994px\" \/><\/figure>\n\n\n\n<p><em>Desde el primer encuentro con la Sra. Rosanna y el Sr. Giancarlo, pasando por las diversas reuniones y llamadas telef\u00f3nicas con la Sra. Mariagrazia y el personal de almac\u00e9n y transporte, hasta la visita de los propietarios a las instalaciones: estos acontecimientos nos hicieron descubrir una empresa muy especial. Cada una de estas personas fue amable, sensible e hizo mucho por contribuir a nuestra iniciativa. Nuestro m\u00e1s firme y sincero AGRADECIMIENTO a todo <strong>Berti <\/strong>, \u00a1una empresa construida sobre valores y personas!  <\/em><\/p>\n\n\n\n<p>Por supuesto, continuaremos siguiendo el desarrollo de la Aldea Solidaria, apoyando y animando todas sus actividades. Bien hecho chicos, \u00a1seguid as\u00ed! <\/p>\n<\/div>\n<\/div>\n\n\n\n<div class=\"wp-block-column is-layout-flow wp-container-core-column-is-layout-22223934 wp-block-column-is-layout-flow\" style=\"flex-basis:50%\">\n<p><em>En la foto de abajo, Giancarlo y Rosanna Berti durante el acto de inauguraci\u00f3n de la Aldea el pasado mes de junio.<\/em><\/p>\n\n\n\n<figure class=\"wp-block-image size-full\"><img loading=\"lazy\" decoding=\"async\" width=\"1200\" height=\"796\" src=\"https:\/\/www.berti.net\/wp-content\/uploads\/2011\/10\/villaggiosolidale04.jpg\" alt=\"\" class=\"wp-image-10638\" srcset=\"https:\/\/berti.net\/wp-content\/uploads\/2011\/10\/villaggiosolidale04.jpg 1200w, https:\/\/berti.net\/wp-content\/uploads\/2011\/10\/villaggiosolidale04-812x539.jpg 812w, https:\/\/berti.net\/wp-content\/uploads\/2011\/10\/villaggiosolidale04-768x509.jpg 768w\" sizes=\"auto, (max-width: 1200px) 100vw, 1200px\" \/><\/figure>\n\n\n\n<p><strong>ENLACES DE REFERENCIA:<\/strong><br\/><a href=\"https:\/\/www.villaggiosolidale.it\/\" target=\"_blank\" rel=\"noreferrer noopener\">www.villaggiosolidale.it<\/a><\/p>\n<\/div>\n<\/div>\n\n\n\n<div class=\"wp-block-group post-categories has-global-padding is-content-justification-left is-layout-constrained wp-container-core-group-is-layout-836d34cb wp-block-group-is-layout-constrained\" style=\"margin-top:var(--wp--preset--spacing--70);font-size:11px\">\n<div class=\"wp-block-group is-content-justification-center is-nowrap is-layout-flex wp-container-core-group-is-layout-60758a6d wp-block-group-is-layout-flex\">\n<p>Revista \/<\/p>\n\n\n<div class=\"taxonomy-category wp-block-post-terms\"><a href=\"https:\/\/berti.net\/es\/magazine\/category\/proyectos\/\" rel=\"tag\">Proyectos<\/a><span class=\"wp-block-post-terms__separator\">, <\/span><a href=\"https:\/\/berti.net\/es\/magazine\/category\/eventos\/\" rel=\"tag\">Eventos<\/a><\/div><\/div>\n<\/div>\n<\/div>\n\n<p><\/p>\n","protected":false},"excerpt":{"rendered":"<p>El Pueblo Solidario Mirano es un proyecto que vio su inicio oficial hace unos meses, tras largos meses de trabajo de sus responsables y organizadores.<\/p>\n","protected":false},"author":9,"featured_media":17797,"comment_status":"closed","ping_status":"closed","sticky":false,"template":"","format":"standard","meta":{"footnotes":""},"categories":[142,143],"tags":[],"class_list":["post-17795","post","type-post","status-publish","format-standard","has-post-thumbnail","hentry","category-proyectos","category-eventos"],"_links":{"self":[{"href":"https:\/\/berti.net\/es\/wp-json\/wp\/v2\/posts\/17795","targetHints":{"allow":["GET"]}}],"collection":[{"href":"https:\/\/berti.net\/es\/wp-json\/wp\/v2\/posts"}],"about":[{"href":"https:\/\/berti.net\/es\/wp-json\/wp\/v2\/types\/post"}],"author":[{"embeddable":true,"href":"https:\/\/berti.net\/es\/wp-json\/wp\/v2\/users\/9"}],"replies":[{"embeddable":true,"href":"https:\/\/berti.net\/es\/wp-json\/wp\/v2\/comments?post=17795"}],"version-history":[{"count":4,"href":"https:\/\/berti.net\/es\/wp-json\/wp\/v2\/posts\/17795\/revisions"}],"predecessor-version":[{"id":21322,"href":"https:\/\/berti.net\/es\/wp-json\/wp\/v2\/posts\/17795\/revisions\/21322"}],"wp:featuredmedia":[{"embeddable":true,"href":"https:\/\/berti.net\/es\/wp-json\/wp\/v2\/media\/17797"}],"wp:attachment":[{"href":"https:\/\/berti.net\/es\/wp-json\/wp\/v2\/media?parent=17795"}],"wp:term":[{"taxonomy":"category","embeddable":true,"href":"https:\/\/berti.net\/es\/wp-json\/wp\/v2\/categories?post=17795"},{"taxonomy":"post_tag","embeddable":true,"href":"https:\/\/berti.net\/es\/wp-json\/wp\/v2\/tags?post=17795"}],"curies":[{"name":"wp","href":"https:\/\/api.w.org\/{rel}","templated":true}]}}