{"id":17787,"date":"2011-09-26T14:26:48","date_gmt":"2011-09-26T14:26:48","guid":{"rendered":"https:\/\/www.berti.net\/magazine\/el-nuevo-concepto-de-vivienda-social-en-la-made-expo-de-milan\/"},"modified":"2025-05-19T09:37:48","modified_gmt":"2025-05-19T09:37:48","slug":"el-nuevo-concepto-de-vivienda-social-en-la-made-expo-de-milan","status":"publish","type":"post","link":"https:\/\/berti.net\/es\/magazine\/el-nuevo-concepto-de-vivienda-social-en-la-made-expo-de-milan\/","title":{"rendered":"El nuevo concepto de &#8221;Vivienda Social&#8221; en la Made Expo de Mil\u00e1n"},"content":{"rendered":"\n<div class=\"wp-block-group post-detail-pattern is-container has-base-2-color has-contrast-background-color has-text-color has-background has-link-color wp-elements-b72e50282636cce2bed767719f53413c has-global-padding is-layout-constrained wp-block-group-is-layout-constrained\" style=\"margin-top:0;margin-bottom:0;padding-top:var(--wp--preset--spacing--70);padding-bottom:var(--wp--preset--spacing--70)\">\n<div class=\"wp-block-columns alignwide is-layout-flex wp-container-core-columns-is-layout-d125203f wp-block-columns-is-layout-flex\" style=\"margin-bottom:var(--wp--preset--spacing--50)\">\n<div class=\"wp-block-column is-vertically-aligned-stretch is-layout-flow wp-block-column-is-layout-flow\" style=\"padding-right:0;flex-basis:50%\">\n<div class=\"wp-block-group is-vertical is-content-justification-stretch is-layout-flex wp-container-core-group-is-layout-e9e70883 wp-block-group-is-layout-flex\" style=\"min-height:100%\">\n<div class=\"wp-block-group post-categories is-nowrap is-layout-flex wp-container-core-group-is-layout-3155b93e wp-block-group-is-layout-flex\" style=\"margin-top:var(--wp--preset--spacing--20);font-size:11px\">\n<p>Revista \/<\/p>\n\n\n<div class=\"taxonomy-category wp-block-post-terms\"><a href=\"https:\/\/berti.net\/es\/magazine\/category\/proyectos\/\" rel=\"tag\">Proyectos<\/a><span class=\"wp-block-post-terms__separator\">, <\/span><a href=\"https:\/\/berti.net\/es\/magazine\/category\/productos\/\" rel=\"tag\">Productos<\/a><\/div><\/div>\n\n\n<div style=\"font-style:normal;font-weight:600;text-transform:uppercase;\" class=\"has-link-color wp-elements-32859cd979b45056895d81c5660c23a0 wp-block-post-date has-text-color has-base-color has-s-font-size\"><time datetime=\"2011-09-26T14:26:48+00:00\">26 September 2011<\/time><\/div>\n\n\n<h1 class=\"wp-block-heading post-title\">El nuevo concepto de<strong>&#8221;Vivienda Social<\/strong>&#8221; en <strong>la Made Expo<\/strong> de Mil\u00e1n<\/h1>\n\n\n\n<h2 class=\"wp-block-heading post-subtitle\" style=\"margin-bottom:var(--wp--preset--spacing--20)\">En este oto\u00f1o lleno de citas, empezamos con la excelente experiencia en <strong>Cersaie de Bolonia<\/strong> en compa\u00f1\u00eda de <strong>Jacuzzi <\/strong>y ahora nos preparamos para vivir una experiencia similar pero en un contexto diferente: en <strong>la Made Expo<\/strong> de Mil\u00e1n, prevista del 5 al 8 de octubre, estaremos presentes dentro de una exposici\u00f3n tem\u00e1tica para crear nuevas sugerencias de vida.<\/h2>\n\n\n\n<figure class=\"wp-block-image size-full\"><img loading=\"lazy\" decoding=\"async\" width=\"546\" height=\"720\" src=\"https:\/\/www.berti.net\/wp-content\/uploads\/2011\/09\/SocialHomeDesign.jpg\" alt=\"\" class=\"wp-image-10645\"\/><\/figure>\n\n\n\n<p>Se trata de la exposici\u00f3n <a href=\"https:\/\/www.madeexpo.it\/it\/eventi_social.php\" target=\"_blank\" rel=\"noreferrer noopener\">&#8221;<strong><em>Social Home Design, Living the Future<\/em><\/strong><\/a> &#8221; -un proyecto comisariado por <strong>Carlo Matthey<\/strong> de <strong>My Exhibition<\/strong> en colaboraci\u00f3n con <strong>Federlegnoarredo<\/strong> y <strong>Made<\/strong> Expo- instalada en el Pabell\u00f3n 7 y dedicada a un tema de actualidad que se convertir\u00e1 en central en el desarrollo de la construcci\u00f3n residencial: las soluciones t\u00e9cnicas y sostenibles para la construcci\u00f3n de viviendas de calidad y bajo coste, es decir, viviendas sociales, que se prev\u00e9 que sean un importante destino de las inversiones -p\u00fablicas y privadas- en un futuro pr\u00f3ximo.<\/p>\n\n\n\n<p>Una oportunidad que ver\u00e1 la generaci\u00f3n de un nuevo <strong>paisaje urbano<\/strong> y nuevas formas de vivir en las que el dise\u00f1o y la calidad de los materiales pueden desafiar los requisitos energ\u00e9ticos y medioambientales dentro de par\u00e1metros econ\u00f3micos accesibles. Una gran prueba en la que las sinergias entre envolvente arquitect\u00f3nica, materiales, sistemas y acabados tendr\u00e1n que dialogar seg\u00fan lenguajes coherentes y altamente profesionales. <strong>Arquitectos, t\u00e9cnicos y fabricantes<\/strong> formar\u00e1n equipo para responder a las necesidades futuras de vivienda y a la reurbanizaci\u00f3n del territorio. <\/p>\n\n\n\n<p>Por tanto, la exposici\u00f3n se presenta como uno de los primeros &#8221;laboratorios&#8221; en los que comparar y experimentar <strong>ideas, conceptos y soluciones<\/strong> y llamar la atenci\u00f3n sobre un tema tan vasto y, al mismo tiempo, tan espec\u00edfico.<\/p>\n\n\n\n<p>&#8221;<strong><em>Dise\u00f1o Social del Hogar, Vivir el Futuro<\/em><\/strong>&#8221;se extiende sobre una superficie de 1.000 metros cuadrados y acoge diversas instalaciones expositivas firmadas por nombres autorizados de la escena de la arquitectura y el dise\u00f1o, realizadas con productos <strong>fabricados<\/strong> principalmente <strong>en Italia<\/strong>.<\/p>\n\n\n\n<p>En particular, el proyecto<a href=\"https:\/\/www.spa-design.it\/installazioni.php?section=installazioni&amp;id_evento=RE009608&amp;id=RE009711\" target=\"_blank\" rel=\"noreferrer noopener\">&#8221;<strong><em>Rinascimento<\/em><\/strong> <\/a>&#8221; firmado por el estudio del arquitecto y dise\u00f1ador <strong>Marco Piva<\/strong>, activo en Italia y en el extranjero, acoger\u00e1 nuestros productos en otra operaci\u00f3n de co-branding con <strong>Jacuzzi<\/strong>, para la que el mismo Piva ha dise\u00f1ado recientemente <strong><em>Moove<\/em><\/strong>una serie completa y coordinada de productos de ba\u00f1o.<\/p>\n<\/div>\n<\/div>\n\n\n\n<div class=\"wp-block-column is-layout-flow wp-container-core-column-is-layout-22223934 wp-block-column-is-layout-flow\" style=\"flex-basis:50%\">\n<figure class=\"wp-block-image size-full\"><img loading=\"lazy\" decoding=\"async\" width=\"615\" height=\"400\" src=\"https:\/\/www.berti.net\/wp-content\/uploads\/2011\/09\/Rinascmento.jpg\" alt=\"\" class=\"wp-image-10648\"\/><\/figure>\n\n\n\n<p>El propio Marco Piva explica su proyecto con estas palabras:<em>&#8221;Un nuevo modelo de vivienda, que hace referencia a las tecnolog\u00edas de producci\u00f3n industrial para favorecer la contenci\u00f3n de los costes de construcci\u00f3n, el transporte y los tiempos de instalaci\u00f3n, garantizando un alto nivel de sostenibilidad: soluciones t\u00e9cnicas capaces de reducir el impacto medioambiental y el consumo energ\u00e9tico, el uso racional de las energ\u00edas naturales renovables y la recuperaci\u00f3n de los recursos no renovables<\/em>&#8221;.<\/p>\n\n\n\n<p>Tambi\u00e9n para nosotros, esta iniciativa representa un momento m\u00e1s de desarrollo, para reforzar las sinergias ya existentes y seguir experimentando de forma concreta soluciones avanzadas e innovadoras, ricas no s\u00f3lo en sugerencias, sino tambi\u00e9n en implicaciones pr\u00e1cticas para la econom\u00eda presente y futura.<\/p>\n<\/div>\n<\/div>\n\n\n\n<div class=\"wp-block-group post-categories has-global-padding is-content-justification-left is-layout-constrained wp-container-core-group-is-layout-836d34cb wp-block-group-is-layout-constrained\" style=\"margin-top:var(--wp--preset--spacing--70);font-size:11px\">\n<div class=\"wp-block-group is-content-justification-center is-nowrap is-layout-flex wp-container-core-group-is-layout-60758a6d wp-block-group-is-layout-flex\">\n<p>Revista \/<\/p>\n\n\n<div class=\"taxonomy-category wp-block-post-terms\"><a href=\"https:\/\/berti.net\/es\/magazine\/category\/proyectos\/\" rel=\"tag\">Proyectos<\/a><span class=\"wp-block-post-terms__separator\">, <\/span><a href=\"https:\/\/berti.net\/es\/magazine\/category\/productos\/\" rel=\"tag\">Productos<\/a><\/div><\/div>\n<\/div>\n<\/div>\n\n<p><\/p>\n","protected":false},"excerpt":{"rendered":"<p>El nuevo concepto de &#8221;Vivienda Social&#8221; en la Made Expo de Mil\u00e1n<\/p>\n","protected":false},"author":9,"featured_media":17789,"comment_status":"closed","ping_status":"closed","sticky":false,"template":"","format":"standard","meta":{"footnotes":""},"categories":[142,108],"tags":[],"class_list":["post-17787","post","type-post","status-publish","format-standard","has-post-thumbnail","hentry","category-proyectos","category-productos"],"_links":{"self":[{"href":"https:\/\/berti.net\/es\/wp-json\/wp\/v2\/posts\/17787","targetHints":{"allow":["GET"]}}],"collection":[{"href":"https:\/\/berti.net\/es\/wp-json\/wp\/v2\/posts"}],"about":[{"href":"https:\/\/berti.net\/es\/wp-json\/wp\/v2\/types\/post"}],"author":[{"embeddable":true,"href":"https:\/\/berti.net\/es\/wp-json\/wp\/v2\/users\/9"}],"replies":[{"embeddable":true,"href":"https:\/\/berti.net\/es\/wp-json\/wp\/v2\/comments?post=17787"}],"version-history":[{"count":2,"href":"https:\/\/berti.net\/es\/wp-json\/wp\/v2\/posts\/17787\/revisions"}],"predecessor-version":[{"id":21325,"href":"https:\/\/berti.net\/es\/wp-json\/wp\/v2\/posts\/17787\/revisions\/21325"}],"wp:featuredmedia":[{"embeddable":true,"href":"https:\/\/berti.net\/es\/wp-json\/wp\/v2\/media\/17789"}],"wp:attachment":[{"href":"https:\/\/berti.net\/es\/wp-json\/wp\/v2\/media?parent=17787"}],"wp:term":[{"taxonomy":"category","embeddable":true,"href":"https:\/\/berti.net\/es\/wp-json\/wp\/v2\/categories?post=17787"},{"taxonomy":"post_tag","embeddable":true,"href":"https:\/\/berti.net\/es\/wp-json\/wp\/v2\/tags?post=17787"}],"curies":[{"name":"wp","href":"https:\/\/api.w.org\/{rel}","templated":true}]}}