{"id":17774,"date":"2011-07-05T15:30:14","date_gmt":"2011-07-05T15:30:14","guid":{"rendered":"https:\/\/www.berti.net\/magazine\/santo-passaia-un-concepto-de-vida-exclusivo\/"},"modified":"2025-05-19T09:37:28","modified_gmt":"2025-05-19T09:37:28","slug":"santo-passaia-un-concepto-de-vida-exclusivo","status":"publish","type":"post","link":"https:\/\/berti.net\/es\/magazine\/santo-passaia-un-concepto-de-vida-exclusivo\/","title":{"rendered":"Santo Passaia: un concepto de vida exclusivo"},"content":{"rendered":"\n<div class=\"wp-block-group post-detail-pattern is-container has-base-2-color has-contrast-background-color has-text-color has-background has-link-color wp-elements-d29839f8aa09cc4d77b05b7f150f94c0 has-global-padding is-layout-constrained wp-block-group-is-layout-constrained\" style=\"margin-top:0;margin-bottom:0;padding-top:var(--wp--preset--spacing--70);padding-bottom:var(--wp--preset--spacing--70)\">\n<div class=\"wp-block-columns alignwide is-layout-flex wp-container-core-columns-is-layout-d125203f wp-block-columns-is-layout-flex\" style=\"margin-bottom:var(--wp--preset--spacing--50)\">\n<div class=\"wp-block-column is-vertically-aligned-stretch is-layout-flow wp-block-column-is-layout-flow\" style=\"padding-right:0;flex-basis:50%\">\n<div class=\"wp-block-group is-vertical is-content-justification-stretch is-layout-flex wp-container-core-group-is-layout-e9e70883 wp-block-group-is-layout-flex\" style=\"min-height:100%\">\n<div class=\"wp-block-group post-categories is-nowrap is-layout-flex wp-container-core-group-is-layout-3155b93e wp-block-group-is-layout-flex\" style=\"margin-top:var(--wp--preset--spacing--20);font-size:11px\">\n<p>Revista \/<\/p>\n\n\n<div class=\"taxonomy-category wp-block-post-terms\"><a href=\"https:\/\/berti.net\/es\/magazine\/category\/proyectos\/\" rel=\"tag\">Proyectos<\/a><span class=\"wp-block-post-terms__separator\">, <\/span><a href=\"https:\/\/berti.net\/es\/magazine\/category\/productos\/\" rel=\"tag\">Productos<\/a><\/div><\/div>\n\n\n<div style=\"font-style:normal;font-weight:600;text-transform:uppercase;\" class=\"has-link-color wp-elements-32859cd979b45056895d81c5660c23a0 wp-block-post-date has-text-color has-base-color has-s-font-size\"><time datetime=\"2011-07-05T15:30:14+00:00\">5 July 2011<\/time><\/div>\n\n\n<h1 class=\"wp-block-heading post-title\"><strong>Santo Passaia<\/strong>: un concepto de vida exclusivo<\/h1>\n\n\n\n<h2 class=\"wp-block-heading post-subtitle\" style=\"margin-bottom:var(--wp--preset--spacing--20)\">Dise\u00f1ar ambientes y mobiliario de alto nivel tanto en calidad como en tama\u00f1o, crear interiores irrepetibles pensados para un p\u00fablico nicho, amante de la belleza y el clasicismo, del aut\u00e9ntico &#8221;made in Italy&#8221;. Esta es la misi\u00f3n de <strong>Santo Passaia<\/strong>, una empresa de Verona que lleva sesenta a\u00f1os difundiendo con pasi\u00f3n una filosof\u00eda de vida exclusiva y lujosa, absolutamente distintiva. <\/h2>\n\n\n\n<figure class=\"wp-block-image size-full\"><img loading=\"lazy\" decoding=\"async\" width=\"480\" height=\"720\" src=\"https:\/\/www.berti.net\/wp-content\/uploads\/2011\/07\/santopassaia04.jpg\" alt=\"\" class=\"wp-image-10723\"\/><\/figure>\n\n\n\n<p>Especializada en la creaci\u00f3n de verdaderas &#8221;joyas de ebanister\u00eda&#8221;, de lugares de considerable importancia decorativa y funcional, la empresa siempre ha colaborado con los mejores maestros del dise\u00f1o de interiores (un ejemplo es el arquitecto <strong>Luigi Bruno<\/strong>, inspirador de grandes proyectos), para realizar arquitecturas de interiores adaptadas al gusto personal de quienes las vivir\u00e1n y habitar\u00e1n. Una filosof\u00eda que ante todo propugna el estilo inconfundible y cl\u00e1sico de la<em>&#8221;boiserie en redondo<\/em>&#8221;, expresado y declinado, a menudo modernamente reinterpretado, en cualquier contexto y \u00e1mbito: de la villa privada al interiorismo empresarial, del contract hotelero al sector naval y n\u00e1utico. <\/p>\n\n\n\n<p>En el centro de cada creaci\u00f3n, el proyecto y la construcci\u00f3n: el &#8221;proyecto&#8221; entendido como la creatividad y la imaginaci\u00f3n del dise\u00f1ador para crear ambientes \u00fanicos inspir\u00e1ndose en la gran tradici\u00f3n art\u00edstica y arquitect\u00f3nica italiana; la &#8221;construcci\u00f3n&#8221; o el arte de crear obras originales e inigualables utilizando una materia prima noble y antigua como la madera, trabajada y moldeada mediante la habilidad manual de expertos artesanos y ebanistas, pero tambi\u00e9n mediante t\u00e9cnicas avanzadas y maquinaria de \u00faltima generaci\u00f3n. Precisamente a la luz de este \u00faltimo concepto, la empresa busca siempre colaboraciones fruct\u00edferas con empresas especializadas en el trabajo de la madera, dispuestas a perseguir la excelencia combinando magistralmente los conocimientos artesanales con las tecnolog\u00edas avanzadas, el instinto creativo italiano con una vocaci\u00f3n innata para el desaf\u00edo. <\/p>\n\n\n\n<figure class=\"wp-block-image size-full\"><img loading=\"lazy\" decoding=\"async\" width=\"720\" height=\"479\" src=\"https:\/\/www.berti.net\/wp-content\/uploads\/2011\/07\/santopassaia05.jpg\" alt=\"\" class=\"wp-image-10726\"\/><\/figure>\n\n\n\n<p>En este sentido, y con motivo de la 25\u00aa edici\u00f3n de<strong> Abitare Il Tempo de Verona<\/strong>, Santo Passaia quiso exponer junto con <strong>Berti Pavimenti Legno <\/strong>un importante proyecto, dise\u00f1ado en estrecha sinergia con la plantilla y el departamento t\u00e9cnico de la empresa de Villa del Conte. Se trataba de la presentaci\u00f3n de un sal\u00f3n in\u00e9dito destinado a una residencia de lujo, en el que el suelo, a menudo descuidado por la arquitectura interior moderna, ten\u00eda un papel fundamental: transmitir al usuario la sensaci\u00f3n de belleza y equilibrio de todo el entorno. <\/p>\n<\/div>\n<\/div>\n\n\n\n<div class=\"wp-block-column is-layout-flow wp-container-core-column-is-layout-22223934 wp-block-column-is-layout-flow\" style=\"flex-basis:50%\">\n<p>Espejo perfecto de la estructura del techo, el suelo de madera dise\u00f1ado por Berti deb\u00eda dialogar, en cuanto a forma y dise\u00f1o, con toda la arquitectura circundante, respetando plenamente la simetr\u00eda y las proporciones. Con una superficie total de 65 metros cuadrados, el prestigioso parquet ten\u00eda un fondo de teca sobre el que destacaba, en el centro de la suntuosa sala, una decoraci\u00f3n modelo <strong>Rizzardi<\/strong> con incrustaciones de arce, roble, cabreuva y doussi\u00e9. <\/p>\n\n\n\n<p>Enmarcan esta obra central de gran refinamiento numerosas cenefas modelo Bigli, alternadas con losetas Ghellini de la colecci\u00f3n Disegni. El pavimento, dise\u00f1ado y concretado para el proyecto espec\u00edfico de Santo Passaia, representa una confirmaci\u00f3n m\u00e1s de la capacidad de <strong>Berti<\/strong> para responder con prontitud a las peticiones de los clientes m\u00e1s exigentes, proponiendo un producto que destaca por su absoluta calidad t\u00e9cnica y su alto valor est\u00e9tico. <\/p>\n\n\n\n<figure class=\"wp-block-image size-full\"><img loading=\"lazy\" decoding=\"async\" width=\"480\" height=\"720\" src=\"https:\/\/www.berti.net\/wp-content\/uploads\/2011\/07\/santopassaia03-1.jpg\" alt=\"\" class=\"wp-image-10729\"\/><\/figure>\n<\/div>\n<\/div>\n\n\n\n<div class=\"wp-block-group post-categories has-global-padding is-content-justification-left is-layout-constrained wp-container-core-group-is-layout-836d34cb wp-block-group-is-layout-constrained\" style=\"margin-top:var(--wp--preset--spacing--70);font-size:11px\">\n<div class=\"wp-block-group is-content-justification-center is-nowrap is-layout-flex wp-container-core-group-is-layout-60758a6d wp-block-group-is-layout-flex\">\n<p>Revista \/<\/p>\n\n\n<div class=\"taxonomy-category wp-block-post-terms\"><a href=\"https:\/\/berti.net\/es\/magazine\/category\/proyectos\/\" rel=\"tag\">Proyectos<\/a><span class=\"wp-block-post-terms__separator\">, <\/span><a href=\"https:\/\/berti.net\/es\/magazine\/category\/productos\/\" rel=\"tag\">Productos<\/a><\/div><\/div>\n<\/div>\n<\/div>\n\n<p><\/p>\n","protected":false},"excerpt":{"rendered":"<p>Santo Passaia: dise\u00f1o de ambientes y mobiliario de alta calidad y dimensiones<\/p>\n","protected":false},"author":9,"featured_media":17775,"comment_status":"closed","ping_status":"closed","sticky":false,"template":"","format":"standard","meta":{"footnotes":""},"categories":[142,108],"tags":[],"class_list":["post-17774","post","type-post","status-publish","format-standard","has-post-thumbnail","hentry","category-proyectos","category-productos"],"_links":{"self":[{"href":"https:\/\/berti.net\/es\/wp-json\/wp\/v2\/posts\/17774","targetHints":{"allow":["GET"]}}],"collection":[{"href":"https:\/\/berti.net\/es\/wp-json\/wp\/v2\/posts"}],"about":[{"href":"https:\/\/berti.net\/es\/wp-json\/wp\/v2\/types\/post"}],"author":[{"embeddable":true,"href":"https:\/\/berti.net\/es\/wp-json\/wp\/v2\/users\/9"}],"replies":[{"embeddable":true,"href":"https:\/\/berti.net\/es\/wp-json\/wp\/v2\/comments?post=17774"}],"version-history":[{"count":4,"href":"https:\/\/berti.net\/es\/wp-json\/wp\/v2\/posts\/17774\/revisions"}],"predecessor-version":[{"id":21304,"href":"https:\/\/berti.net\/es\/wp-json\/wp\/v2\/posts\/17774\/revisions\/21304"}],"wp:featuredmedia":[{"embeddable":true,"href":"https:\/\/berti.net\/es\/wp-json\/wp\/v2\/media\/17775"}],"wp:attachment":[{"href":"https:\/\/berti.net\/es\/wp-json\/wp\/v2\/media?parent=17774"}],"wp:term":[{"taxonomy":"category","embeddable":true,"href":"https:\/\/berti.net\/es\/wp-json\/wp\/v2\/categories?post=17774"},{"taxonomy":"post_tag","embeddable":true,"href":"https:\/\/berti.net\/es\/wp-json\/wp\/v2\/tags?post=17774"}],"curies":[{"name":"wp","href":"https:\/\/api.w.org\/{rel}","templated":true}]}}