{"id":17768,"date":"2011-08-01T14:52:27","date_gmt":"2011-08-01T14:52:27","guid":{"rendered":"https:\/\/www.berti.net\/magazine\/el-estudio-fotografico-de-warehouse-13\/"},"modified":"2025-05-19T09:37:37","modified_gmt":"2025-05-19T09:37:37","slug":"el-estudio-fotografico-de-warehouse-13","status":"publish","type":"post","link":"https:\/\/berti.net\/es\/magazine\/el-estudio-fotografico-de-warehouse-13\/","title":{"rendered":"El estudio fotogr\u00e1fico de &#8221;Warehouse 13"},"content":{"rendered":"\n<div class=\"wp-block-group post-detail-pattern is-container has-base-2-color has-contrast-background-color has-text-color has-background has-link-color wp-elements-c0cec5775eee355141cd62acebbf8a53 has-global-padding is-layout-constrained wp-block-group-is-layout-constrained\" style=\"margin-top:0;margin-bottom:0;padding-top:var(--wp--preset--spacing--70);padding-bottom:var(--wp--preset--spacing--70)\">\n<div class=\"wp-block-columns alignwide is-layout-flex wp-container-core-columns-is-layout-d125203f wp-block-columns-is-layout-flex\" style=\"margin-bottom:var(--wp--preset--spacing--50)\">\n<div class=\"wp-block-column is-vertically-aligned-stretch is-layout-flow wp-block-column-is-layout-flow\" style=\"padding-right:0;flex-basis:50%\">\n<div class=\"wp-block-group is-vertical is-content-justification-stretch is-layout-flex wp-container-core-group-is-layout-e9e70883 wp-block-group-is-layout-flex\" style=\"min-height:100%\">\n<div class=\"wp-block-group post-categories is-nowrap is-layout-flex wp-container-core-group-is-layout-3155b93e wp-block-group-is-layout-flex\" style=\"margin-top:var(--wp--preset--spacing--20);font-size:11px\">\n<p>Revista \/<\/p>\n\n\n<div class=\"taxonomy-category wp-block-post-terms\"><a href=\"https:\/\/berti.net\/es\/magazine\/category\/proyectos\/\" rel=\"tag\">Proyectos<\/a><span class=\"wp-block-post-terms__separator\">, <\/span><a href=\"https:\/\/berti.net\/es\/magazine\/category\/productos\/\" rel=\"tag\">Productos<\/a><\/div><\/div>\n\n\n<div style=\"font-style:normal;font-weight:600;text-transform:uppercase;\" class=\"has-link-color wp-elements-32859cd979b45056895d81c5660c23a0 wp-block-post-date has-text-color has-base-color has-s-font-size\"><time datetime=\"2011-08-01T14:52:27+00:00\">1 August 2011<\/time><\/div>\n\n\n<h1 class=\"wp-block-heading post-title\">El estudio fotogr\u00e1fico<strong>de &#8221;Warehouse 13<\/strong><\/h1>\n\n\n\n<h2 class=\"wp-block-heading post-subtitle\" style=\"margin-bottom:var(--wp--preset--spacing--20)\">El departamento <strong>de marketing<\/strong> de Berti nunca se detiene. Los nuevos horizontes son un est\u00edmulo al que no podemos renunciar. La \u00faltima novedad fue la creaci\u00f3n de un estudio fotogr\u00e1fico, <strong>el &#8221;Almac\u00e9n 13&#8243;<\/strong>.<\/h2>\n\n\n\n<p>En este lugar acogemos de vez en cuando a fot\u00f3grafos, directores y estilistas, as\u00ed como a profesionales de la comunicaci\u00f3n, como compradores de arte y creativos. En este espacio, el equipamiento t\u00e9cnico de \u00faltima generaci\u00f3n y la proximidad a la sede nos permiten realizar v\u00eddeos y tutoriales, as\u00ed como tomas de decorados y bodegones. Todo ello de forma r\u00e1pida e inmediata, para presentar a clientes y distribuidores todas las novedades de la gama Berti y Berti Studio. Queremos centrarnos en una <strong>imagen actual<\/strong>, fresca y siempre en evoluci\u00f3n: al ritmo de los gustos y los cambios de los consumidores.   <\/p>\n\n\n\n<figure class=\"wp-block-image size-full\"><img loading=\"lazy\" decoding=\"async\" width=\"800\" height=\"533\" src=\"https:\/\/www.berti.net\/wp-content\/uploads\/2011\/08\/1-1.jpg\" alt=\"\" class=\"wp-image-10669\" srcset=\"https:\/\/berti.net\/wp-content\/uploads\/2011\/08\/1-1.jpg 800w, https:\/\/berti.net\/wp-content\/uploads\/2011\/08\/1-1-768x512.jpg 768w\" sizes=\"auto, (max-width: 800px) 100vw, 800px\" \/><\/figure>\n\n\n\n<p>En este art\u00edculo nos gustar\u00eda mostrarte, a trav\u00e9s de fotos <em>entre bastidores<\/em>, un avance de las tomas realizadas en nuestro estudio &#8221;Almac\u00e9n 13&#8243; para el <strong>nuevo producto Antico Noce<\/strong>.<\/p>\n\n\n\n<figure class=\"wp-block-image size-full\"><img loading=\"lazy\" decoding=\"async\" width=\"800\" height=\"533\" src=\"https:\/\/www.berti.net\/wp-content\/uploads\/2011\/08\/2.jpg\" alt=\"\" class=\"wp-image-10672\" srcset=\"https:\/\/berti.net\/wp-content\/uploads\/2011\/08\/2.jpg 800w, https:\/\/berti.net\/wp-content\/uploads\/2011\/08\/2-768x512.jpg 768w\" sizes=\"auto, (max-width: 800px) 100vw, 800px\" \/><\/figure>\n\n\n\n<p>Creemos que es una buena oportunidad para compartir con vosotros, lectores, el trabajo del grupo que realiz\u00f3 la toma, y llevaros a trav\u00e9s de las diferentes etapas: la preparaci\u00f3n, la iluminaci\u00f3n, el estudio de la composici\u00f3n y, finalmente, la toma. Todos estos momentos condujeron a un resultado que pronto nos complacer\u00e1 compartir contigo. <\/p>\n<\/div>\n<\/div>\n\n\n\n<div class=\"wp-block-column is-layout-flow wp-container-core-column-is-layout-22223934 wp-block-column-is-layout-flow\" style=\"flex-basis:50%\">\n<figure class=\"wp-block-image size-full\"><img loading=\"lazy\" decoding=\"async\" width=\"800\" height=\"533\" src=\"https:\/\/www.berti.net\/wp-content\/uploads\/2011\/08\/3.jpg\" alt=\"\" class=\"wp-image-10675\" srcset=\"https:\/\/berti.net\/wp-content\/uploads\/2011\/08\/3.jpg 800w, https:\/\/berti.net\/wp-content\/uploads\/2011\/08\/3-768x512.jpg 768w\" sizes=\"auto, (max-width: 800px) 100vw, 800px\" \/><\/figure>\n\n\n\n<figure class=\"wp-block-image size-full\"><img loading=\"lazy\" decoding=\"async\" width=\"800\" height=\"533\" src=\"https:\/\/www.berti.net\/wp-content\/uploads\/2011\/08\/5.jpg\" alt=\"\" class=\"wp-image-10678\" srcset=\"https:\/\/berti.net\/wp-content\/uploads\/2011\/08\/5.jpg 800w, https:\/\/berti.net\/wp-content\/uploads\/2011\/08\/5-768x512.jpg 768w\" sizes=\"auto, (max-width: 800px) 100vw, 800px\" \/><\/figure>\n<\/div>\n<\/div>\n\n\n\n<div class=\"wp-block-group post-categories has-global-padding is-content-justification-left is-layout-constrained wp-container-core-group-is-layout-836d34cb wp-block-group-is-layout-constrained\" style=\"margin-top:var(--wp--preset--spacing--70);font-size:11px\">\n<div class=\"wp-block-group is-content-justification-center is-nowrap is-layout-flex wp-container-core-group-is-layout-60758a6d wp-block-group-is-layout-flex\">\n<p>Revista \/<\/p>\n\n\n<div class=\"taxonomy-category wp-block-post-terms\"><a href=\"https:\/\/berti.net\/es\/magazine\/category\/proyectos\/\" rel=\"tag\">Proyectos<\/a><span class=\"wp-block-post-terms__separator\">, <\/span><a href=\"https:\/\/berti.net\/es\/magazine\/category\/productos\/\" rel=\"tag\">Productos<\/a><\/div><\/div>\n<\/div>\n<\/div>\n\n<p><\/p>\n","protected":false},"excerpt":{"rendered":"<p>La \u00faltima novedad fue la creaci\u00f3n de un estudio fotogr\u00e1fico, el &#8221;Almac\u00e9n 13&#8243;.<\/p>\n","protected":false},"author":9,"featured_media":17769,"comment_status":"closed","ping_status":"closed","sticky":false,"template":"","format":"standard","meta":{"footnotes":""},"categories":[142,108],"tags":[],"class_list":["post-17768","post","type-post","status-publish","format-standard","has-post-thumbnail","hentry","category-proyectos","category-productos"],"_links":{"self":[{"href":"https:\/\/berti.net\/es\/wp-json\/wp\/v2\/posts\/17768","targetHints":{"allow":["GET"]}}],"collection":[{"href":"https:\/\/berti.net\/es\/wp-json\/wp\/v2\/posts"}],"about":[{"href":"https:\/\/berti.net\/es\/wp-json\/wp\/v2\/types\/post"}],"author":[{"embeddable":true,"href":"https:\/\/berti.net\/es\/wp-json\/wp\/v2\/users\/9"}],"replies":[{"embeddable":true,"href":"https:\/\/berti.net\/es\/wp-json\/wp\/v2\/comments?post=17768"}],"version-history":[{"count":2,"href":"https:\/\/berti.net\/es\/wp-json\/wp\/v2\/posts\/17768\/revisions"}],"predecessor-version":[{"id":21313,"href":"https:\/\/berti.net\/es\/wp-json\/wp\/v2\/posts\/17768\/revisions\/21313"}],"wp:featuredmedia":[{"embeddable":true,"href":"https:\/\/berti.net\/es\/wp-json\/wp\/v2\/media\/17769"}],"wp:attachment":[{"href":"https:\/\/berti.net\/es\/wp-json\/wp\/v2\/media?parent=17768"}],"wp:term":[{"taxonomy":"category","embeddable":true,"href":"https:\/\/berti.net\/es\/wp-json\/wp\/v2\/categories?post=17768"},{"taxonomy":"post_tag","embeddable":true,"href":"https:\/\/berti.net\/es\/wp-json\/wp\/v2\/tags?post=17768"}],"curies":[{"name":"wp","href":"https:\/\/api.w.org\/{rel}","templated":true}]}}