{"id":17760,"date":"2011-07-02T15:40:50","date_gmt":"2011-07-02T15:40:50","guid":{"rendered":"https:\/\/www.berti.net\/magazine\/johannes-torpe-studios-desde-dinamarca-con-furia\/"},"modified":"2025-05-19T09:37:28","modified_gmt":"2025-05-19T09:37:28","slug":"johannes-torpe-studios-desde-dinamarca-con-furia","status":"publish","type":"post","link":"https:\/\/berti.net\/es\/magazine\/johannes-torpe-studios-desde-dinamarca-con-furia\/","title":{"rendered":"Johannes Torpe Studios: \u00a1desde Dinamarca con furia!"},"content":{"rendered":"\n<div class=\"wp-block-group post-detail-pattern is-container has-base-2-color has-contrast-background-color has-text-color has-background has-link-color wp-elements-be56fcd0ccb7929e06f04aed4d0b80ca has-global-padding is-layout-constrained wp-block-group-is-layout-constrained\" style=\"margin-top:0;margin-bottom:0;padding-top:var(--wp--preset--spacing--70);padding-bottom:var(--wp--preset--spacing--70)\">\n<div class=\"wp-block-columns alignwide is-layout-flex wp-container-core-columns-is-layout-d125203f wp-block-columns-is-layout-flex\" style=\"margin-bottom:var(--wp--preset--spacing--50)\">\n<div class=\"wp-block-column is-vertically-aligned-stretch is-layout-flow wp-block-column-is-layout-flow\" style=\"padding-right:0;flex-basis:50%\">\n<div class=\"wp-block-group is-vertical is-content-justification-stretch is-layout-flex wp-container-core-group-is-layout-e9e70883 wp-block-group-is-layout-flex\" style=\"min-height:100%\">\n<div class=\"wp-block-group post-categories is-nowrap is-layout-flex wp-container-core-group-is-layout-3155b93e wp-block-group-is-layout-flex\" style=\"margin-top:var(--wp--preset--spacing--20);font-size:11px\">\n<p>Revista \/<\/p>\n\n\n<div class=\"taxonomy-category wp-block-post-terms\"><a href=\"https:\/\/berti.net\/es\/magazine\/category\/proyectos\/\" rel=\"tag\">Proyectos<\/a><span class=\"wp-block-post-terms__separator\">, <\/span><a href=\"https:\/\/berti.net\/es\/magazine\/category\/productos\/\" rel=\"tag\">Productos<\/a><\/div><\/div>\n\n\n<div style=\"font-style:normal;font-weight:600;text-transform:uppercase;\" class=\"has-link-color wp-elements-32859cd979b45056895d81c5660c23a0 wp-block-post-date has-text-color has-base-color has-s-font-size\"><time datetime=\"2011-07-02T15:40:50+00:00\">2 July 2011<\/time><\/div>\n\n\n<h1 class=\"wp-block-heading post-title\"><strong>Johannes Torpe Studios<\/strong>: \u00a1desde Dinamarca con furia!<\/h1>\n\n\n\n<h2 class=\"wp-block-heading post-subtitle\" style=\"margin-bottom:var(--wp--preset--spacing--20)\"><strong>Johannes Torpe<\/strong> Studios es el estudio de planificaci\u00f3n y dise\u00f1o fundado por los dos hermanos daneses <strong>Johannes y Rune RK<\/strong>, una extravagante mezcla de dise\u00f1o y m\u00fasica, impregnada tambi\u00e9n de un toque de locura. Muebles y mobiliario, dise\u00f1o industrial. Pero tambi\u00e9n tiendas de moda, restaurantes y discotecas de alta gama: esto es lo que hacen. Entre viaje y viaje de negocios, nos pusimos al d\u00eda con Johannes, que nos cont\u00f3 un poco&#8230;   <\/h2>\n\n\n\n<figure class=\"wp-block-image size-full\"><img loading=\"lazy\" decoding=\"async\" width=\"720\" height=\"482\" src=\"https:\/\/www.berti.net\/wp-content\/uploads\/2011\/07\/johannestorpe01.jpg\" alt=\"\" class=\"wp-image-10737\"\/><\/figure>\n\n\n\n<p><strong>Dise\u00f1o, dise\u00f1o industrial, dise\u00f1o de interiores&#8230; \u00bfQu\u00e9 representan para ti? \u00bfCu\u00e1ndo entraron estas palabras en tu vida? \u00bfEn qu\u00e9 sentido?  <\/strong><\/p>\n\n\n\n<p><em>El dise\u00f1o engloba muchas cosas juntas, el dise\u00f1o es pura creatividad. Y tambi\u00e9n es donde muchas cosas se unen y encuentran un significado, \u00e9se es el concepto m\u00e1s interesante. Si miras un suelo, un jarr\u00f3n, un mueble, al final todo parece un \u00fanico objeto. Pero lo m\u00e1s emocionante es cuando le a\u00f1ades tu creatividad y a trav\u00e9s de ella los objetos encuentran un significado.<br\/>\u00bfMi primera experiencia en dise\u00f1o? \u00bfLa primera vez que entr\u00e9 en este mundo? Cuando era ni\u00f1a, mi madre era pintora, as\u00ed que a menudo ten\u00eda pintura y pinceles en las manos. As\u00ed que, de forma natural, espont\u00e1nea, me pon\u00eda a pintar, a inventar, a dibujar algo. La segunda cosa creativa que hac\u00eda era tocar el viol\u00edn. Y ahora son estas dos cosas las que me siguen acompa\u00f1ando en la vida: ser dise\u00f1adora y tocar m\u00fasica. Cuando me encargan el interiorismo de un restaurante o tengo que dise\u00f1ar una silla, utilizo exactamente el mismo enfoque que con la m\u00fasica o la pintura. Y todo esto es una experiencia diferente cada vez, es un trabajo apasionante que crece y se completa creativamente a medida que lo vivo, a medida que le a\u00f1ado algo m\u00edo.          <\/em><\/p>\n\n\n\n<p><strong>\u00bfPlanificador o dise\u00f1ador? \u00bfInventor? \u00bfC\u00f3mo te gusta llamarte?  <\/strong><\/p>\n\n\n\n<p><em>Creo que soy un &#8221;facilitador&#8221; de sue\u00f1os, un medio a trav\u00e9s del cual se filtran los deseos y luego se realizan. Sin duda soy una buena dise\u00f1adora, pero lo que se me da realmente bien es conocer a otras personas, desenterrar el talento que llevan dentro y sacar lo mejor de ellas. Cuando contrato a alguien en mi estudio siempre es un acto de fe: se trata de confiar en la creatividad de los dem\u00e1s y compartir el sue\u00f1o de lograr algo juntos, algo grande, algo original y \u00fanico. Desde este punto de vista, el hecho de compartir todos estos sue\u00f1os, el hecho de querer hacer realidad cosas fant\u00e1sticas, me lleva a pensar que nuestra fuerza, la fuerza de mi grupo de dise\u00f1adores es precisamente la de ser una verdadera &#8221;f\u00e1brica&#8221; de sue\u00f1os. La uni\u00f3n de varias energ\u00edas, ideas y pensamientos reunidos en una sola mente, para hacer concretos y factibles los sue\u00f1os de la gente.    <\/em><\/p>\n\n\n\n<figure class=\"wp-block-image size-full\"><img loading=\"lazy\" decoding=\"async\" width=\"1772\" height=\"1766\" src=\"https:\/\/www.berti.net\/wp-content\/uploads\/2011\/07\/Johannes-Torpe-Studios-Subu-05.jpg\" alt=\"\" class=\"wp-image-10743\" srcset=\"https:\/\/berti.net\/wp-content\/uploads\/2011\/07\/Johannes-Torpe-Studios-Subu-05.jpg 1772w, https:\/\/berti.net\/wp-content\/uploads\/2011\/07\/Johannes-Torpe-Studios-Subu-05-812x809.jpg 812w, https:\/\/berti.net\/wp-content\/uploads\/2011\/07\/Johannes-Torpe-Studios-Subu-05-406x406.jpg 406w, https:\/\/berti.net\/wp-content\/uploads\/2011\/07\/Johannes-Torpe-Studios-Subu-05-768x765.jpg 768w, https:\/\/berti.net\/wp-content\/uploads\/2011\/07\/Johannes-Torpe-Studios-Subu-05-1536x1531.jpg 1536w\" sizes=\"auto, (max-width: 1772px) 100vw, 1772px\" \/><\/figure>\n\n\n\n<p><strong>\u00bfPor d\u00f3nde empiezas, qu\u00e9 haces cuando tienes que dise\u00f1ar un nuevo espacio, un objeto, un mueble?<\/strong><\/p>\n\n\n\n<p><em>Mi punto de partida son siempre las personas, sus ideas, todo gira en torno a las personas. Si no me gusta la gente con la que trabajo, las personas que me encargan un proyecto o me piden que construya algo, y no consiguen transmitirme el valor que quieren dar al objeto, entonces me cuesta crear algo realmente bueno. Para m\u00ed, la creatividad es sentimiento, relaci\u00f3n, entusiasmo, energ\u00eda positiva, sentimiento. Significa creer en las personas con las que te relacionas, creer en lo que te comunican. \u00c9ste es el punto de partida del que procede toda inspiraci\u00f3n, s\u00f3lo entonces se pueden conseguir cosas maravillosas juntos.    <\/em><\/p>\n\n\n\n<p><strong>\u00bfSiempre trabajas en t\u00e1ndem con tu hermano en los proyectos?<\/strong><\/p>\n\n\n\n<p><em>Depende de la envergadura de la empresa o del proyecto que se nos encomiende. Nuestro estudio de dise\u00f1o se ampl\u00eda cada d\u00eda, cada vez son m\u00e1s los profesionales que colaboran con nosotros. Tenemos varias oficinas en todo el mundo: una en Copenhague, otra en Mil\u00e1n, otra en Nueva York. Y ahora tambi\u00e9n estamos abriendo en Pek\u00edn, Hong Kong&#8230; Para m\u00ed y para mi hermano, lo m\u00e1s importante es seguir haciendo m\u00fasica y dise\u00f1o, estar centrados en lo que hacemos. Mi hermano produce m\u00fasica muy a menudo por su cuenta, y cuando puedo le escucho, grabo&#8230; Dondequiera que estemos no perdemos de vista nuestro trabajo, tanto musicalmente como en t\u00e9rminos de dise\u00f1o.    <\/em><\/p>\n<\/div>\n<\/div>\n\n\n\n<div class=\"wp-block-column is-layout-flow wp-container-core-column-is-layout-22223934 wp-block-column-is-layout-flow\" style=\"flex-basis:50%\">\n<p><strong>\u00bfY la m\u00fasica? \u00bfC\u00f3mo influye en tu inventiva? \u00bfEn tu vida?  <\/strong><\/p>\n\n\n\n<p><em>El concepto es sencillo: para m\u00ed, sin m\u00fasica no hay dise\u00f1o y sin dise\u00f1o no hay m\u00fasica. Existe una conexi\u00f3n directa entre ambos. Y en todo esto, el verdadero reto conmigo mismo y con lo que hago es que siempre tengo que ser capaz de equilibrar ambas cosas.  <\/em><br\/><strong>Un objeto del pasado que representa para ti un verdadero icono del dise\u00f1o&#8230;<\/strong><\/p>\n\n\n\n<p><em>Muchos, no s\u00f3lo uno. Si realmente tengo que elegir, mencionar\u00eda al dise\u00f1ador finland\u00e9s Eero Aarnio y sus famosas piezas de fibra de vidrio. Aunque naci\u00f3 en 1932, sus creaciones siguen siendo incre\u00edblemente contempor\u00e1neas, como la famosa &#8221;Silla Burbuja&#8221; o la mesa en forma de seta &#8221;Champi\u00f1\u00f3n&#8221;. Esta \u00faltima, muy bella y esencial en sus formas, es muy rara de encontrar. Yo tengo una en mi piso de Copenhague, \u00a1quiz\u00e1 tambi\u00e9n por eso me gusta tanto!    <\/em><\/p>\n\n\n\n<figure class=\"wp-block-image size-full\"><img loading=\"lazy\" decoding=\"async\" width=\"1598\" height=\"1593\" src=\"https:\/\/www.berti.net\/wp-content\/uploads\/2011\/07\/Johannes-Torpe-Studios-Subu-11-1.jpg\" alt=\"\" class=\"wp-image-10746\" srcset=\"https:\/\/berti.net\/wp-content\/uploads\/2011\/07\/Johannes-Torpe-Studios-Subu-11-1.jpg 1598w, https:\/\/berti.net\/wp-content\/uploads\/2011\/07\/Johannes-Torpe-Studios-Subu-11-1-812x809.jpg 812w, https:\/\/berti.net\/wp-content\/uploads\/2011\/07\/Johannes-Torpe-Studios-Subu-11-1-406x406.jpg 406w, https:\/\/berti.net\/wp-content\/uploads\/2011\/07\/Johannes-Torpe-Studios-Subu-11-1-768x766.jpg 768w, https:\/\/berti.net\/wp-content\/uploads\/2011\/07\/Johannes-Torpe-Studios-Subu-11-1-1536x1531.jpg 1536w\" sizes=\"auto, (max-width: 1598px) 100vw, 1598px\" \/><\/figure>\n<\/div>\n<\/div>\n\n\n\n<div class=\"wp-block-group post-categories has-global-padding is-content-justification-left is-layout-constrained wp-container-core-group-is-layout-836d34cb wp-block-group-is-layout-constrained\" style=\"margin-top:var(--wp--preset--spacing--70);font-size:11px\">\n<div class=\"wp-block-group is-content-justification-center is-nowrap is-layout-flex wp-container-core-group-is-layout-60758a6d wp-block-group-is-layout-flex\">\n<p>Revista \/<\/p>\n\n\n<div class=\"taxonomy-category wp-block-post-terms\"><a href=\"https:\/\/berti.net\/es\/magazine\/category\/proyectos\/\" rel=\"tag\">Proyectos<\/a><span class=\"wp-block-post-terms__separator\">, <\/span><a href=\"https:\/\/berti.net\/es\/magazine\/category\/productos\/\" rel=\"tag\">Productos<\/a><\/div><\/div>\n<\/div>\n<\/div>\n\n<p><\/p>\n","protected":false},"excerpt":{"rendered":"<p>Johannes Torpe Studios es el estudio de planificaci\u00f3n y dise\u00f1o fundado por los dos hermanos daneses Johannes y Rune RK, una extravagante mezcla de dise\u00f1o y m\u00fasica, impregnada tambi\u00e9n de un toque de locura<\/p>\n","protected":false},"author":9,"featured_media":17761,"comment_status":"closed","ping_status":"closed","sticky":false,"template":"","format":"standard","meta":{"footnotes":""},"categories":[142,108],"tags":[],"class_list":["post-17760","post","type-post","status-publish","format-standard","has-post-thumbnail","hentry","category-proyectos","category-productos"],"_links":{"self":[{"href":"https:\/\/berti.net\/es\/wp-json\/wp\/v2\/posts\/17760","targetHints":{"allow":["GET"]}}],"collection":[{"href":"https:\/\/berti.net\/es\/wp-json\/wp\/v2\/posts"}],"about":[{"href":"https:\/\/berti.net\/es\/wp-json\/wp\/v2\/types\/post"}],"author":[{"embeddable":true,"href":"https:\/\/berti.net\/es\/wp-json\/wp\/v2\/users\/9"}],"replies":[{"embeddable":true,"href":"https:\/\/berti.net\/es\/wp-json\/wp\/v2\/comments?post=17760"}],"version-history":[{"count":2,"href":"https:\/\/berti.net\/es\/wp-json\/wp\/v2\/posts\/17760\/revisions"}],"predecessor-version":[{"id":21298,"href":"https:\/\/berti.net\/es\/wp-json\/wp\/v2\/posts\/17760\/revisions\/21298"}],"wp:featuredmedia":[{"embeddable":true,"href":"https:\/\/berti.net\/es\/wp-json\/wp\/v2\/media\/17761"}],"wp:attachment":[{"href":"https:\/\/berti.net\/es\/wp-json\/wp\/v2\/media?parent=17760"}],"wp:term":[{"taxonomy":"category","embeddable":true,"href":"https:\/\/berti.net\/es\/wp-json\/wp\/v2\/categories?post=17760"},{"taxonomy":"post_tag","embeddable":true,"href":"https:\/\/berti.net\/es\/wp-json\/wp\/v2\/tags?post=17760"}],"curies":[{"name":"wp","href":"https:\/\/api.w.org\/{rel}","templated":true}]}}