{"id":17759,"date":"2011-07-21T15:00:10","date_gmt":"2011-07-21T15:00:10","guid":{"rendered":"https:\/\/www.berti.net\/magazine\/berti-flooring-wood-recibe-la-certificacion-de-cadena-de-custodia\/"},"modified":"2025-05-19T09:37:37","modified_gmt":"2025-05-19T09:37:37","slug":"berti-flooring-wood-recibe-la-certificacion-de-cadena-de-custodia","status":"publish","type":"post","link":"https:\/\/berti.net\/es\/magazine\/berti-flooring-wood-recibe-la-certificacion-de-cadena-de-custodia\/","title":{"rendered":"Berti Flooring Wood recibe la Certificaci\u00f3n de Cadena de Custodia"},"content":{"rendered":"\n<div class=\"wp-block-group post-detail-pattern is-container has-base-2-color has-contrast-background-color has-text-color has-background has-link-color wp-elements-a9869d0df60299269a102318eba0b739 has-global-padding is-layout-constrained wp-block-group-is-layout-constrained\" style=\"margin-top:0;margin-bottom:0;padding-top:var(--wp--preset--spacing--70);padding-bottom:var(--wp--preset--spacing--70)\">\n<div class=\"wp-block-columns alignwide is-layout-flex wp-container-core-columns-is-layout-d125203f wp-block-columns-is-layout-flex\" style=\"margin-bottom:var(--wp--preset--spacing--50)\">\n<div class=\"wp-block-column is-vertically-aligned-stretch is-layout-flow wp-block-column-is-layout-flow\" style=\"padding-right:0;flex-basis:50%\">\n<div class=\"wp-block-group is-vertical is-content-justification-stretch is-layout-flex wp-container-core-group-is-layout-e9e70883 wp-block-group-is-layout-flex\" style=\"min-height:100%\">\n<div class=\"wp-block-group post-categories is-nowrap is-layout-flex wp-container-core-group-is-layout-3155b93e wp-block-group-is-layout-flex\" style=\"margin-top:var(--wp--preset--spacing--20);font-size:11px\">\n<p>Revista \/<\/p>\n\n\n<div class=\"taxonomy-category wp-block-post-terms\"><a href=\"https:\/\/berti.net\/es\/magazine\/category\/proyectos\/\" rel=\"tag\">Proyectos<\/a><span class=\"wp-block-post-terms__separator\">, <\/span><a href=\"https:\/\/berti.net\/es\/magazine\/category\/eventos\/\" rel=\"tag\">Eventos<\/a><span class=\"wp-block-post-terms__separator\">, <\/span><a href=\"https:\/\/berti.net\/es\/magazine\/category\/productos\/\" rel=\"tag\">Productos<\/a><\/div><\/div>\n\n\n<div style=\"font-style:normal;font-weight:600;text-transform:uppercase;\" class=\"has-link-color wp-elements-32859cd979b45056895d81c5660c23a0 wp-block-post-date has-text-color has-base-color has-s-font-size\"><time datetime=\"2011-07-21T15:00:10+00:00\">21 July 2011<\/time><\/div>\n\n\n<h1 class=\"wp-block-heading post-title\"><strong>Berti Flooring Wood<\/strong> recibe <strong>la Certificaci\u00f3n de<\/strong> Cadena de Custodia<\/h1>\n\n\n\n<h2 class=\"wp-block-heading post-subtitle\" style=\"margin-bottom:var(--wp--preset--spacing--20)\">\u00bfQu\u00e9 significa <strong>proteger el medio ambiente<\/strong>? En la \u00faltima d\u00e9cada, la causa medioambiental se ha convertido en una cuesti\u00f3n real a la que el p\u00fablico ha prestado atenci\u00f3n, no s\u00f3lo en t\u00e9rminos de informaci\u00f3n, sino sobre todo para encontrar nuevas soluciones. Existe una conciencia cada vez mayor de que los problemas medioambientales no son algo abstracto y situado en un futuro lejano, sino que son cuestiones que tienen un impacto real en la vida cotidiana.  <\/h2>\n\n\n\n<p><strong>Berti Pavimenti Legno<\/strong> opta por respetar estrictas normas medioambientales, sociales y econ\u00f3micas adhiri\u00e9ndose a la <strong>etiqueta FSC.<\/strong> Esta marca, basada en un sistema de certificaci\u00f3n internacional, identifica los productos que contienen madera procedente \u00fanicamente de bosques gestionados de forma correcta y responsable. <\/p>\n\n\n\n<figure class=\"wp-block-image size-full\"><img loading=\"lazy\" decoding=\"async\" width=\"500\" height=\"825\" src=\"https:\/\/www.berti.net\/wp-content\/uploads\/2011\/07\/ZA_FSC_Berti_11.jpg\" alt=\"\" class=\"wp-image-10684\" srcset=\"https:\/\/berti.net\/wp-content\/uploads\/2011\/07\/ZA_FSC_Berti_11.jpg 500w, https:\/\/berti.net\/wp-content\/uploads\/2011\/07\/ZA_FSC_Berti_11-492x812.jpg 492w\" sizes=\"auto, (max-width: 500px) 100vw, 500px\" \/><\/figure>\n\n\n\n<p>La certificaci\u00f3n FSC no s\u00f3lo supervisa la gesti\u00f3n de los recursos forestales en todo el mundo, sino que tambi\u00e9n prev\u00e9 la certificaci\u00f3n de las empresas que procesan el material certificado a trav\u00e9s de todas las etapas de transformaci\u00f3n y comercializaci\u00f3n de la madera. El <strong>8 de julio de 2011, Berti recibi\u00f3 la certificaci\u00f3n de Cadena de Custodia.<\/strong> La empresa garantiza que dispone de un sistema que permite reconstruir la historia del producto de madera que procesa: desde su origen en los bosques con certificaci\u00f3n PEFC, pasando por todos los pasos posteriores a lo largo del proceso de producci\u00f3n. Se crea as\u00ed una especie de cadena que permite seguir el recorrido de las materias primas y los productos semiacabados (todos con certificaci\u00f3n PEFC) hasta los minoristas, los comerciantes y, por \u00faltimo, el cliente final.  <\/p>\n\n\n\n<p>Enlaces sobre el FSC y el medio ambiente:<br\/><br\/>&#8211; <a href=\"https:\/\/www.berti.net\/#\/ambiente_it_0_4_50.html\" target=\"_blank\" rel=\"noreferrer noopener\">Medio ambiente<\/a><br\/><a href=\"https:\/\/www.berti.net\/#\/faq\/tecniche\/che-cose-la-certificazione-fsc-(forest-stewarship-council)_it_0_5_949.html\" target=\"_blank\" rel=\"noreferrer noopener\">&#8211; \u00bfQu\u00e9 es la certificaci\u00f3n FSC?<\/a><br\/>&#8211; <a href=\"https:\/\/www.berti.net\/#\/faq\/tecniche\/che-cose-la-certificazione-pefc-(programma-per-il-riconoscimento-di-schemi-nazionali-di-certificazione-forestale)_it_0_5_950.html\" target=\"_blank\" rel=\"noreferrer noopener\">\u00bfQu\u00e9 es la certificaci\u00f3n PEFC?<\/a><\/p>\n<\/div>\n<\/div>\n\n\n\n<div class=\"wp-block-column is-layout-flow wp-container-core-column-is-layout-22223934 wp-block-column-is-layout-flow\" style=\"flex-basis:50%\"><\/div>\n<\/div>\n\n\n\n<div class=\"wp-block-group post-categories has-global-padding is-content-justification-left is-layout-constrained wp-container-core-group-is-layout-836d34cb wp-block-group-is-layout-constrained\" style=\"margin-top:var(--wp--preset--spacing--70);font-size:11px\">\n<div class=\"wp-block-group is-content-justification-center is-nowrap is-layout-flex wp-container-core-group-is-layout-60758a6d wp-block-group-is-layout-flex\">\n<p>Revista \/<\/p>\n\n\n<div class=\"taxonomy-category wp-block-post-terms\"><a href=\"https:\/\/berti.net\/es\/magazine\/category\/proyectos\/\" rel=\"tag\">Proyectos<\/a><span class=\"wp-block-post-terms__separator\">, <\/span><a href=\"https:\/\/berti.net\/es\/magazine\/category\/eventos\/\" rel=\"tag\">Eventos<\/a><span class=\"wp-block-post-terms__separator\">, <\/span><a href=\"https:\/\/berti.net\/es\/magazine\/category\/productos\/\" rel=\"tag\">Productos<\/a><\/div><\/div>\n<\/div>\n<\/div>\n\n<p><\/p>\n","protected":false},"excerpt":{"rendered":"<p>Berti Flooring Wood recibe la Certificaci\u00f3n de Cadena de Custodia<\/p>\n","protected":false},"author":9,"featured_media":17762,"comment_status":"closed","ping_status":"closed","sticky":false,"template":"","format":"standard","meta":{"footnotes":""},"categories":[142,143,108],"tags":[],"class_list":["post-17759","post","type-post","status-publish","format-standard","has-post-thumbnail","hentry","category-proyectos","category-eventos","category-productos"],"_links":{"self":[{"href":"https:\/\/berti.net\/es\/wp-json\/wp\/v2\/posts\/17759","targetHints":{"allow":["GET"]}}],"collection":[{"href":"https:\/\/berti.net\/es\/wp-json\/wp\/v2\/posts"}],"about":[{"href":"https:\/\/berti.net\/es\/wp-json\/wp\/v2\/types\/post"}],"author":[{"embeddable":true,"href":"https:\/\/berti.net\/es\/wp-json\/wp\/v2\/users\/9"}],"replies":[{"embeddable":true,"href":"https:\/\/berti.net\/es\/wp-json\/wp\/v2\/comments?post=17759"}],"version-history":[{"count":2,"href":"https:\/\/berti.net\/es\/wp-json\/wp\/v2\/posts\/17759\/revisions"}],"predecessor-version":[{"id":21308,"href":"https:\/\/berti.net\/es\/wp-json\/wp\/v2\/posts\/17759\/revisions\/21308"}],"wp:featuredmedia":[{"embeddable":true,"href":"https:\/\/berti.net\/es\/wp-json\/wp\/v2\/media\/17762"}],"wp:attachment":[{"href":"https:\/\/berti.net\/es\/wp-json\/wp\/v2\/media?parent=17759"}],"wp:term":[{"taxonomy":"category","embeddable":true,"href":"https:\/\/berti.net\/es\/wp-json\/wp\/v2\/categories?post=17759"},{"taxonomy":"post_tag","embeddable":true,"href":"https:\/\/berti.net\/es\/wp-json\/wp\/v2\/tags?post=17759"}],"curies":[{"name":"wp","href":"https:\/\/api.w.org\/{rel}","templated":true}]}}